{"id":201159,"date":"2019-08-21T11:00:04","date_gmt":"2019-08-21T14:00:04","guid":{"rendered":"http:\/\/www.agrund.com\/?p=201159"},"modified":"2019-08-21T10:50:55","modified_gmt":"2019-08-21T13:50:55","slug":"gisele-bundchen-estrela-nova-campanha-de-joias","status":"publish","type":"post","link":"https:\/\/agrund.com\/index.php\/gisele-bundchen-estrela-nova-campanha-de-joias\/","title":{"rendered":"Gisele B\u00fcndchen estrela nova campanha de joias"},"content":{"rendered":"\n<p>Gisele\u00a0B\u00fcndchen\u00a0continua brilhando &#8211; literalmente &#8211; como rosto da Vivara e agora estrela a nova campanha da marca para a \u2018Cole\u00e7\u00e3o Vivara\u2019.\u00a0<\/p>\n\n\n\n<p>Nos cliques de Luigi &amp; Iango, a brasileira posa com sua famosa make \u2018nada\u2019 e os cabelos bagun\u00e7ados, usando as pe\u00e7as minimalistas e super elegantes que trazem detalhes em formato de \u2018V\u2019 formado por pedras, cristais ou at\u00e9 mesmo diferentes texturas do ouro.\u00a0<\/p>\n\n\n\n<p>S\u00e3o braceletes, pulseiras, colares, brincos e an\u00e9is em ouro branco, amarelo e ros\u00e9.\u00a0Confira: <\/p>\n\n\n\n<div class=\"wp-block-image\"><figure class=\"aligncenter\"><img data-attachment-id=\"201160\" data-permalink=\"https:\/\/agrund.com\/index.php\/gisele-bundchen-estrela-nova-campanha-de-joias\/agrund-gisele-bundchen-vivara-icon-jewelry-2\/\" data-orig-file=\"https:\/\/i0.wp.com\/agrund.com\/wp-content\/uploads\/sites\/6\/2019\/08\/agrund-Gisele-Bundchen-Vivara-Icon-Jewelry-2.jpg?fit=600%2C838&amp;ssl=1\" data-orig-size=\"600,838\" data-comments-opened=\"1\" data-image-meta=\"{&quot;aperture&quot;:&quot;0&quot;,&quot;credit&quot;:&quot;&quot;,&quot;camera&quot;:&quot;&quot;,&quot;caption&quot;:&quot;&quot;,&quot;created_timestamp&quot;:&quot;0&quot;,&quot;copyright&quot;:&quot;&quot;,&quot;focal_length&quot;:&quot;0&quot;,&quot;iso&quot;:&quot;0&quot;,&quot;shutter_speed&quot;:&quot;0&quot;,&quot;title&quot;:&quot;&quot;,&quot;orientation&quot;:&quot;1&quot;}\" data-image-title=\"agrund-Gisele-Bundchen-Vivara-Icon-Jewelry-2\" data-image-description=\"\" data-image-caption=\"\" data-medium-file=\"https:\/\/i0.wp.com\/agrund.com\/wp-content\/uploads\/sites\/6\/2019\/08\/agrund-Gisele-Bundchen-Vivara-Icon-Jewelry-2.jpg?fit=215%2C300&amp;ssl=1\" data-large-file=\"https:\/\/i0.wp.com\/agrund.com\/wp-content\/uploads\/sites\/6\/2019\/08\/agrund-Gisele-Bundchen-Vivara-Icon-Jewelry-2.jpg?fit=600%2C838&amp;ssl=1\" decoding=\"async\" loading=\"lazy\" width=\"600\" height=\"838\" src=\"https:\/\/i0.wp.com\/www.agrund.com\/wp-content\/uploads\/sites\/6\/2019\/08\/agrund-Gisele-Bundchen-Vivara-Icon-Jewelry-2.jpg?resize=600%2C838&#038;ssl=1\" alt=\"\" class=\"wp-image-201160\" srcset=\"https:\/\/i0.wp.com\/agrund.com\/wp-content\/uploads\/sites\/6\/2019\/08\/agrund-Gisele-Bundchen-Vivara-Icon-Jewelry-2.jpg?w=600&amp;ssl=1 600w, https:\/\/i0.wp.com\/agrund.com\/wp-content\/uploads\/sites\/6\/2019\/08\/agrund-Gisele-Bundchen-Vivara-Icon-Jewelry-2.jpg?resize=215%2C300&amp;ssl=1 215w\" sizes=\"(max-width: 600px) 100vw, 600px\" data-recalc-dims=\"1\" \/><figcaption>Gisele B\u00fcndchen estrela nova campanha de joias  <\/figcaption><\/figure><\/div>\n\n\n\n<div class=\"wp-block-image\"><figure class=\"aligncenter\"><img data-attachment-id=\"201161\" data-permalink=\"https:\/\/agrund.com\/index.php\/gisele-bundchen-estrela-nova-campanha-de-joias\/agrund-gisele-bundchen-vivara-icon-jewelry\/\" data-orig-file=\"https:\/\/i0.wp.com\/agrund.com\/wp-content\/uploads\/sites\/6\/2019\/08\/agrund-Gisele-Bundchen-Vivara-Icon-Jewelry.jpg?fit=600%2C464&amp;ssl=1\" data-orig-size=\"600,464\" data-comments-opened=\"1\" data-image-meta=\"{&quot;aperture&quot;:&quot;0&quot;,&quot;credit&quot;:&quot;&quot;,&quot;camera&quot;:&quot;&quot;,&quot;caption&quot;:&quot;&quot;,&quot;created_timestamp&quot;:&quot;0&quot;,&quot;copyright&quot;:&quot;&quot;,&quot;focal_length&quot;:&quot;0&quot;,&quot;iso&quot;:&quot;0&quot;,&quot;shutter_speed&quot;:&quot;0&quot;,&quot;title&quot;:&quot;&quot;,&quot;orientation&quot;:&quot;1&quot;}\" data-image-title=\"agrund-Gisele-Bundchen-Vivara-Icon-Jewelry\" data-image-description=\"\" data-image-caption=\"\" data-medium-file=\"https:\/\/i0.wp.com\/agrund.com\/wp-content\/uploads\/sites\/6\/2019\/08\/agrund-Gisele-Bundchen-Vivara-Icon-Jewelry.jpg?fit=300%2C232&amp;ssl=1\" data-large-file=\"https:\/\/i0.wp.com\/agrund.com\/wp-content\/uploads\/sites\/6\/2019\/08\/agrund-Gisele-Bundchen-Vivara-Icon-Jewelry.jpg?fit=600%2C464&amp;ssl=1\" decoding=\"async\" loading=\"lazy\" width=\"600\" height=\"464\" src=\"https:\/\/i0.wp.com\/www.agrund.com\/wp-content\/uploads\/sites\/6\/2019\/08\/agrund-Gisele-Bundchen-Vivara-Icon-Jewelry.jpg?resize=600%2C464&#038;ssl=1\" alt=\"\" class=\"wp-image-201161\" srcset=\"https:\/\/i0.wp.com\/agrund.com\/wp-content\/uploads\/sites\/6\/2019\/08\/agrund-Gisele-Bundchen-Vivara-Icon-Jewelry.jpg?w=600&amp;ssl=1 600w, https:\/\/i0.wp.com\/agrund.com\/wp-content\/uploads\/sites\/6\/2019\/08\/agrund-Gisele-Bundchen-Vivara-Icon-Jewelry.jpg?resize=300%2C232&amp;ssl=1 300w\" sizes=\"(max-width: 600px) 100vw, 600px\" data-recalc-dims=\"1\" \/><figcaption>Gisele B\u00fcndchen estrela nova campanha de joias  <\/figcaption><\/figure><\/div>\n\n\n\n<div class=\"wp-block-image\"><figure class=\"aligncenter\"><img data-attachment-id=\"201162\" data-permalink=\"https:\/\/agrund.com\/index.php\/gisele-bundchen-estrela-nova-campanha-de-joias\/agrund-gisele-bundchen-vivara-icon-jewelry-3\/\" data-orig-file=\"https:\/\/i0.wp.com\/agrund.com\/wp-content\/uploads\/sites\/6\/2019\/08\/agrund-Gisele-Bundchen-Vivara-Icon-Jewelry-3.jpg?fit=600%2C600&amp;ssl=1\" data-orig-size=\"600,600\" data-comments-opened=\"1\" data-image-meta=\"{&quot;aperture&quot;:&quot;0&quot;,&quot;credit&quot;:&quot;&quot;,&quot;camera&quot;:&quot;&quot;,&quot;caption&quot;:&quot;&quot;,&quot;created_timestamp&quot;:&quot;0&quot;,&quot;copyright&quot;:&quot;&quot;,&quot;focal_length&quot;:&quot;0&quot;,&quot;iso&quot;:&quot;0&quot;,&quot;shutter_speed&quot;:&quot;0&quot;,&quot;title&quot;:&quot;&quot;,&quot;orientation&quot;:&quot;1&quot;}\" data-image-title=\"agrund-Gisele-Bundchen-Vivara-Icon-Jewelry-3\" data-image-description=\"\" data-image-caption=\"\" data-medium-file=\"https:\/\/i0.wp.com\/agrund.com\/wp-content\/uploads\/sites\/6\/2019\/08\/agrund-Gisele-Bundchen-Vivara-Icon-Jewelry-3.jpg?fit=300%2C300&amp;ssl=1\" data-large-file=\"https:\/\/i0.wp.com\/agrund.com\/wp-content\/uploads\/sites\/6\/2019\/08\/agrund-Gisele-Bundchen-Vivara-Icon-Jewelry-3.jpg?fit=600%2C600&amp;ssl=1\" decoding=\"async\" loading=\"lazy\" width=\"600\" height=\"600\" src=\"https:\/\/i0.wp.com\/www.agrund.com\/wp-content\/uploads\/sites\/6\/2019\/08\/agrund-Gisele-Bundchen-Vivara-Icon-Jewelry-3.jpg?resize=600%2C600&#038;ssl=1\" alt=\"\" class=\"wp-image-201162\" srcset=\"https:\/\/i0.wp.com\/agrund.com\/wp-content\/uploads\/sites\/6\/2019\/08\/agrund-Gisele-Bundchen-Vivara-Icon-Jewelry-3.jpg?w=600&amp;ssl=1 600w, https:\/\/i0.wp.com\/agrund.com\/wp-content\/uploads\/sites\/6\/2019\/08\/agrund-Gisele-Bundchen-Vivara-Icon-Jewelry-3.jpg?resize=150%2C150&amp;ssl=1 150w, https:\/\/i0.wp.com\/agrund.com\/wp-content\/uploads\/sites\/6\/2019\/08\/agrund-Gisele-Bundchen-Vivara-Icon-Jewelry-3.jpg?resize=300%2C300&amp;ssl=1 300w\" sizes=\"(max-width: 600px) 100vw, 600px\" data-recalc-dims=\"1\" \/><figcaption>Gisele B\u00fcndchen estrela nova campanha de joias  <\/figcaption><\/figure><\/div>\n\n\n\n<p>Fotos: Reprodu\u00e7\u00e3o\/ Vivara. <\/p>\n","protected":false},"excerpt":{"rendered":"<p>Gisele\u00a0B\u00fcndchen\u00a0continua brilhando &#8211; literalmente &#8211; como rosto da Vivara e agora estrela a nova campanha da marca para a \u2018Cole\u00e7\u00e3o Vivara\u2019.\u00a0 Nos cliques de Luigi &amp; Iango, a brasileira posa com sua famosa make \u2018nada\u2019 e os cabelos bagun\u00e7ados, usando as pe\u00e7as minimalistas e super elegantes que trazem detalhes em formato de \u2018V\u2019 formado por [&hellip;]<\/p>\n","protected":false},"author":8,"featured_media":201163,"comment_status":"open","ping_status":"open","sticky":false,"template":"","format":"standard","meta":{"jetpack_post_was_ever_published":false,"_jetpack_newsletter_access":"","jetpack_publicize_message":"","jetpack_is_tweetstorm":false,"jetpack_publicize_feature_enabled":true,"jetpack_social_post_already_shared":true,"jetpack_social_options":{"image_generator_settings":{"template":"highway","enabled":false}}},"categories":[2],"tags":[395,375,390,347,710,253,397,67,701],"jetpack_publicize_connections":[],"jetpack_featured_media_url":"https:\/\/i0.wp.com\/agrund.com\/wp-content\/uploads\/sites\/6\/2019\/08\/s-92.jpg?fit=960%2C300&ssl=1","jetpack_sharing_enabled":true,"jetpack_shortlink":"https:\/\/wp.me\/p3Hz0n-Qkv","jetpack_likes_enabled":true,"_links":{"self":[{"href":"https:\/\/agrund.com\/index.php\/wp-json\/wp\/v2\/posts\/201159"}],"collection":[{"href":"https:\/\/agrund.com\/index.php\/wp-json\/wp\/v2\/posts"}],"about":[{"href":"https:\/\/agrund.com\/index.php\/wp-json\/wp\/v2\/types\/post"}],"author":[{"embeddable":true,"href":"https:\/\/agrund.com\/index.php\/wp-json\/wp\/v2\/users\/8"}],"replies":[{"embeddable":true,"href":"https:\/\/agrund.com\/index.php\/wp-json\/wp\/v2\/comments?post=201159"}],"version-history":[{"count":1,"href":"https:\/\/agrund.com\/index.php\/wp-json\/wp\/v2\/posts\/201159\/revisions"}],"predecessor-version":[{"id":201164,"href":"https:\/\/agrund.com\/index.php\/wp-json\/wp\/v2\/posts\/201159\/revisions\/201164"}],"wp:featuredmedia":[{"embeddable":true,"href":"https:\/\/agrund.com\/index.php\/wp-json\/wp\/v2\/media\/201163"}],"wp:attachment":[{"href":"https:\/\/agrund.com\/index.php\/wp-json\/wp\/v2\/media?parent=201159"}],"wp:term":[{"taxonomy":"category","embeddable":true,"href":"https:\/\/agrund.com\/index.php\/wp-json\/wp\/v2\/categories?post=201159"},{"taxonomy":"post_tag","embeddable":true,"href":"https:\/\/agrund.com\/index.php\/wp-json\/wp\/v2\/tags?post=201159"}],"curies":[{"name":"wp","href":"https:\/\/api.w.org\/{rel}","templated":true}]}}