{"id":201132,"date":"2019-08-20T13:00:49","date_gmt":"2019-08-20T16:00:49","guid":{"rendered":"http:\/\/www.agrund.com\/?p=201132"},"modified":"2019-08-20T12:19:52","modified_gmt":"2019-08-20T15:19:52","slug":"millie-bobby-brown-lanca-marca-de-cosmeticos","status":"publish","type":"post","link":"https:\/\/agrund.com\/index.php\/millie-bobby-brown-lanca-marca-de-cosmeticos\/","title":{"rendered":"Millie Bobby Brown lan\u00e7a marca de cosm\u00e9ticos"},"content":{"rendered":"\n<p>Depois de assinar algumas cole\u00e7\u00f5es de roupas e cal\u00e7ados, Millie Bobby Brown se prepara para lan\u00e7ar uma marca pr\u00f3pria de beleza.\u00a0<\/p>\n\n\n\n<p>Chamada Florence by Mills, ela foi desenvolvida para o p\u00fablico jovem da mesma faixa et\u00e1ria da atriz e inclui produtos de skincare e maquiagem, como m\u00e1scaras de gel para olhos, tint e \u00e1gua termal. Tudo certificado pelo PETA, cruelty-free e veganos. Super bacana, n\u00e3o \u00e9 mesmo?\u00a0<\/p>\n\n\n\n<p>&#8220;Vivo sentada em uma cadeira de maquiagem desde que tinha 10, 11 anos, e desde ent\u00e3o tive contato com todos os tipos de produtos. Acho que nunca consegui achar algo que gostava de passar no rosto e desse uma boa sensa\u00e7\u00e3o. Queria entrar neste espa\u00e7o porque havia uma lacuna no mercado para o p\u00fablico jovem&#8221;, explicou Millie ao WWD.\u00a0<\/p>\n\n\n\n<p>Por enquanto a marca ser\u00e1 vendida apenas na Boots, Ulta Beauty e em seu e-commerce com pre\u00e7os que ir\u00e3o variar entre US$10 e US$34.\u00a0<\/p>\n\n\n\n<div class=\"wp-block-image\"><figure class=\"aligncenter\"><img data-attachment-id=\"201133\" data-permalink=\"https:\/\/agrund.com\/index.php\/millie-bobby-brown-lanca-marca-de-cosmeticos\/agrund-milli-bobby-brown\/\" data-orig-file=\"https:\/\/i0.wp.com\/agrund.com\/wp-content\/uploads\/sites\/6\/2019\/08\/agrund-milli-bobby-brown.jpg?fit=550%2C371&amp;ssl=1\" data-orig-size=\"550,371\" data-comments-opened=\"1\" data-image-meta=\"{&quot;aperture&quot;:&quot;0&quot;,&quot;credit&quot;:&quot;&quot;,&quot;camera&quot;:&quot;&quot;,&quot;caption&quot;:&quot;&quot;,&quot;created_timestamp&quot;:&quot;0&quot;,&quot;copyright&quot;:&quot;&quot;,&quot;focal_length&quot;:&quot;0&quot;,&quot;iso&quot;:&quot;0&quot;,&quot;shutter_speed&quot;:&quot;0&quot;,&quot;title&quot;:&quot;&quot;,&quot;orientation&quot;:&quot;1&quot;}\" data-image-title=\"agrund-milli-bobby-brown\" data-image-description=\"\" data-image-caption=\"\" data-medium-file=\"https:\/\/i0.wp.com\/agrund.com\/wp-content\/uploads\/sites\/6\/2019\/08\/agrund-milli-bobby-brown.jpg?fit=300%2C202&amp;ssl=1\" data-large-file=\"https:\/\/i0.wp.com\/agrund.com\/wp-content\/uploads\/sites\/6\/2019\/08\/agrund-milli-bobby-brown.jpg?fit=550%2C371&amp;ssl=1\" decoding=\"async\" loading=\"lazy\" width=\"550\" height=\"371\" src=\"https:\/\/i0.wp.com\/www.agrund.com\/wp-content\/uploads\/sites\/6\/2019\/08\/agrund-milli-bobby-brown.jpg?resize=550%2C371&#038;ssl=1\" alt=\"\" class=\"wp-image-201133\" srcset=\"https:\/\/i0.wp.com\/agrund.com\/wp-content\/uploads\/sites\/6\/2019\/08\/agrund-milli-bobby-brown.jpg?w=550&amp;ssl=1 550w, https:\/\/i0.wp.com\/agrund.com\/wp-content\/uploads\/sites\/6\/2019\/08\/agrund-milli-bobby-brown.jpg?resize=300%2C202&amp;ssl=1 300w\" sizes=\"(max-width: 550px) 100vw, 550px\" data-recalc-dims=\"1\" \/><figcaption>Millie Bobby Brown lan\u00e7a marca de cosm\u00e9ticos <\/figcaption><\/figure><\/div>\n\n\n\n<p>Foto: Reprodu\u00e7\u00e3o\/ Florence by Mills. <\/p>\n","protected":false},"excerpt":{"rendered":"<p>Depois de assinar algumas cole\u00e7\u00f5es de roupas e cal\u00e7ados, Millie Bobby Brown se prepara para lan\u00e7ar uma marca pr\u00f3pria de beleza.\u00a0 Chamada Florence by Mills, ela foi desenvolvida para o p\u00fablico jovem da mesma faixa et\u00e1ria da atriz e inclui produtos de skincare e maquiagem, como m\u00e1scaras de gel para olhos, tint e \u00e1gua termal. [&hellip;]<\/p>\n","protected":false},"author":8,"featured_media":201134,"comment_status":"open","ping_status":"open","sticky":false,"template":"","format":"standard","meta":{"jetpack_post_was_ever_published":false,"_jetpack_newsletter_access":"","jetpack_publicize_message":"","jetpack_is_tweetstorm":false,"jetpack_publicize_feature_enabled":true,"jetpack_social_post_already_shared":true,"jetpack_social_options":{"image_generator_settings":{"template":"highway","enabled":false}}},"categories":[2],"tags":[395,375,353,352,705,367],"jetpack_publicize_connections":[],"jetpack_featured_media_url":"https:\/\/i0.wp.com\/agrund.com\/wp-content\/uploads\/sites\/6\/2019\/08\/s-88.jpg?fit=960%2C300&ssl=1","jetpack_sharing_enabled":true,"jetpack_shortlink":"https:\/\/wp.me\/p3Hz0n-Qk4","jetpack_likes_enabled":true,"_links":{"self":[{"href":"https:\/\/agrund.com\/index.php\/wp-json\/wp\/v2\/posts\/201132"}],"collection":[{"href":"https:\/\/agrund.com\/index.php\/wp-json\/wp\/v2\/posts"}],"about":[{"href":"https:\/\/agrund.com\/index.php\/wp-json\/wp\/v2\/types\/post"}],"author":[{"embeddable":true,"href":"https:\/\/agrund.com\/index.php\/wp-json\/wp\/v2\/users\/8"}],"replies":[{"embeddable":true,"href":"https:\/\/agrund.com\/index.php\/wp-json\/wp\/v2\/comments?post=201132"}],"version-history":[{"count":1,"href":"https:\/\/agrund.com\/index.php\/wp-json\/wp\/v2\/posts\/201132\/revisions"}],"predecessor-version":[{"id":201135,"href":"https:\/\/agrund.com\/index.php\/wp-json\/wp\/v2\/posts\/201132\/revisions\/201135"}],"wp:featuredmedia":[{"embeddable":true,"href":"https:\/\/agrund.com\/index.php\/wp-json\/wp\/v2\/media\/201134"}],"wp:attachment":[{"href":"https:\/\/agrund.com\/index.php\/wp-json\/wp\/v2\/media?parent=201132"}],"wp:term":[{"taxonomy":"category","embeddable":true,"href":"https:\/\/agrund.com\/index.php\/wp-json\/wp\/v2\/categories?post=201132"},{"taxonomy":"post_tag","embeddable":true,"href":"https:\/\/agrund.com\/index.php\/wp-json\/wp\/v2\/tags?post=201132"}],"curies":[{"name":"wp","href":"https:\/\/api.w.org\/{rel}","templated":true}]}}