{"id":201128,"date":"2019-08-20T17:00:10","date_gmt":"2019-08-20T20:00:10","guid":{"rendered":"http:\/\/www.agrund.com\/?p=201128"},"modified":"2019-08-20T12:07:26","modified_gmt":"2019-08-20T15:07:26","slug":"look-do-dia-um-toque-dos-anos-50","status":"publish","type":"post","link":"https:\/\/agrund.com\/index.php\/look-do-dia-um-toque-dos-anos-50\/","title":{"rendered":"Look do Dia :: Um toque dos anos 50"},"content":{"rendered":"\n<p>De ontem (19) para o &#8216;Esquadr\u00e3o da Moda&#8217;\u00a0misturando os anos 50 com os tempos atuais. O resultado \u00e9 moderno e contempor\u00e2neo! Styling de Fabio Paiva e Murilo Mahler. Gostaram? <\/p>\n\n\n\n<p>Camisa Ricardo Almeida<\/p>\n\n\n\n<p>Jaqueta Vicunha T\u00eaxtil <\/p>\n\n\n\n<p>Cal\u00e7a e Botas Gucci<\/p>\n\n\n\n<div class=\"wp-block-image\"><figure class=\"aligncenter\"><img data-attachment-id=\"201129\" data-permalink=\"https:\/\/agrund.com\/index.php\/look-do-dia-um-toque-dos-anos-50\/look-arlindo-grund-1\/\" data-orig-file=\"https:\/\/i0.wp.com\/agrund.com\/wp-content\/uploads\/sites\/6\/2019\/08\/look-arlindo-grund-1.jpg?fit=550%2C643&amp;ssl=1\" data-orig-size=\"550,643\" data-comments-opened=\"1\" data-image-meta=\"{&quot;aperture&quot;:&quot;0&quot;,&quot;credit&quot;:&quot;&quot;,&quot;camera&quot;:&quot;&quot;,&quot;caption&quot;:&quot;&quot;,&quot;created_timestamp&quot;:&quot;0&quot;,&quot;copyright&quot;:&quot;&quot;,&quot;focal_length&quot;:&quot;0&quot;,&quot;iso&quot;:&quot;0&quot;,&quot;shutter_speed&quot;:&quot;0&quot;,&quot;title&quot;:&quot;&quot;,&quot;orientation&quot;:&quot;1&quot;}\" data-image-title=\"look-arlindo-grund-1\" data-image-description=\"\" data-image-caption=\"\" data-medium-file=\"https:\/\/i0.wp.com\/agrund.com\/wp-content\/uploads\/sites\/6\/2019\/08\/look-arlindo-grund-1.jpg?fit=257%2C300&amp;ssl=1\" data-large-file=\"https:\/\/i0.wp.com\/agrund.com\/wp-content\/uploads\/sites\/6\/2019\/08\/look-arlindo-grund-1.jpg?fit=550%2C643&amp;ssl=1\" decoding=\"async\" loading=\"lazy\" width=\"550\" height=\"643\" src=\"https:\/\/i0.wp.com\/www.agrund.com\/wp-content\/uploads\/sites\/6\/2019\/08\/look-arlindo-grund-1.jpg?resize=550%2C643&#038;ssl=1\" alt=\"\" class=\"wp-image-201129\" srcset=\"https:\/\/i0.wp.com\/agrund.com\/wp-content\/uploads\/sites\/6\/2019\/08\/look-arlindo-grund-1.jpg?w=550&amp;ssl=1 550w, https:\/\/i0.wp.com\/agrund.com\/wp-content\/uploads\/sites\/6\/2019\/08\/look-arlindo-grund-1.jpg?resize=257%2C300&amp;ssl=1 257w\" sizes=\"(max-width: 550px) 100vw, 550px\" data-recalc-dims=\"1\" \/><figcaption>Look do Dia :: Um toque dos anos 50<\/figcaption><\/figure><\/div>\n\n\n\n<p>Foto: Agrund.com <\/p>\n\n\n\n<p><\/p>\n","protected":false},"excerpt":{"rendered":"<p>De ontem (19) para o &#8216;Esquadr\u00e3o da Moda&#8217;\u00a0misturando os anos 50 com os tempos atuais. O resultado \u00e9 moderno e contempor\u00e2neo! Styling de Fabio Paiva e Murilo Mahler. Gostaram? Camisa Ricardo Almeida Jaqueta Vicunha T\u00eaxtil Cal\u00e7a e Botas Gucci Foto: Agrund.com<\/p>\n","protected":false},"author":8,"featured_media":201130,"comment_status":"open","ping_status":"open","sticky":false,"template":"","format":"standard","meta":{"jetpack_post_was_ever_published":false,"_jetpack_newsletter_access":"","jetpack_publicize_message":"","jetpack_is_tweetstorm":false,"jetpack_publicize_feature_enabled":true,"jetpack_social_post_already_shared":true,"jetpack_social_options":{"image_generator_settings":{"template":"highway","enabled":false}}},"categories":[346,7,2],"tags":[395,375,347,72,379,380,524,67,148],"jetpack_publicize_connections":[],"jetpack_featured_media_url":"https:\/\/i0.wp.com\/agrund.com\/wp-content\/uploads\/sites\/6\/2019\/08\/s-87.jpg?fit=960%2C300&ssl=1","jetpack_sharing_enabled":true,"jetpack_shortlink":"https:\/\/wp.me\/p3Hz0n-Qk0","jetpack_likes_enabled":true,"_links":{"self":[{"href":"https:\/\/agrund.com\/index.php\/wp-json\/wp\/v2\/posts\/201128"}],"collection":[{"href":"https:\/\/agrund.com\/index.php\/wp-json\/wp\/v2\/posts"}],"about":[{"href":"https:\/\/agrund.com\/index.php\/wp-json\/wp\/v2\/types\/post"}],"author":[{"embeddable":true,"href":"https:\/\/agrund.com\/index.php\/wp-json\/wp\/v2\/users\/8"}],"replies":[{"embeddable":true,"href":"https:\/\/agrund.com\/index.php\/wp-json\/wp\/v2\/comments?post=201128"}],"version-history":[{"count":1,"href":"https:\/\/agrund.com\/index.php\/wp-json\/wp\/v2\/posts\/201128\/revisions"}],"predecessor-version":[{"id":201131,"href":"https:\/\/agrund.com\/index.php\/wp-json\/wp\/v2\/posts\/201128\/revisions\/201131"}],"wp:featuredmedia":[{"embeddable":true,"href":"https:\/\/agrund.com\/index.php\/wp-json\/wp\/v2\/media\/201130"}],"wp:attachment":[{"href":"https:\/\/agrund.com\/index.php\/wp-json\/wp\/v2\/media?parent=201128"}],"wp:term":[{"taxonomy":"category","embeddable":true,"href":"https:\/\/agrund.com\/index.php\/wp-json\/wp\/v2\/categories?post=201128"},{"taxonomy":"post_tag","embeddable":true,"href":"https:\/\/agrund.com\/index.php\/wp-json\/wp\/v2\/tags?post=201128"}],"curies":[{"name":"wp","href":"https:\/\/api.w.org\/{rel}","templated":true}]}}