{"id":201108,"date":"2019-08-20T11:00:27","date_gmt":"2019-08-20T14:00:27","guid":{"rendered":"http:\/\/www.agrund.com\/?p=201108"},"modified":"2019-08-20T10:50:48","modified_gmt":"2019-08-20T13:50:48","slug":"halsey-e-o-novo-rosto-da-dkny","status":"publish","type":"post","link":"https:\/\/agrund.com\/index.php\/halsey-e-o-novo-rosto-da-dkny\/","title":{"rendered":"Halsey \u00e9 o novo rosto da DKNY"},"content":{"rendered":"\n<p>A DKNY est\u00e1 celebrando 30 anos e para fazer isso em grande estilo a marca acaba de nomear Halsey como sua nova garota-propaganda.\u00a0<\/p>\n\n\n\n<p>Fotografada por Amy Troost, a cantora estrela a campanha outono\/inverno 2019 da grife em uma s\u00e9rie de imagens P&amp;B. Entre os looks, vemos uma mistura de refer\u00eancias super atuais das tend\u00eancias street, sportswear, alfaiataria e jeans casual. Tem para todos os gostos, sim!\u00a0<\/p>\n\n\n\n<p>&#8220;A DKNY \u00e9 o esp\u00edrito de Nova York. Eles dizem que uma abelha morre quando vai muito longe de sua colmeia. A DKNY mant\u00e9m minha casa dentro do meu cora\u00e7\u00e3o e a m\u00e1gica na minha mente. \u00c9 uma honra fazer parte do anivers\u00e1rio de 30 anos&#8221;, declarou Halsey.\u00a0<\/p>\n\n\n\n<p>Veja o resultado na galeria abaixo:\u00a0<\/p>\n\n\n\n<div class=\"wp-block-image\"><figure class=\"aligncenter\"><img data-attachment-id=\"201109\" data-permalink=\"https:\/\/agrund.com\/index.php\/halsey-e-o-novo-rosto-da-dkny\/agrund-halsey-dkny-fall-2019-2\/\" data-orig-file=\"https:\/\/i0.wp.com\/agrund.com\/wp-content\/uploads\/sites\/6\/2019\/08\/agrund-Halsey-DKNY-Fall-2019-2.jpg?fit=600%2C407&amp;ssl=1\" data-orig-size=\"600,407\" data-comments-opened=\"1\" data-image-meta=\"{&quot;aperture&quot;:&quot;0&quot;,&quot;credit&quot;:&quot;&quot;,&quot;camera&quot;:&quot;&quot;,&quot;caption&quot;:&quot;&quot;,&quot;created_timestamp&quot;:&quot;0&quot;,&quot;copyright&quot;:&quot;&quot;,&quot;focal_length&quot;:&quot;0&quot;,&quot;iso&quot;:&quot;0&quot;,&quot;shutter_speed&quot;:&quot;0&quot;,&quot;title&quot;:&quot;&quot;,&quot;orientation&quot;:&quot;1&quot;}\" data-image-title=\"agrund-Halsey-DKNY-Fall-2019-2\" data-image-description=\"\" data-image-caption=\"\" data-medium-file=\"https:\/\/i0.wp.com\/agrund.com\/wp-content\/uploads\/sites\/6\/2019\/08\/agrund-Halsey-DKNY-Fall-2019-2.jpg?fit=300%2C204&amp;ssl=1\" data-large-file=\"https:\/\/i0.wp.com\/agrund.com\/wp-content\/uploads\/sites\/6\/2019\/08\/agrund-Halsey-DKNY-Fall-2019-2.jpg?fit=600%2C407&amp;ssl=1\" decoding=\"async\" loading=\"lazy\" width=\"600\" height=\"407\" src=\"https:\/\/i0.wp.com\/www.agrund.com\/wp-content\/uploads\/sites\/6\/2019\/08\/agrund-Halsey-DKNY-Fall-2019-2.jpg?resize=600%2C407&#038;ssl=1\" alt=\"\" class=\"wp-image-201109\" srcset=\"https:\/\/i0.wp.com\/agrund.com\/wp-content\/uploads\/sites\/6\/2019\/08\/agrund-Halsey-DKNY-Fall-2019-2.jpg?w=600&amp;ssl=1 600w, https:\/\/i0.wp.com\/agrund.com\/wp-content\/uploads\/sites\/6\/2019\/08\/agrund-Halsey-DKNY-Fall-2019-2.jpg?resize=300%2C204&amp;ssl=1 300w\" sizes=\"(max-width: 600px) 100vw, 600px\" data-recalc-dims=\"1\" \/><figcaption>Halsey \u00e9 o novo rosto da DKNY <\/figcaption><\/figure><\/div>\n\n\n\n<div class=\"wp-block-image\"><figure class=\"aligncenter\"><img data-attachment-id=\"201110\" data-permalink=\"https:\/\/agrund.com\/index.php\/halsey-e-o-novo-rosto-da-dkny\/agrund-halsey-dkny-fall-2019-3\/\" data-orig-file=\"https:\/\/i0.wp.com\/agrund.com\/wp-content\/uploads\/sites\/6\/2019\/08\/agrund-Halsey-DKNY-Fall-2019-3.jpg?fit=600%2C815&amp;ssl=1\" data-orig-size=\"600,815\" data-comments-opened=\"1\" data-image-meta=\"{&quot;aperture&quot;:&quot;0&quot;,&quot;credit&quot;:&quot;&quot;,&quot;camera&quot;:&quot;&quot;,&quot;caption&quot;:&quot;&quot;,&quot;created_timestamp&quot;:&quot;0&quot;,&quot;copyright&quot;:&quot;&quot;,&quot;focal_length&quot;:&quot;0&quot;,&quot;iso&quot;:&quot;0&quot;,&quot;shutter_speed&quot;:&quot;0&quot;,&quot;title&quot;:&quot;&quot;,&quot;orientation&quot;:&quot;1&quot;}\" data-image-title=\"agrund-Halsey-DKNY-Fall-2019-3\" data-image-description=\"\" data-image-caption=\"\" data-medium-file=\"https:\/\/i0.wp.com\/agrund.com\/wp-content\/uploads\/sites\/6\/2019\/08\/agrund-Halsey-DKNY-Fall-2019-3.jpg?fit=221%2C300&amp;ssl=1\" data-large-file=\"https:\/\/i0.wp.com\/agrund.com\/wp-content\/uploads\/sites\/6\/2019\/08\/agrund-Halsey-DKNY-Fall-2019-3.jpg?fit=600%2C815&amp;ssl=1\" decoding=\"async\" loading=\"lazy\" width=\"600\" height=\"815\" src=\"https:\/\/i0.wp.com\/www.agrund.com\/wp-content\/uploads\/sites\/6\/2019\/08\/agrund-Halsey-DKNY-Fall-2019-3.jpg?resize=600%2C815&#038;ssl=1\" alt=\"\" class=\"wp-image-201110\" srcset=\"https:\/\/i0.wp.com\/agrund.com\/wp-content\/uploads\/sites\/6\/2019\/08\/agrund-Halsey-DKNY-Fall-2019-3.jpg?w=600&amp;ssl=1 600w, https:\/\/i0.wp.com\/agrund.com\/wp-content\/uploads\/sites\/6\/2019\/08\/agrund-Halsey-DKNY-Fall-2019-3.jpg?resize=221%2C300&amp;ssl=1 221w\" sizes=\"(max-width: 600px) 100vw, 600px\" data-recalc-dims=\"1\" \/><figcaption>Halsey \u00e9 o novo rosto da DKNY <\/figcaption><\/figure><\/div>\n\n\n\n<div class=\"wp-block-image\"><figure class=\"aligncenter\"><img data-attachment-id=\"201111\" data-permalink=\"https:\/\/agrund.com\/index.php\/halsey-e-o-novo-rosto-da-dkny\/agrund-halsey-dkny-fall-2019-4\/\" data-orig-file=\"https:\/\/i0.wp.com\/agrund.com\/wp-content\/uploads\/sites\/6\/2019\/08\/agrund-Halsey-DKNY-Fall-2019-4.jpg?fit=600%2C815&amp;ssl=1\" data-orig-size=\"600,815\" data-comments-opened=\"1\" data-image-meta=\"{&quot;aperture&quot;:&quot;0&quot;,&quot;credit&quot;:&quot;&quot;,&quot;camera&quot;:&quot;&quot;,&quot;caption&quot;:&quot;&quot;,&quot;created_timestamp&quot;:&quot;0&quot;,&quot;copyright&quot;:&quot;&quot;,&quot;focal_length&quot;:&quot;0&quot;,&quot;iso&quot;:&quot;0&quot;,&quot;shutter_speed&quot;:&quot;0&quot;,&quot;title&quot;:&quot;&quot;,&quot;orientation&quot;:&quot;1&quot;}\" data-image-title=\"agrund-Halsey-DKNY-Fall-2019-4\" data-image-description=\"\" data-image-caption=\"\" data-medium-file=\"https:\/\/i0.wp.com\/agrund.com\/wp-content\/uploads\/sites\/6\/2019\/08\/agrund-Halsey-DKNY-Fall-2019-4.jpg?fit=221%2C300&amp;ssl=1\" data-large-file=\"https:\/\/i0.wp.com\/agrund.com\/wp-content\/uploads\/sites\/6\/2019\/08\/agrund-Halsey-DKNY-Fall-2019-4.jpg?fit=600%2C815&amp;ssl=1\" decoding=\"async\" loading=\"lazy\" width=\"600\" height=\"815\" src=\"https:\/\/i0.wp.com\/www.agrund.com\/wp-content\/uploads\/sites\/6\/2019\/08\/agrund-Halsey-DKNY-Fall-2019-4.jpg?resize=600%2C815&#038;ssl=1\" alt=\"\" class=\"wp-image-201111\" srcset=\"https:\/\/i0.wp.com\/agrund.com\/wp-content\/uploads\/sites\/6\/2019\/08\/agrund-Halsey-DKNY-Fall-2019-4.jpg?w=600&amp;ssl=1 600w, https:\/\/i0.wp.com\/agrund.com\/wp-content\/uploads\/sites\/6\/2019\/08\/agrund-Halsey-DKNY-Fall-2019-4.jpg?resize=221%2C300&amp;ssl=1 221w\" sizes=\"(max-width: 600px) 100vw, 600px\" data-recalc-dims=\"1\" \/><figcaption>Halsey \u00e9 o novo rosto da DKNY <\/figcaption><\/figure><\/div>\n\n\n\n<div class=\"wp-block-image\"><figure class=\"aligncenter\"><img data-attachment-id=\"201112\" data-permalink=\"https:\/\/agrund.com\/index.php\/halsey-e-o-novo-rosto-da-dkny\/agrund-halsey-dkny-fall-2019-6\/\" data-orig-file=\"https:\/\/i0.wp.com\/agrund.com\/wp-content\/uploads\/sites\/6\/2019\/08\/agrund-Halsey-DKNY-Fall-2019-6.jpg?fit=600%2C815&amp;ssl=1\" data-orig-size=\"600,815\" data-comments-opened=\"1\" data-image-meta=\"{&quot;aperture&quot;:&quot;0&quot;,&quot;credit&quot;:&quot;&quot;,&quot;camera&quot;:&quot;&quot;,&quot;caption&quot;:&quot;&quot;,&quot;created_timestamp&quot;:&quot;0&quot;,&quot;copyright&quot;:&quot;&quot;,&quot;focal_length&quot;:&quot;0&quot;,&quot;iso&quot;:&quot;0&quot;,&quot;shutter_speed&quot;:&quot;0&quot;,&quot;title&quot;:&quot;&quot;,&quot;orientation&quot;:&quot;1&quot;}\" data-image-title=\"agrund-Halsey-DKNY-Fall-2019-6\" data-image-description=\"\" data-image-caption=\"\" data-medium-file=\"https:\/\/i0.wp.com\/agrund.com\/wp-content\/uploads\/sites\/6\/2019\/08\/agrund-Halsey-DKNY-Fall-2019-6.jpg?fit=221%2C300&amp;ssl=1\" data-large-file=\"https:\/\/i0.wp.com\/agrund.com\/wp-content\/uploads\/sites\/6\/2019\/08\/agrund-Halsey-DKNY-Fall-2019-6.jpg?fit=600%2C815&amp;ssl=1\" decoding=\"async\" loading=\"lazy\" width=\"600\" height=\"815\" src=\"https:\/\/i0.wp.com\/www.agrund.com\/wp-content\/uploads\/sites\/6\/2019\/08\/agrund-Halsey-DKNY-Fall-2019-6.jpg?resize=600%2C815&#038;ssl=1\" alt=\"\" class=\"wp-image-201112\" srcset=\"https:\/\/i0.wp.com\/agrund.com\/wp-content\/uploads\/sites\/6\/2019\/08\/agrund-Halsey-DKNY-Fall-2019-6.jpg?w=600&amp;ssl=1 600w, https:\/\/i0.wp.com\/agrund.com\/wp-content\/uploads\/sites\/6\/2019\/08\/agrund-Halsey-DKNY-Fall-2019-6.jpg?resize=221%2C300&amp;ssl=1 221w\" sizes=\"(max-width: 600px) 100vw, 600px\" data-recalc-dims=\"1\" \/><figcaption>Halsey \u00e9 o novo rosto da DKNY <\/figcaption><\/figure><\/div>\n\n\n\n<div class=\"wp-block-image\"><figure class=\"aligncenter\"><img data-attachment-id=\"201113\" data-permalink=\"https:\/\/agrund.com\/index.php\/halsey-e-o-novo-rosto-da-dkny\/agrund-halsey-dkny-fall-2019\/\" data-orig-file=\"https:\/\/i0.wp.com\/agrund.com\/wp-content\/uploads\/sites\/6\/2019\/08\/agrund-Halsey-DKNY-Fall-2019.jpg?fit=600%2C407&amp;ssl=1\" data-orig-size=\"600,407\" data-comments-opened=\"1\" data-image-meta=\"{&quot;aperture&quot;:&quot;0&quot;,&quot;credit&quot;:&quot;&quot;,&quot;camera&quot;:&quot;&quot;,&quot;caption&quot;:&quot;&quot;,&quot;created_timestamp&quot;:&quot;0&quot;,&quot;copyright&quot;:&quot;&quot;,&quot;focal_length&quot;:&quot;0&quot;,&quot;iso&quot;:&quot;0&quot;,&quot;shutter_speed&quot;:&quot;0&quot;,&quot;title&quot;:&quot;&quot;,&quot;orientation&quot;:&quot;1&quot;}\" data-image-title=\"agrund-Halsey-DKNY-Fall-2019\" data-image-description=\"\" data-image-caption=\"\" data-medium-file=\"https:\/\/i0.wp.com\/agrund.com\/wp-content\/uploads\/sites\/6\/2019\/08\/agrund-Halsey-DKNY-Fall-2019.jpg?fit=300%2C204&amp;ssl=1\" data-large-file=\"https:\/\/i0.wp.com\/agrund.com\/wp-content\/uploads\/sites\/6\/2019\/08\/agrund-Halsey-DKNY-Fall-2019.jpg?fit=600%2C407&amp;ssl=1\" decoding=\"async\" loading=\"lazy\" width=\"600\" height=\"407\" src=\"https:\/\/i0.wp.com\/www.agrund.com\/wp-content\/uploads\/sites\/6\/2019\/08\/agrund-Halsey-DKNY-Fall-2019.jpg?resize=600%2C407&#038;ssl=1\" alt=\"\" class=\"wp-image-201113\" srcset=\"https:\/\/i0.wp.com\/agrund.com\/wp-content\/uploads\/sites\/6\/2019\/08\/agrund-Halsey-DKNY-Fall-2019.jpg?w=600&amp;ssl=1 600w, https:\/\/i0.wp.com\/agrund.com\/wp-content\/uploads\/sites\/6\/2019\/08\/agrund-Halsey-DKNY-Fall-2019.jpg?resize=300%2C204&amp;ssl=1 300w\" sizes=\"(max-width: 600px) 100vw, 600px\" data-recalc-dims=\"1\" \/><figcaption>Halsey \u00e9 o novo rosto da DKNY <\/figcaption><\/figure><\/div>\n\n\n\n<div class=\"wp-block-image\"><figure class=\"aligncenter\"><img data-attachment-id=\"201114\" data-permalink=\"https:\/\/agrund.com\/index.php\/halsey-e-o-novo-rosto-da-dkny\/agrund-halsey-dkny-fall-2019-7\/\" data-orig-file=\"https:\/\/i0.wp.com\/agrund.com\/wp-content\/uploads\/sites\/6\/2019\/08\/agrund-Halsey-DKNY-Fall-2019-7.jpg?fit=600%2C815&amp;ssl=1\" data-orig-size=\"600,815\" data-comments-opened=\"1\" data-image-meta=\"{&quot;aperture&quot;:&quot;0&quot;,&quot;credit&quot;:&quot;&quot;,&quot;camera&quot;:&quot;&quot;,&quot;caption&quot;:&quot;&quot;,&quot;created_timestamp&quot;:&quot;0&quot;,&quot;copyright&quot;:&quot;&quot;,&quot;focal_length&quot;:&quot;0&quot;,&quot;iso&quot;:&quot;0&quot;,&quot;shutter_speed&quot;:&quot;0&quot;,&quot;title&quot;:&quot;&quot;,&quot;orientation&quot;:&quot;1&quot;}\" data-image-title=\"agrund-Halsey-DKNY-Fall-2019-7\" data-image-description=\"\" data-image-caption=\"\" data-medium-file=\"https:\/\/i0.wp.com\/agrund.com\/wp-content\/uploads\/sites\/6\/2019\/08\/agrund-Halsey-DKNY-Fall-2019-7.jpg?fit=221%2C300&amp;ssl=1\" data-large-file=\"https:\/\/i0.wp.com\/agrund.com\/wp-content\/uploads\/sites\/6\/2019\/08\/agrund-Halsey-DKNY-Fall-2019-7.jpg?fit=600%2C815&amp;ssl=1\" decoding=\"async\" loading=\"lazy\" width=\"600\" height=\"815\" src=\"https:\/\/i0.wp.com\/www.agrund.com\/wp-content\/uploads\/sites\/6\/2019\/08\/agrund-Halsey-DKNY-Fall-2019-7.jpg?resize=600%2C815&#038;ssl=1\" alt=\"\" class=\"wp-image-201114\" srcset=\"https:\/\/i0.wp.com\/agrund.com\/wp-content\/uploads\/sites\/6\/2019\/08\/agrund-Halsey-DKNY-Fall-2019-7.jpg?w=600&amp;ssl=1 600w, https:\/\/i0.wp.com\/agrund.com\/wp-content\/uploads\/sites\/6\/2019\/08\/agrund-Halsey-DKNY-Fall-2019-7.jpg?resize=221%2C300&amp;ssl=1 221w\" sizes=\"(max-width: 600px) 100vw, 600px\" data-recalc-dims=\"1\" \/><figcaption>Halsey \u00e9 o novo rosto da DKNY <\/figcaption><\/figure><\/div>\n\n\n\n<div class=\"wp-block-image\"><figure class=\"aligncenter\"><img data-attachment-id=\"201116\" data-permalink=\"https:\/\/agrund.com\/index.php\/halsey-e-o-novo-rosto-da-dkny\/agrund-halsey-dkny-fall-2019-5\/\" data-orig-file=\"https:\/\/i0.wp.com\/agrund.com\/wp-content\/uploads\/sites\/6\/2019\/08\/agrund-Halsey-DKNY-Fall-2019-5.jpg?fit=600%2C815&amp;ssl=1\" data-orig-size=\"600,815\" data-comments-opened=\"1\" data-image-meta=\"{&quot;aperture&quot;:&quot;0&quot;,&quot;credit&quot;:&quot;&quot;,&quot;camera&quot;:&quot;&quot;,&quot;caption&quot;:&quot;&quot;,&quot;created_timestamp&quot;:&quot;0&quot;,&quot;copyright&quot;:&quot;&quot;,&quot;focal_length&quot;:&quot;0&quot;,&quot;iso&quot;:&quot;0&quot;,&quot;shutter_speed&quot;:&quot;0&quot;,&quot;title&quot;:&quot;&quot;,&quot;orientation&quot;:&quot;1&quot;}\" data-image-title=\"agrund-Halsey-DKNY-Fall-2019-5\" data-image-description=\"\" data-image-caption=\"\" data-medium-file=\"https:\/\/i0.wp.com\/agrund.com\/wp-content\/uploads\/sites\/6\/2019\/08\/agrund-Halsey-DKNY-Fall-2019-5.jpg?fit=221%2C300&amp;ssl=1\" data-large-file=\"https:\/\/i0.wp.com\/agrund.com\/wp-content\/uploads\/sites\/6\/2019\/08\/agrund-Halsey-DKNY-Fall-2019-5.jpg?fit=600%2C815&amp;ssl=1\" decoding=\"async\" loading=\"lazy\" width=\"600\" height=\"815\" src=\"https:\/\/i0.wp.com\/www.agrund.com\/wp-content\/uploads\/sites\/6\/2019\/08\/agrund-Halsey-DKNY-Fall-2019-5.jpg?resize=600%2C815&#038;ssl=1\" alt=\"\" class=\"wp-image-201116\" srcset=\"https:\/\/i0.wp.com\/agrund.com\/wp-content\/uploads\/sites\/6\/2019\/08\/agrund-Halsey-DKNY-Fall-2019-5.jpg?w=600&amp;ssl=1 600w, https:\/\/i0.wp.com\/agrund.com\/wp-content\/uploads\/sites\/6\/2019\/08\/agrund-Halsey-DKNY-Fall-2019-5.jpg?resize=221%2C300&amp;ssl=1 221w\" sizes=\"(max-width: 600px) 100vw, 600px\" data-recalc-dims=\"1\" \/><figcaption>Halsey \u00e9 o novo rosto da DKNY <\/figcaption><\/figure><\/div>\n\n\n\n<p>Fotos: Reprodu\u00e7\u00e3o\/ DKNY. <\/p>\n","protected":false},"excerpt":{"rendered":"<p>A DKNY est\u00e1 celebrando 30 anos e para fazer isso em grande estilo a marca acaba de nomear Halsey como sua nova garota-propaganda.\u00a0 Fotografada por Amy Troost, a cantora estrela a campanha outono\/inverno 2019 da grife em uma s\u00e9rie de imagens P&amp;B. Entre os looks, vemos uma mistura de refer\u00eancias super atuais das tend\u00eancias street, [&hellip;]<\/p>\n","protected":false},"author":8,"featured_media":201117,"comment_status":"open","ping_status":"open","sticky":false,"template":"","format":"standard","meta":{"jetpack_post_was_ever_published":false,"_jetpack_newsletter_access":"","jetpack_publicize_message":"","jetpack_is_tweetstorm":false,"jetpack_publicize_feature_enabled":true,"jetpack_social_post_already_shared":true,"jetpack_social_options":{"image_generator_settings":{"template":"highway","enabled":false}}},"categories":[2],"tags":[395,375,445,390,703,347,704,67],"jetpack_publicize_connections":[],"jetpack_featured_media_url":"https:\/\/i0.wp.com\/agrund.com\/wp-content\/uploads\/sites\/6\/2019\/08\/ss.jpg?fit=960%2C300&ssl=1","jetpack_sharing_enabled":true,"jetpack_shortlink":"https:\/\/wp.me\/p3Hz0n-QjG","jetpack_likes_enabled":true,"_links":{"self":[{"href":"https:\/\/agrund.com\/index.php\/wp-json\/wp\/v2\/posts\/201108"}],"collection":[{"href":"https:\/\/agrund.com\/index.php\/wp-json\/wp\/v2\/posts"}],"about":[{"href":"https:\/\/agrund.com\/index.php\/wp-json\/wp\/v2\/types\/post"}],"author":[{"embeddable":true,"href":"https:\/\/agrund.com\/index.php\/wp-json\/wp\/v2\/users\/8"}],"replies":[{"embeddable":true,"href":"https:\/\/agrund.com\/index.php\/wp-json\/wp\/v2\/comments?post=201108"}],"version-history":[{"count":1,"href":"https:\/\/agrund.com\/index.php\/wp-json\/wp\/v2\/posts\/201108\/revisions"}],"predecessor-version":[{"id":201118,"href":"https:\/\/agrund.com\/index.php\/wp-json\/wp\/v2\/posts\/201108\/revisions\/201118"}],"wp:featuredmedia":[{"embeddable":true,"href":"https:\/\/agrund.com\/index.php\/wp-json\/wp\/v2\/media\/201117"}],"wp:attachment":[{"href":"https:\/\/agrund.com\/index.php\/wp-json\/wp\/v2\/media?parent=201108"}],"wp:term":[{"taxonomy":"category","embeddable":true,"href":"https:\/\/agrund.com\/index.php\/wp-json\/wp\/v2\/categories?post=201108"},{"taxonomy":"post_tag","embeddable":true,"href":"https:\/\/agrund.com\/index.php\/wp-json\/wp\/v2\/tags?post=201108"}],"curies":[{"name":"wp","href":"https:\/\/api.w.org\/{rel}","templated":true}]}}