{"id":201085,"date":"2019-08-19T17:00:38","date_gmt":"2019-08-19T20:00:38","guid":{"rendered":"http:\/\/www.agrund.com\/?p=201085"},"modified":"2019-08-19T17:00:21","modified_gmt":"2019-08-19T20:00:21","slug":"marina-ruy-barbosa-assina-nova-colecao-de-joias","status":"publish","type":"post","link":"https:\/\/agrund.com\/index.php\/marina-ruy-barbosa-assina-nova-colecao-de-joias\/","title":{"rendered":"Marina Ruy Barbosa assina nova cole\u00e7\u00e3o de joias"},"content":{"rendered":"\n<p>A parceria entre a Vivara e Marina Ruy Barbosa acaba de ganhar uma segunda edi\u00e7\u00e3o. Convidada pela joalheria, a atriz desenvolveu sua segunda cole\u00e7\u00e3o de joias, chamada \u201cNight Choices\u201d.\u00a0<\/p>\n\n\n\n<p>Enquanto a primeira tinha motivos florais, a nova foi pensada para a noite, trazendo um design minimalista e super chique.\u00a0<\/p>\n\n\n\n<p>S\u00e3o oito pe\u00e7as\u00a0&#8211; an\u00e9is, brincos, um piercing e um colar &#8211; em prata com banho de r\u00f3dio negro e espin\u00e9lio.\u00a0<\/p>\n\n\n\n<p>A nova cole\u00e7\u00e3o chega dia 21 de agosto nas lojas. Confira as primeiras imagens divulgadas:<\/p>\n\n\n\n<div class=\"wp-block-image\"><figure class=\"aligncenter\"><img data-attachment-id=\"201086\" data-permalink=\"https:\/\/agrund.com\/index.php\/marina-ruy-barbosa-assina-nova-colecao-de-joias\/agrund-marina-ruy-barbosa-8\/\" data-orig-file=\"https:\/\/i0.wp.com\/agrund.com\/wp-content\/uploads\/sites\/6\/2019\/08\/agrund-marina-ruy-barbosa.jpg?fit=600%2C901&amp;ssl=1\" data-orig-size=\"600,901\" data-comments-opened=\"1\" data-image-meta=\"{&quot;aperture&quot;:&quot;0&quot;,&quot;credit&quot;:&quot;&quot;,&quot;camera&quot;:&quot;&quot;,&quot;caption&quot;:&quot;&quot;,&quot;created_timestamp&quot;:&quot;0&quot;,&quot;copyright&quot;:&quot;Thiago Auge Digital Retouching Studio 2018\\u00a9&quot;,&quot;focal_length&quot;:&quot;0&quot;,&quot;iso&quot;:&quot;0&quot;,&quot;shutter_speed&quot;:&quot;0&quot;,&quot;title&quot;:&quot;&quot;,&quot;orientation&quot;:&quot;1&quot;}\" data-image-title=\"agrund-marina-ruy-barbosa\" data-image-description=\"\" data-image-caption=\"\" data-medium-file=\"https:\/\/i0.wp.com\/agrund.com\/wp-content\/uploads\/sites\/6\/2019\/08\/agrund-marina-ruy-barbosa.jpg?fit=200%2C300&amp;ssl=1\" data-large-file=\"https:\/\/i0.wp.com\/agrund.com\/wp-content\/uploads\/sites\/6\/2019\/08\/agrund-marina-ruy-barbosa.jpg?fit=600%2C901&amp;ssl=1\" decoding=\"async\" loading=\"lazy\" width=\"600\" height=\"901\" src=\"https:\/\/i0.wp.com\/www.agrund.com\/wp-content\/uploads\/sites\/6\/2019\/08\/agrund-marina-ruy-barbosa.jpg?resize=600%2C901&#038;ssl=1\" alt=\"\" class=\"wp-image-201086\" srcset=\"https:\/\/i0.wp.com\/agrund.com\/wp-content\/uploads\/sites\/6\/2019\/08\/agrund-marina-ruy-barbosa.jpg?w=600&amp;ssl=1 600w, https:\/\/i0.wp.com\/agrund.com\/wp-content\/uploads\/sites\/6\/2019\/08\/agrund-marina-ruy-barbosa.jpg?resize=200%2C300&amp;ssl=1 200w\" sizes=\"(max-width: 600px) 100vw, 600px\" data-recalc-dims=\"1\" \/><figcaption>Marina Ruy Barbosa assina nova cole\u00e7\u00e3o de joias<\/figcaption><\/figure><\/div>\n\n\n\n<div class=\"wp-block-image\"><figure class=\"aligncenter\"><img data-attachment-id=\"201087\" data-permalink=\"https:\/\/agrund.com\/index.php\/marina-ruy-barbosa-assina-nova-colecao-de-joias\/agrund-marina-ruy-barbosa-2-2\/\" data-orig-file=\"https:\/\/i0.wp.com\/agrund.com\/wp-content\/uploads\/sites\/6\/2019\/08\/agrund-marina-ruy-barbosa-2.jpg?fit=600%2C901&amp;ssl=1\" data-orig-size=\"600,901\" data-comments-opened=\"1\" data-image-meta=\"{&quot;aperture&quot;:&quot;0&quot;,&quot;credit&quot;:&quot;&quot;,&quot;camera&quot;:&quot;&quot;,&quot;caption&quot;:&quot;&quot;,&quot;created_timestamp&quot;:&quot;0&quot;,&quot;copyright&quot;:&quot;Thiago Auge Digital Retouching Studio 2018\\u00a9&quot;,&quot;focal_length&quot;:&quot;0&quot;,&quot;iso&quot;:&quot;0&quot;,&quot;shutter_speed&quot;:&quot;0&quot;,&quot;title&quot;:&quot;&quot;,&quot;orientation&quot;:&quot;1&quot;}\" data-image-title=\"agrund-marina-ruy-barbosa-2\" data-image-description=\"\" data-image-caption=\"\" data-medium-file=\"https:\/\/i0.wp.com\/agrund.com\/wp-content\/uploads\/sites\/6\/2019\/08\/agrund-marina-ruy-barbosa-2.jpg?fit=200%2C300&amp;ssl=1\" data-large-file=\"https:\/\/i0.wp.com\/agrund.com\/wp-content\/uploads\/sites\/6\/2019\/08\/agrund-marina-ruy-barbosa-2.jpg?fit=600%2C901&amp;ssl=1\" decoding=\"async\" loading=\"lazy\" width=\"600\" height=\"901\" src=\"https:\/\/i0.wp.com\/www.agrund.com\/wp-content\/uploads\/sites\/6\/2019\/08\/agrund-marina-ruy-barbosa-2.jpg?resize=600%2C901&#038;ssl=1\" alt=\"\" class=\"wp-image-201087\" srcset=\"https:\/\/i0.wp.com\/agrund.com\/wp-content\/uploads\/sites\/6\/2019\/08\/agrund-marina-ruy-barbosa-2.jpg?w=600&amp;ssl=1 600w, https:\/\/i0.wp.com\/agrund.com\/wp-content\/uploads\/sites\/6\/2019\/08\/agrund-marina-ruy-barbosa-2.jpg?resize=200%2C300&amp;ssl=1 200w\" sizes=\"(max-width: 600px) 100vw, 600px\" data-recalc-dims=\"1\" \/><figcaption>Marina Ruy Barbosa assina nova cole\u00e7\u00e3o de joias<\/figcaption><\/figure><\/div>\n\n\n\n<p>Foto: Reprodu\u00e7\u00e3o\/ Vivara. <\/p>\n","protected":false},"excerpt":{"rendered":"<p>A parceria entre a Vivara e Marina Ruy Barbosa acaba de ganhar uma segunda edi\u00e7\u00e3o. Convidada pela joalheria, a atriz desenvolveu sua segunda cole\u00e7\u00e3o de joias, chamada \u201cNight Choices\u201d.\u00a0 Enquanto a primeira tinha motivos florais, a nova foi pensada para a noite, trazendo um design minimalista e super chique.\u00a0 S\u00e3o oito pe\u00e7as\u00a0&#8211; an\u00e9is, brincos, um [&hellip;]<\/p>\n","protected":false},"author":8,"featured_media":201088,"comment_status":"open","ping_status":"open","sticky":false,"template":"","format":"standard","meta":{"jetpack_post_was_ever_published":false,"_jetpack_newsletter_access":"","jetpack_publicize_message":"","jetpack_is_tweetstorm":false,"jetpack_publicize_feature_enabled":true,"jetpack_social_post_already_shared":true,"jetpack_social_options":{"image_generator_settings":{"template":"highway","enabled":false}}},"categories":[2],"tags":[395,375,347,699,397,700,67,701],"jetpack_publicize_connections":[],"jetpack_featured_media_url":"https:\/\/i0.wp.com\/agrund.com\/wp-content\/uploads\/sites\/6\/2019\/08\/s-85.jpg?fit=960%2C300&ssl=1","jetpack_sharing_enabled":true,"jetpack_shortlink":"https:\/\/wp.me\/p3Hz0n-Qjj","jetpack_likes_enabled":true,"_links":{"self":[{"href":"https:\/\/agrund.com\/index.php\/wp-json\/wp\/v2\/posts\/201085"}],"collection":[{"href":"https:\/\/agrund.com\/index.php\/wp-json\/wp\/v2\/posts"}],"about":[{"href":"https:\/\/agrund.com\/index.php\/wp-json\/wp\/v2\/types\/post"}],"author":[{"embeddable":true,"href":"https:\/\/agrund.com\/index.php\/wp-json\/wp\/v2\/users\/8"}],"replies":[{"embeddable":true,"href":"https:\/\/agrund.com\/index.php\/wp-json\/wp\/v2\/comments?post=201085"}],"version-history":[{"count":1,"href":"https:\/\/agrund.com\/index.php\/wp-json\/wp\/v2\/posts\/201085\/revisions"}],"predecessor-version":[{"id":201089,"href":"https:\/\/agrund.com\/index.php\/wp-json\/wp\/v2\/posts\/201085\/revisions\/201089"}],"wp:featuredmedia":[{"embeddable":true,"href":"https:\/\/agrund.com\/index.php\/wp-json\/wp\/v2\/media\/201088"}],"wp:attachment":[{"href":"https:\/\/agrund.com\/index.php\/wp-json\/wp\/v2\/media?parent=201085"}],"wp:term":[{"taxonomy":"category","embeddable":true,"href":"https:\/\/agrund.com\/index.php\/wp-json\/wp\/v2\/categories?post=201085"},{"taxonomy":"post_tag","embeddable":true,"href":"https:\/\/agrund.com\/index.php\/wp-json\/wp\/v2\/tags?post=201085"}],"curies":[{"name":"wp","href":"https:\/\/api.w.org\/{rel}","templated":true}]}}