{"id":201070,"date":"2019-08-19T11:00:28","date_gmt":"2019-08-19T14:00:28","guid":{"rendered":"http:\/\/www.agrund.com\/?p=201070"},"modified":"2019-08-19T11:19:32","modified_gmt":"2019-08-19T14:19:32","slug":"dua-lipa-estrela-fashion-film-da-ysl-beauty","status":"publish","type":"post","link":"https:\/\/agrund.com\/index.php\/dua-lipa-estrela-fashion-film-da-ysl-beauty\/","title":{"rendered":"Dua Lipa estrela fashion film da YSL Beauty"},"content":{"rendered":"\n<p>Depois de divulgar as primeiras imagens de Dua Lipa na campanha de sua fragr\u00e2ncia &#8216;Libre&#8217; (<a href=\"https:\/\/www.agrund.com\/dua-lipa-e-o-rosto-da-nova-fragrancia-da-ysl-beauty\/\">AQUI<\/a>), a Yves Saint Laurent Beauty tem mais para nos mostrar.\u00a0<\/p>\n\n\n\n<p>A cantora eleva a temperatura em novas fotos e em um fashion film gravado no deserto, no qual o nome da fragr\u00e2ncia aparece pegando fogo. Dua est\u00e1 chiqu\u00e9rrima vestindo um conjunto preto de alfaiataria.\u00a0\u00a0<\/p>\n\n\n\n<p>A fotografia \u00e9 de Nabil Elderkin e voc\u00ea confere na galeria abaixo:\u00a0<\/p>\n\n\n\n<div class=\"wp-block-image\"><figure class=\"aligncenter\"><img data-attachment-id=\"201071\" data-permalink=\"https:\/\/agrund.com\/index.php\/dua-lipa-estrela-fashion-film-da-ysl-beauty\/agrund-dua-lipa-yves-saint-laurent-libre-2\/\" data-orig-file=\"https:\/\/i0.wp.com\/agrund.com\/wp-content\/uploads\/sites\/6\/2019\/08\/agrund-Dua-Lipa-Yves-Saint-Laurent-Libre-2.jpg?fit=600%2C377&amp;ssl=1\" data-orig-size=\"600,377\" data-comments-opened=\"1\" data-image-meta=\"{&quot;aperture&quot;:&quot;0&quot;,&quot;credit&quot;:&quot;&quot;,&quot;camera&quot;:&quot;&quot;,&quot;caption&quot;:&quot;&quot;,&quot;created_timestamp&quot;:&quot;0&quot;,&quot;copyright&quot;:&quot;&quot;,&quot;focal_length&quot;:&quot;0&quot;,&quot;iso&quot;:&quot;0&quot;,&quot;shutter_speed&quot;:&quot;0&quot;,&quot;title&quot;:&quot;&quot;,&quot;orientation&quot;:&quot;1&quot;}\" data-image-title=\"agrund-Dua-Lipa-Yves-Saint-Laurent-Libre-2\" data-image-description=\"\" data-image-caption=\"\" data-medium-file=\"https:\/\/i0.wp.com\/agrund.com\/wp-content\/uploads\/sites\/6\/2019\/08\/agrund-Dua-Lipa-Yves-Saint-Laurent-Libre-2.jpg?fit=300%2C189&amp;ssl=1\" data-large-file=\"https:\/\/i0.wp.com\/agrund.com\/wp-content\/uploads\/sites\/6\/2019\/08\/agrund-Dua-Lipa-Yves-Saint-Laurent-Libre-2.jpg?fit=600%2C377&amp;ssl=1\" decoding=\"async\" loading=\"lazy\" width=\"600\" height=\"377\" src=\"https:\/\/i0.wp.com\/www.agrund.com\/wp-content\/uploads\/sites\/6\/2019\/08\/agrund-Dua-Lipa-Yves-Saint-Laurent-Libre-2.jpg?resize=600%2C377&#038;ssl=1\" alt=\"\" class=\"wp-image-201071\" srcset=\"https:\/\/i0.wp.com\/agrund.com\/wp-content\/uploads\/sites\/6\/2019\/08\/agrund-Dua-Lipa-Yves-Saint-Laurent-Libre-2.jpg?w=600&amp;ssl=1 600w, https:\/\/i0.wp.com\/agrund.com\/wp-content\/uploads\/sites\/6\/2019\/08\/agrund-Dua-Lipa-Yves-Saint-Laurent-Libre-2.jpg?resize=300%2C189&amp;ssl=1 300w\" sizes=\"(max-width: 600px) 100vw, 600px\" data-recalc-dims=\"1\" \/><figcaption>Dua Lipa estrela fashion filme da YSL Beauty <\/figcaption><\/figure><\/div>\n\n\n\n<div class=\"wp-block-image\"><figure class=\"aligncenter\"><img data-attachment-id=\"201072\" data-permalink=\"https:\/\/agrund.com\/index.php\/dua-lipa-estrela-fashion-film-da-ysl-beauty\/agrund-dua-lipa-yves-saint-laurent-libre\/\" data-orig-file=\"https:\/\/i0.wp.com\/agrund.com\/wp-content\/uploads\/sites\/6\/2019\/08\/agrund-Dua-Lipa-Yves-Saint-Laurent-Libre.jpg?fit=600%2C386&amp;ssl=1\" data-orig-size=\"600,386\" data-comments-opened=\"1\" data-image-meta=\"{&quot;aperture&quot;:&quot;0&quot;,&quot;credit&quot;:&quot;&quot;,&quot;camera&quot;:&quot;&quot;,&quot;caption&quot;:&quot;&quot;,&quot;created_timestamp&quot;:&quot;0&quot;,&quot;copyright&quot;:&quot;&quot;,&quot;focal_length&quot;:&quot;0&quot;,&quot;iso&quot;:&quot;0&quot;,&quot;shutter_speed&quot;:&quot;0&quot;,&quot;title&quot;:&quot;&quot;,&quot;orientation&quot;:&quot;1&quot;}\" data-image-title=\"agrund-Dua-Lipa-Yves-Saint-Laurent-Libre\" data-image-description=\"\" data-image-caption=\"\" data-medium-file=\"https:\/\/i0.wp.com\/agrund.com\/wp-content\/uploads\/sites\/6\/2019\/08\/agrund-Dua-Lipa-Yves-Saint-Laurent-Libre.jpg?fit=300%2C193&amp;ssl=1\" data-large-file=\"https:\/\/i0.wp.com\/agrund.com\/wp-content\/uploads\/sites\/6\/2019\/08\/agrund-Dua-Lipa-Yves-Saint-Laurent-Libre.jpg?fit=600%2C386&amp;ssl=1\" decoding=\"async\" loading=\"lazy\" width=\"600\" height=\"386\" src=\"https:\/\/i0.wp.com\/www.agrund.com\/wp-content\/uploads\/sites\/6\/2019\/08\/agrund-Dua-Lipa-Yves-Saint-Laurent-Libre.jpg?resize=600%2C386&#038;ssl=1\" alt=\"\" class=\"wp-image-201072\" srcset=\"https:\/\/i0.wp.com\/agrund.com\/wp-content\/uploads\/sites\/6\/2019\/08\/agrund-Dua-Lipa-Yves-Saint-Laurent-Libre.jpg?w=600&amp;ssl=1 600w, https:\/\/i0.wp.com\/agrund.com\/wp-content\/uploads\/sites\/6\/2019\/08\/agrund-Dua-Lipa-Yves-Saint-Laurent-Libre.jpg?resize=300%2C193&amp;ssl=1 300w\" sizes=\"(max-width: 600px) 100vw, 600px\" data-recalc-dims=\"1\" \/><figcaption>Dua Lipa estrela fashion filme da YSL Beauty <\/figcaption><\/figure><\/div>\n\n\n\n<div class=\"wp-block-image\"><figure class=\"aligncenter\"><img data-attachment-id=\"201073\" data-permalink=\"https:\/\/agrund.com\/index.php\/dua-lipa-estrela-fashion-film-da-ysl-beauty\/agrund-dua-lipa-yves-saint-laurent-libre-3\/\" data-orig-file=\"https:\/\/i0.wp.com\/agrund.com\/wp-content\/uploads\/sites\/6\/2019\/08\/agrund-Dua-Lipa-Yves-Saint-Laurent-Libre-3.jpg?fit=600%2C725&amp;ssl=1\" data-orig-size=\"600,725\" data-comments-opened=\"1\" data-image-meta=\"{&quot;aperture&quot;:&quot;0&quot;,&quot;credit&quot;:&quot;&quot;,&quot;camera&quot;:&quot;&quot;,&quot;caption&quot;:&quot;&quot;,&quot;created_timestamp&quot;:&quot;0&quot;,&quot;copyright&quot;:&quot;&quot;,&quot;focal_length&quot;:&quot;0&quot;,&quot;iso&quot;:&quot;0&quot;,&quot;shutter_speed&quot;:&quot;0&quot;,&quot;title&quot;:&quot;&quot;,&quot;orientation&quot;:&quot;1&quot;}\" data-image-title=\"agrund-Dua-Lipa-Yves-Saint-Laurent-Libre-3\" data-image-description=\"\" data-image-caption=\"\" data-medium-file=\"https:\/\/i0.wp.com\/agrund.com\/wp-content\/uploads\/sites\/6\/2019\/08\/agrund-Dua-Lipa-Yves-Saint-Laurent-Libre-3.jpg?fit=248%2C300&amp;ssl=1\" data-large-file=\"https:\/\/i0.wp.com\/agrund.com\/wp-content\/uploads\/sites\/6\/2019\/08\/agrund-Dua-Lipa-Yves-Saint-Laurent-Libre-3.jpg?fit=600%2C725&amp;ssl=1\" decoding=\"async\" loading=\"lazy\" width=\"600\" height=\"725\" src=\"https:\/\/i0.wp.com\/www.agrund.com\/wp-content\/uploads\/sites\/6\/2019\/08\/agrund-Dua-Lipa-Yves-Saint-Laurent-Libre-3.jpg?resize=600%2C725&#038;ssl=1\" alt=\"\" class=\"wp-image-201073\" srcset=\"https:\/\/i0.wp.com\/agrund.com\/wp-content\/uploads\/sites\/6\/2019\/08\/agrund-Dua-Lipa-Yves-Saint-Laurent-Libre-3.jpg?w=600&amp;ssl=1 600w, https:\/\/i0.wp.com\/agrund.com\/wp-content\/uploads\/sites\/6\/2019\/08\/agrund-Dua-Lipa-Yves-Saint-Laurent-Libre-3.jpg?resize=248%2C300&amp;ssl=1 248w\" sizes=\"(max-width: 600px) 100vw, 600px\" data-recalc-dims=\"1\" \/><figcaption>Dua Lipa estrela fashion filme da YSL Beauty <\/figcaption><\/figure><\/div>\n\n\n\n<figure class=\"wp-block-embed-youtube aligncenter wp-block-embed is-type-video is-provider-youtube wp-embed-aspect-16-9 wp-has-aspect-ratio\"><div class=\"wp-block-embed__wrapper\">\n<span class=\"embed-youtube\" style=\"text-align:center; display: block;\"><iframe loading=\"lazy\" class=\"youtube-player\" width=\"640\" height=\"360\" src=\"https:\/\/www.youtube.com\/embed\/8jJaXBt3eQk?version=3&#038;rel=1&#038;showsearch=0&#038;showinfo=1&#038;iv_load_policy=1&#038;fs=1&#038;hl=pt-BR&#038;autohide=2&#038;wmode=transparent\" allowfullscreen=\"true\" style=\"border:0;\" sandbox=\"allow-scripts allow-same-origin allow-popups allow-presentation\"><\/iframe><\/span>\n<\/div><\/figure>\n\n\n\n<p><\/p>\n\n\n\n<p>Fotos e V\u00eddeo: Reprodu\u00e7\u00e3o\/ YSL Beauty. <\/p>\n","protected":false},"excerpt":{"rendered":"<p>Depois de divulgar as primeiras imagens de Dua Lipa na campanha de sua fragr\u00e2ncia &#8216;Libre&#8217; (AQUI), a Yves Saint Laurent Beauty tem mais para nos mostrar.\u00a0 A cantora eleva a temperatura em novas fotos e em um fashion film gravado no deserto, no qual o nome da fragr\u00e2ncia aparece pegando fogo. Dua est\u00e1 chiqu\u00e9rrima vestindo [&hellip;]<\/p>\n","protected":false},"author":8,"featured_media":201074,"comment_status":"open","ping_status":"open","sticky":false,"template":"","format":"standard","meta":{"jetpack_post_was_ever_published":false,"_jetpack_newsletter_access":"","jetpack_publicize_message":"","jetpack_is_tweetstorm":false,"jetpack_publicize_feature_enabled":true,"jetpack_social_post_already_shared":true,"jetpack_social_options":{"image_generator_settings":{"template":"highway","enabled":false}}},"categories":[2],"tags":[395,375,353,352,696,347,67,602,603,259],"jetpack_publicize_connections":[],"jetpack_featured_media_url":"https:\/\/i0.wp.com\/agrund.com\/wp-content\/uploads\/sites\/6\/2019\/08\/s-83.jpg?fit=960%2C300&ssl=1","jetpack_sharing_enabled":true,"jetpack_shortlink":"https:\/\/wp.me\/p3Hz0n-Qj4","jetpack_likes_enabled":true,"_links":{"self":[{"href":"https:\/\/agrund.com\/index.php\/wp-json\/wp\/v2\/posts\/201070"}],"collection":[{"href":"https:\/\/agrund.com\/index.php\/wp-json\/wp\/v2\/posts"}],"about":[{"href":"https:\/\/agrund.com\/index.php\/wp-json\/wp\/v2\/types\/post"}],"author":[{"embeddable":true,"href":"https:\/\/agrund.com\/index.php\/wp-json\/wp\/v2\/users\/8"}],"replies":[{"embeddable":true,"href":"https:\/\/agrund.com\/index.php\/wp-json\/wp\/v2\/comments?post=201070"}],"version-history":[{"count":1,"href":"https:\/\/agrund.com\/index.php\/wp-json\/wp\/v2\/posts\/201070\/revisions"}],"predecessor-version":[{"id":201075,"href":"https:\/\/agrund.com\/index.php\/wp-json\/wp\/v2\/posts\/201070\/revisions\/201075"}],"wp:featuredmedia":[{"embeddable":true,"href":"https:\/\/agrund.com\/index.php\/wp-json\/wp\/v2\/media\/201074"}],"wp:attachment":[{"href":"https:\/\/agrund.com\/index.php\/wp-json\/wp\/v2\/media?parent=201070"}],"wp:term":[{"taxonomy":"category","embeddable":true,"href":"https:\/\/agrund.com\/index.php\/wp-json\/wp\/v2\/categories?post=201070"},{"taxonomy":"post_tag","embeddable":true,"href":"https:\/\/agrund.com\/index.php\/wp-json\/wp\/v2\/tags?post=201070"}],"curies":[{"name":"wp","href":"https:\/\/api.w.org\/{rel}","templated":true}]}}