{"id":201032,"date":"2019-08-16T13:00:04","date_gmt":"2019-08-16T16:00:04","guid":{"rendered":"http:\/\/www.agrund.com\/?p=201032"},"modified":"2019-08-16T10:33:51","modified_gmt":"2019-08-16T13:33:51","slug":"kylie-jenner-lanca-sua-birthday-collection","status":"publish","type":"post","link":"https:\/\/agrund.com\/index.php\/kylie-jenner-lanca-sua-birthday-collection\/","title":{"rendered":"Kylie Jenner lan\u00e7a sua &#8216;Birthday Collection&#8217;"},"content":{"rendered":"\n<p>Kylie Jenner celebrou seu anivers\u00e1rio de 22 anos na It\u00e1lia &#8211; at\u00e9 mostramos um dos looks <a href=\"https:\/\/www.agrund.com\/kylie-jenner-veste-oscar-de-la-renta-em-seu-aniversario\/\">AQUI<\/a> &#8211; e \u00e9 claro que a data inspirou uma cole\u00e7\u00e3o especial da Kylie Cosmetics.\u00a0<\/p>\n\n\n\n<p>Chamada &#8216;Birthday Collection&#8217;, a nova linha conta com 15 produtos, entre eles paleta de sombras, batons matte, iluminador e delineador. Todos ganharam embalagens com estampas de d\u00f3lares, afinal Kylie se tornou uma a mais jovem bilion\u00e1ria do mundo, n\u00e3o \u00e9 mesmo? (<a href=\"https:\/\/www.agrund.com\/kylie-jenner-e-a-bilionaria-mais-jovem-do-mundo\/\">AQUI<\/a>).\u00a0<\/p>\n\n\n\n<p>Na campanha fotografada por Greg Swales, Kylie veste looks tamb\u00e9m com estampa de notas de d\u00f3lares e cifr\u00f5es. Confira:\u00a0<\/p>\n\n\n\n<div class=\"wp-block-image\"><figure class=\"aligncenter\"><img data-attachment-id=\"201033\" data-permalink=\"https:\/\/agrund.com\/index.php\/kylie-jenner-lanca-sua-birthday-collection\/3-6-2\/\" data-orig-file=\"https:\/\/i0.wp.com\/agrund.com\/wp-content\/uploads\/sites\/6\/2019\/08\/3-6.jpg?fit=600%2C751&amp;ssl=1\" data-orig-size=\"600,751\" data-comments-opened=\"1\" data-image-meta=\"{&quot;aperture&quot;:&quot;0&quot;,&quot;credit&quot;:&quot;&quot;,&quot;camera&quot;:&quot;&quot;,&quot;caption&quot;:&quot;&quot;,&quot;created_timestamp&quot;:&quot;0&quot;,&quot;copyright&quot;:&quot;&quot;,&quot;focal_length&quot;:&quot;0&quot;,&quot;iso&quot;:&quot;0&quot;,&quot;shutter_speed&quot;:&quot;0&quot;,&quot;title&quot;:&quot;&quot;,&quot;orientation&quot;:&quot;1&quot;}\" data-image-title=\"3-6\" data-image-description=\"\" data-image-caption=\"\" data-medium-file=\"https:\/\/i0.wp.com\/agrund.com\/wp-content\/uploads\/sites\/6\/2019\/08\/3-6.jpg?fit=240%2C300&amp;ssl=1\" data-large-file=\"https:\/\/i0.wp.com\/agrund.com\/wp-content\/uploads\/sites\/6\/2019\/08\/3-6.jpg?fit=600%2C751&amp;ssl=1\" decoding=\"async\" loading=\"lazy\" width=\"600\" height=\"751\" src=\"https:\/\/i0.wp.com\/www.agrund.com\/wp-content\/uploads\/sites\/6\/2019\/08\/3-6.jpg?resize=600%2C751&#038;ssl=1\" alt=\"\" class=\"wp-image-201033\" srcset=\"https:\/\/i0.wp.com\/agrund.com\/wp-content\/uploads\/sites\/6\/2019\/08\/3-6.jpg?w=600&amp;ssl=1 600w, https:\/\/i0.wp.com\/agrund.com\/wp-content\/uploads\/sites\/6\/2019\/08\/3-6.jpg?resize=240%2C300&amp;ssl=1 240w\" sizes=\"(max-width: 600px) 100vw, 600px\" data-recalc-dims=\"1\" \/><figcaption>Kylie Jenner lan\u00e7a sua &#8216;Birthday Collection&#8217;<\/figcaption><\/figure><\/div>\n\n\n\n<div class=\"wp-block-image\"><figure class=\"aligncenter\"><img data-attachment-id=\"201034\" data-permalink=\"https:\/\/agrund.com\/index.php\/kylie-jenner-lanca-sua-birthday-collection\/1-9-3\/\" data-orig-file=\"https:\/\/i0.wp.com\/agrund.com\/wp-content\/uploads\/sites\/6\/2019\/08\/1-9.jpg?fit=600%2C750&amp;ssl=1\" data-orig-size=\"600,750\" data-comments-opened=\"1\" data-image-meta=\"{&quot;aperture&quot;:&quot;0&quot;,&quot;credit&quot;:&quot;&quot;,&quot;camera&quot;:&quot;&quot;,&quot;caption&quot;:&quot;&quot;,&quot;created_timestamp&quot;:&quot;0&quot;,&quot;copyright&quot;:&quot;&quot;,&quot;focal_length&quot;:&quot;0&quot;,&quot;iso&quot;:&quot;0&quot;,&quot;shutter_speed&quot;:&quot;0&quot;,&quot;title&quot;:&quot;&quot;,&quot;orientation&quot;:&quot;1&quot;}\" data-image-title=\"1-9\" data-image-description=\"\" data-image-caption=\"\" data-medium-file=\"https:\/\/i0.wp.com\/agrund.com\/wp-content\/uploads\/sites\/6\/2019\/08\/1-9.jpg?fit=240%2C300&amp;ssl=1\" data-large-file=\"https:\/\/i0.wp.com\/agrund.com\/wp-content\/uploads\/sites\/6\/2019\/08\/1-9.jpg?fit=600%2C750&amp;ssl=1\" decoding=\"async\" loading=\"lazy\" width=\"600\" height=\"750\" src=\"https:\/\/i0.wp.com\/www.agrund.com\/wp-content\/uploads\/sites\/6\/2019\/08\/1-9.jpg?resize=600%2C750&#038;ssl=1\" alt=\"\" class=\"wp-image-201034\" srcset=\"https:\/\/i0.wp.com\/agrund.com\/wp-content\/uploads\/sites\/6\/2019\/08\/1-9.jpg?w=600&amp;ssl=1 600w, https:\/\/i0.wp.com\/agrund.com\/wp-content\/uploads\/sites\/6\/2019\/08\/1-9.jpg?resize=240%2C300&amp;ssl=1 240w\" sizes=\"(max-width: 600px) 100vw, 600px\" data-recalc-dims=\"1\" \/><figcaption>Kylie Jenner lan\u00e7a sua &#8216;Birthday Collection&#8217;<\/figcaption><\/figure><\/div>\n\n\n\n<div class=\"wp-block-image\"><figure class=\"aligncenter\"><img data-attachment-id=\"201035\" data-permalink=\"https:\/\/agrund.com\/index.php\/kylie-jenner-lanca-sua-birthday-collection\/2-5-2\/\" data-orig-file=\"https:\/\/i0.wp.com\/agrund.com\/wp-content\/uploads\/sites\/6\/2019\/08\/2-5.jpg?fit=600%2C754&amp;ssl=1\" data-orig-size=\"600,754\" data-comments-opened=\"1\" data-image-meta=\"{&quot;aperture&quot;:&quot;0&quot;,&quot;credit&quot;:&quot;&quot;,&quot;camera&quot;:&quot;&quot;,&quot;caption&quot;:&quot;&quot;,&quot;created_timestamp&quot;:&quot;0&quot;,&quot;copyright&quot;:&quot;&quot;,&quot;focal_length&quot;:&quot;0&quot;,&quot;iso&quot;:&quot;0&quot;,&quot;shutter_speed&quot;:&quot;0&quot;,&quot;title&quot;:&quot;&quot;,&quot;orientation&quot;:&quot;1&quot;}\" data-image-title=\"2-5\" data-image-description=\"\" data-image-caption=\"\" data-medium-file=\"https:\/\/i0.wp.com\/agrund.com\/wp-content\/uploads\/sites\/6\/2019\/08\/2-5.jpg?fit=239%2C300&amp;ssl=1\" data-large-file=\"https:\/\/i0.wp.com\/agrund.com\/wp-content\/uploads\/sites\/6\/2019\/08\/2-5.jpg?fit=600%2C754&amp;ssl=1\" decoding=\"async\" loading=\"lazy\" width=\"600\" height=\"754\" src=\"https:\/\/i0.wp.com\/www.agrund.com\/wp-content\/uploads\/sites\/6\/2019\/08\/2-5.jpg?resize=600%2C754&#038;ssl=1\" alt=\"\" class=\"wp-image-201035\" srcset=\"https:\/\/i0.wp.com\/agrund.com\/wp-content\/uploads\/sites\/6\/2019\/08\/2-5.jpg?w=600&amp;ssl=1 600w, https:\/\/i0.wp.com\/agrund.com\/wp-content\/uploads\/sites\/6\/2019\/08\/2-5.jpg?resize=239%2C300&amp;ssl=1 239w\" sizes=\"(max-width: 600px) 100vw, 600px\" data-recalc-dims=\"1\" \/><figcaption>Kylie Jenner lan\u00e7a sua &#8216;Birthday Collection&#8217;<\/figcaption><\/figure><\/div>\n\n\n\n<figure class=\"wp-block-image\"><img data-attachment-id=\"201036\" data-permalink=\"https:\/\/agrund.com\/index.php\/kylie-jenner-lanca-sua-birthday-collection\/4-3-5\/\" data-orig-file=\"https:\/\/i0.wp.com\/agrund.com\/wp-content\/uploads\/sites\/6\/2019\/08\/4-3.jpg?fit=600%2C752&amp;ssl=1\" data-orig-size=\"600,752\" data-comments-opened=\"1\" data-image-meta=\"{&quot;aperture&quot;:&quot;0&quot;,&quot;credit&quot;:&quot;&quot;,&quot;camera&quot;:&quot;&quot;,&quot;caption&quot;:&quot;&quot;,&quot;created_timestamp&quot;:&quot;0&quot;,&quot;copyright&quot;:&quot;&quot;,&quot;focal_length&quot;:&quot;0&quot;,&quot;iso&quot;:&quot;0&quot;,&quot;shutter_speed&quot;:&quot;0&quot;,&quot;title&quot;:&quot;&quot;,&quot;orientation&quot;:&quot;1&quot;}\" data-image-title=\"4-3\" data-image-description=\"\" data-image-caption=\"\" data-medium-file=\"https:\/\/i0.wp.com\/agrund.com\/wp-content\/uploads\/sites\/6\/2019\/08\/4-3.jpg?fit=239%2C300&amp;ssl=1\" data-large-file=\"https:\/\/i0.wp.com\/agrund.com\/wp-content\/uploads\/sites\/6\/2019\/08\/4-3.jpg?fit=600%2C752&amp;ssl=1\" decoding=\"async\" loading=\"lazy\" width=\"600\" height=\"752\" src=\"https:\/\/i0.wp.com\/www.agrund.com\/wp-content\/uploads\/sites\/6\/2019\/08\/4-3.jpg?resize=600%2C752&#038;ssl=1\" alt=\"\" class=\"wp-image-201036\" srcset=\"https:\/\/i0.wp.com\/agrund.com\/wp-content\/uploads\/sites\/6\/2019\/08\/4-3.jpg?w=600&amp;ssl=1 600w, https:\/\/i0.wp.com\/agrund.com\/wp-content\/uploads\/sites\/6\/2019\/08\/4-3.jpg?resize=239%2C300&amp;ssl=1 239w\" sizes=\"(max-width: 600px) 100vw, 600px\" data-recalc-dims=\"1\" \/><figcaption>Kylie Jenner lan\u00e7a sua &#8216;Birthday Collection&#8217;<\/figcaption><\/figure>\n\n\n\n<div class=\"wp-block-image\"><figure class=\"aligncenter\"><img data-attachment-id=\"201037\" data-permalink=\"https:\/\/agrund.com\/index.php\/kylie-jenner-lanca-sua-birthday-collection\/agrund-kylie-jenner-kylie-cosmetics-birthday\/\" data-orig-file=\"https:\/\/i0.wp.com\/agrund.com\/wp-content\/uploads\/sites\/6\/2019\/08\/agrund-Kylie-Jenner-Kylie-Cosmetics-Birthday.jpg?fit=600%2C772&amp;ssl=1\" data-orig-size=\"600,772\" data-comments-opened=\"1\" data-image-meta=\"{&quot;aperture&quot;:&quot;0&quot;,&quot;credit&quot;:&quot;&quot;,&quot;camera&quot;:&quot;&quot;,&quot;caption&quot;:&quot;&quot;,&quot;created_timestamp&quot;:&quot;0&quot;,&quot;copyright&quot;:&quot;&quot;,&quot;focal_length&quot;:&quot;0&quot;,&quot;iso&quot;:&quot;0&quot;,&quot;shutter_speed&quot;:&quot;0&quot;,&quot;title&quot;:&quot;&quot;,&quot;orientation&quot;:&quot;1&quot;}\" data-image-title=\"agrund-Kylie-Jenner-Kylie-Cosmetics-Birthday\" data-image-description=\"\" data-image-caption=\"\" data-medium-file=\"https:\/\/i0.wp.com\/agrund.com\/wp-content\/uploads\/sites\/6\/2019\/08\/agrund-Kylie-Jenner-Kylie-Cosmetics-Birthday.jpg?fit=233%2C300&amp;ssl=1\" data-large-file=\"https:\/\/i0.wp.com\/agrund.com\/wp-content\/uploads\/sites\/6\/2019\/08\/agrund-Kylie-Jenner-Kylie-Cosmetics-Birthday.jpg?fit=600%2C772&amp;ssl=1\" decoding=\"async\" loading=\"lazy\" width=\"600\" height=\"772\" src=\"https:\/\/i0.wp.com\/www.agrund.com\/wp-content\/uploads\/sites\/6\/2019\/08\/agrund-Kylie-Jenner-Kylie-Cosmetics-Birthday.jpg?resize=600%2C772&#038;ssl=1\" alt=\"\" class=\"wp-image-201037\" srcset=\"https:\/\/i0.wp.com\/agrund.com\/wp-content\/uploads\/sites\/6\/2019\/08\/agrund-Kylie-Jenner-Kylie-Cosmetics-Birthday.jpg?w=600&amp;ssl=1 600w, https:\/\/i0.wp.com\/agrund.com\/wp-content\/uploads\/sites\/6\/2019\/08\/agrund-Kylie-Jenner-Kylie-Cosmetics-Birthday.jpg?resize=233%2C300&amp;ssl=1 233w\" sizes=\"(max-width: 600px) 100vw, 600px\" data-recalc-dims=\"1\" \/><figcaption>Kylie Jenner lan\u00e7a sua &#8216;Birthday Collection&#8217;<\/figcaption><\/figure><\/div>\n\n\n\n<div class=\"wp-block-image\"><figure class=\"aligncenter\"><img data-attachment-id=\"201038\" data-permalink=\"https:\/\/agrund.com\/index.php\/kylie-jenner-lanca-sua-birthday-collection\/agrund-kylie-jenner-kylie-cosmetics-birthday-6\/\" data-orig-file=\"https:\/\/i0.wp.com\/agrund.com\/wp-content\/uploads\/sites\/6\/2019\/08\/agrund-Kylie-Jenner-Kylie-Cosmetics-Birthday-6.jpg?fit=600%2C750&amp;ssl=1\" data-orig-size=\"600,750\" data-comments-opened=\"1\" data-image-meta=\"{&quot;aperture&quot;:&quot;0&quot;,&quot;credit&quot;:&quot;&quot;,&quot;camera&quot;:&quot;&quot;,&quot;caption&quot;:&quot;&quot;,&quot;created_timestamp&quot;:&quot;0&quot;,&quot;copyright&quot;:&quot;&quot;,&quot;focal_length&quot;:&quot;0&quot;,&quot;iso&quot;:&quot;0&quot;,&quot;shutter_speed&quot;:&quot;0&quot;,&quot;title&quot;:&quot;&quot;,&quot;orientation&quot;:&quot;1&quot;}\" data-image-title=\"agrund-Kylie-Jenner-Kylie-Cosmetics-Birthday-6\" data-image-description=\"\" data-image-caption=\"\" data-medium-file=\"https:\/\/i0.wp.com\/agrund.com\/wp-content\/uploads\/sites\/6\/2019\/08\/agrund-Kylie-Jenner-Kylie-Cosmetics-Birthday-6.jpg?fit=240%2C300&amp;ssl=1\" data-large-file=\"https:\/\/i0.wp.com\/agrund.com\/wp-content\/uploads\/sites\/6\/2019\/08\/agrund-Kylie-Jenner-Kylie-Cosmetics-Birthday-6.jpg?fit=600%2C750&amp;ssl=1\" decoding=\"async\" loading=\"lazy\" width=\"600\" height=\"750\" src=\"https:\/\/i0.wp.com\/www.agrund.com\/wp-content\/uploads\/sites\/6\/2019\/08\/agrund-Kylie-Jenner-Kylie-Cosmetics-Birthday-6.jpg?resize=600%2C750&#038;ssl=1\" alt=\"\" class=\"wp-image-201038\" srcset=\"https:\/\/i0.wp.com\/agrund.com\/wp-content\/uploads\/sites\/6\/2019\/08\/agrund-Kylie-Jenner-Kylie-Cosmetics-Birthday-6.jpg?w=600&amp;ssl=1 600w, https:\/\/i0.wp.com\/agrund.com\/wp-content\/uploads\/sites\/6\/2019\/08\/agrund-Kylie-Jenner-Kylie-Cosmetics-Birthday-6.jpg?resize=240%2C300&amp;ssl=1 240w\" sizes=\"(max-width: 600px) 100vw, 600px\" data-recalc-dims=\"1\" \/><figcaption>Kylie Jenner lan\u00e7a sua &#8216;Birthday Collection&#8217;<\/figcaption><\/figure><\/div>\n\n\n\n<div class=\"wp-block-image\"><figure class=\"aligncenter\"><img data-attachment-id=\"201039\" data-permalink=\"https:\/\/agrund.com\/index.php\/kylie-jenner-lanca-sua-birthday-collection\/agrund-kylie-jenner-kylie-cosmetics-birthday-3\/\" data-orig-file=\"https:\/\/i0.wp.com\/agrund.com\/wp-content\/uploads\/sites\/6\/2019\/08\/agrund-Kylie-Jenner-Kylie-Cosmetics-Birthday-3.jpg?fit=600%2C758&amp;ssl=1\" data-orig-size=\"600,758\" data-comments-opened=\"1\" data-image-meta=\"{&quot;aperture&quot;:&quot;0&quot;,&quot;credit&quot;:&quot;&quot;,&quot;camera&quot;:&quot;&quot;,&quot;caption&quot;:&quot;&quot;,&quot;created_timestamp&quot;:&quot;0&quot;,&quot;copyright&quot;:&quot;&quot;,&quot;focal_length&quot;:&quot;0&quot;,&quot;iso&quot;:&quot;0&quot;,&quot;shutter_speed&quot;:&quot;0&quot;,&quot;title&quot;:&quot;&quot;,&quot;orientation&quot;:&quot;1&quot;}\" data-image-title=\"agrund-Kylie-Jenner-Kylie-Cosmetics-Birthday-3\" data-image-description=\"\" data-image-caption=\"\" data-medium-file=\"https:\/\/i0.wp.com\/agrund.com\/wp-content\/uploads\/sites\/6\/2019\/08\/agrund-Kylie-Jenner-Kylie-Cosmetics-Birthday-3.jpg?fit=237%2C300&amp;ssl=1\" data-large-file=\"https:\/\/i0.wp.com\/agrund.com\/wp-content\/uploads\/sites\/6\/2019\/08\/agrund-Kylie-Jenner-Kylie-Cosmetics-Birthday-3.jpg?fit=600%2C758&amp;ssl=1\" decoding=\"async\" loading=\"lazy\" width=\"600\" height=\"758\" src=\"https:\/\/i0.wp.com\/www.agrund.com\/wp-content\/uploads\/sites\/6\/2019\/08\/agrund-Kylie-Jenner-Kylie-Cosmetics-Birthday-3.jpg?resize=600%2C758&#038;ssl=1\" alt=\"\" class=\"wp-image-201039\" srcset=\"https:\/\/i0.wp.com\/agrund.com\/wp-content\/uploads\/sites\/6\/2019\/08\/agrund-Kylie-Jenner-Kylie-Cosmetics-Birthday-3.jpg?w=600&amp;ssl=1 600w, https:\/\/i0.wp.com\/agrund.com\/wp-content\/uploads\/sites\/6\/2019\/08\/agrund-Kylie-Jenner-Kylie-Cosmetics-Birthday-3.jpg?resize=237%2C300&amp;ssl=1 237w\" sizes=\"(max-width: 600px) 100vw, 600px\" data-recalc-dims=\"1\" \/><figcaption>Kylie Jenner lan\u00e7a sua &#8216;Birthday Collection&#8217;<\/figcaption><\/figure><\/div>\n\n\n\n<div class=\"wp-block-image\"><figure class=\"aligncenter\"><img data-attachment-id=\"201040\" data-permalink=\"https:\/\/agrund.com\/index.php\/kylie-jenner-lanca-sua-birthday-collection\/agrund-kylie-jenner-kylie-cosmetics-birthday-5\/\" data-orig-file=\"https:\/\/i0.wp.com\/agrund.com\/wp-content\/uploads\/sites\/6\/2019\/08\/agrund-Kylie-Jenner-Kylie-Cosmetics-Birthday-5.jpg?fit=600%2C600&amp;ssl=1\" data-orig-size=\"600,600\" data-comments-opened=\"1\" data-image-meta=\"{&quot;aperture&quot;:&quot;0&quot;,&quot;credit&quot;:&quot;&quot;,&quot;camera&quot;:&quot;&quot;,&quot;caption&quot;:&quot;&quot;,&quot;created_timestamp&quot;:&quot;0&quot;,&quot;copyright&quot;:&quot;&quot;,&quot;focal_length&quot;:&quot;0&quot;,&quot;iso&quot;:&quot;0&quot;,&quot;shutter_speed&quot;:&quot;0&quot;,&quot;title&quot;:&quot;&quot;,&quot;orientation&quot;:&quot;1&quot;}\" data-image-title=\"agrund-Kylie-Jenner-Kylie-Cosmetics-Birthday-5\" data-image-description=\"\" data-image-caption=\"\" data-medium-file=\"https:\/\/i0.wp.com\/agrund.com\/wp-content\/uploads\/sites\/6\/2019\/08\/agrund-Kylie-Jenner-Kylie-Cosmetics-Birthday-5.jpg?fit=300%2C300&amp;ssl=1\" data-large-file=\"https:\/\/i0.wp.com\/agrund.com\/wp-content\/uploads\/sites\/6\/2019\/08\/agrund-Kylie-Jenner-Kylie-Cosmetics-Birthday-5.jpg?fit=600%2C600&amp;ssl=1\" decoding=\"async\" loading=\"lazy\" width=\"600\" height=\"600\" src=\"https:\/\/i0.wp.com\/www.agrund.com\/wp-content\/uploads\/sites\/6\/2019\/08\/agrund-Kylie-Jenner-Kylie-Cosmetics-Birthday-5.jpg?resize=600%2C600&#038;ssl=1\" alt=\"\" class=\"wp-image-201040\" srcset=\"https:\/\/i0.wp.com\/agrund.com\/wp-content\/uploads\/sites\/6\/2019\/08\/agrund-Kylie-Jenner-Kylie-Cosmetics-Birthday-5.jpg?w=600&amp;ssl=1 600w, https:\/\/i0.wp.com\/agrund.com\/wp-content\/uploads\/sites\/6\/2019\/08\/agrund-Kylie-Jenner-Kylie-Cosmetics-Birthday-5.jpg?resize=150%2C150&amp;ssl=1 150w, https:\/\/i0.wp.com\/agrund.com\/wp-content\/uploads\/sites\/6\/2019\/08\/agrund-Kylie-Jenner-Kylie-Cosmetics-Birthday-5.jpg?resize=300%2C300&amp;ssl=1 300w\" sizes=\"(max-width: 600px) 100vw, 600px\" data-recalc-dims=\"1\" \/><figcaption>Kylie Jenner lan\u00e7a sua &#8216;Birthday Collection&#8217;<\/figcaption><\/figure><\/div>\n\n\n\n<p>Fotos: Reprodu\u00e7\u00e3o\/ Kylie Cosmetics. <\/p>\n","protected":false},"excerpt":{"rendered":"<p>Kylie Jenner celebrou seu anivers\u00e1rio de 22 anos na It\u00e1lia &#8211; at\u00e9 mostramos um dos looks AQUI &#8211; e \u00e9 claro que a data inspirou uma cole\u00e7\u00e3o especial da Kylie Cosmetics.\u00a0 Chamada &#8216;Birthday Collection&#8217;, a nova linha conta com 15 produtos, entre eles paleta de sombras, batons matte, iluminador e delineador. Todos ganharam embalagens com [&hellip;]<\/p>\n","protected":false},"author":8,"featured_media":201041,"comment_status":"open","ping_status":"open","sticky":false,"template":"","format":"standard","meta":{"jetpack_post_was_ever_published":false,"_jetpack_newsletter_access":"","jetpack_publicize_message":"","jetpack_is_tweetstorm":false,"jetpack_publicize_feature_enabled":true,"jetpack_social_post_already_shared":true,"jetpack_social_options":{"image_generator_settings":{"template":"highway","enabled":false}}},"categories":[2],"tags":[395,375,353,352,507,506,692,371,372],"jetpack_publicize_connections":[],"jetpack_featured_media_url":"https:\/\/i0.wp.com\/agrund.com\/wp-content\/uploads\/sites\/6\/2019\/08\/s-80.jpg?fit=960%2C300&ssl=1","jetpack_sharing_enabled":true,"jetpack_shortlink":"https:\/\/wp.me\/p3Hz0n-Qis","jetpack_likes_enabled":true,"_links":{"self":[{"href":"https:\/\/agrund.com\/index.php\/wp-json\/wp\/v2\/posts\/201032"}],"collection":[{"href":"https:\/\/agrund.com\/index.php\/wp-json\/wp\/v2\/posts"}],"about":[{"href":"https:\/\/agrund.com\/index.php\/wp-json\/wp\/v2\/types\/post"}],"author":[{"embeddable":true,"href":"https:\/\/agrund.com\/index.php\/wp-json\/wp\/v2\/users\/8"}],"replies":[{"embeddable":true,"href":"https:\/\/agrund.com\/index.php\/wp-json\/wp\/v2\/comments?post=201032"}],"version-history":[{"count":1,"href":"https:\/\/agrund.com\/index.php\/wp-json\/wp\/v2\/posts\/201032\/revisions"}],"predecessor-version":[{"id":201042,"href":"https:\/\/agrund.com\/index.php\/wp-json\/wp\/v2\/posts\/201032\/revisions\/201042"}],"wp:featuredmedia":[{"embeddable":true,"href":"https:\/\/agrund.com\/index.php\/wp-json\/wp\/v2\/media\/201041"}],"wp:attachment":[{"href":"https:\/\/agrund.com\/index.php\/wp-json\/wp\/v2\/media?parent=201032"}],"wp:term":[{"taxonomy":"category","embeddable":true,"href":"https:\/\/agrund.com\/index.php\/wp-json\/wp\/v2\/categories?post=201032"},{"taxonomy":"post_tag","embeddable":true,"href":"https:\/\/agrund.com\/index.php\/wp-json\/wp\/v2\/tags?post=201032"}],"curies":[{"name":"wp","href":"https:\/\/api.w.org\/{rel}","templated":true}]}}