{"id":201021,"date":"2019-08-16T11:00:39","date_gmt":"2019-08-16T14:00:39","guid":{"rendered":"http:\/\/www.agrund.com\/?p=201021"},"modified":"2019-08-16T09:41:57","modified_gmt":"2019-08-16T12:41:57","slug":"gisele-bundchen-e-gigi-hadid-doam-pecas-para-leilao-beneficente","status":"publish","type":"post","link":"https:\/\/agrund.com\/index.php\/gisele-bundchen-e-gigi-hadid-doam-pecas-para-leilao-beneficente\/","title":{"rendered":"Gisele B\u00fcndchen e Gigi Hadid doam pe\u00e7as para leil\u00e3o beneficente"},"content":{"rendered":"\n<p>Se voc\u00ea pudesse vestir um look de qualquer top model do mundo, qual delas voc\u00ea escolheria? A Funda\u00e7\u00e3o Toni Garrn, que trabalha com a escolariza\u00e7\u00e3o de meninas na \u00c1frica, est\u00e1 preparando um leil\u00e3o beneficente com pe\u00e7as doadas por modelos como Gisele B\u00fcndchen, Gigi Hadid e Karlie Kloss.\u00a0<\/p>\n\n\n\n<p>Mais de 220 itens ser\u00e3o \u00a0colocados \u00e0 venda, dentre eles pe\u00e7as de grifes como Chanel, Givenchy, Saint Laurent, Prada e Louboutin.\u00a0Gisele, por exemplo, doou cerca de 50 pe\u00e7as. <\/p>\n\n\n\n<p>O leil\u00e3o acontecer\u00e1 entre os dias 19 de agosto e 30 de novembro de 2019, atrav\u00e9s do site\u00a0 Paddle8.com e no evento f\u00edsico, no 11 Howard Hotel de Nova York entre os dias 13 e 15 de setembro. <\/p>\n\n\n\n<div class=\"wp-block-image\"><figure class=\"aligncenter\"><img data-attachment-id=\"201022\" data-permalink=\"https:\/\/agrund.com\/index.php\/gisele-bundchen-e-gigi-hadid-doam-pecas-para-leilao-beneficente\/agrund-gisele\/\" data-orig-file=\"https:\/\/i0.wp.com\/agrund.com\/wp-content\/uploads\/sites\/6\/2019\/08\/agrund-gisele.jpg?fit=600%2C478&amp;ssl=1\" data-orig-size=\"600,478\" data-comments-opened=\"1\" data-image-meta=\"{&quot;aperture&quot;:&quot;6.3&quot;,&quot;credit&quot;:&quot;&quot;,&quot;camera&quot;:&quot;Canon EOS 5DS R&quot;,&quot;caption&quot;:&quot;&quot;,&quot;created_timestamp&quot;:&quot;1512045822&quot;,&quot;copyright&quot;:&quot;&quot;,&quot;focal_length&quot;:&quot;85&quot;,&quot;iso&quot;:&quot;400&quot;,&quot;shutter_speed&quot;:&quot;0.008&quot;,&quot;title&quot;:&quot;&quot;,&quot;orientation&quot;:&quot;1&quot;}\" data-image-title=\"agrund-gisele\" data-image-description=\"\" data-image-caption=\"\" data-medium-file=\"https:\/\/i0.wp.com\/agrund.com\/wp-content\/uploads\/sites\/6\/2019\/08\/agrund-gisele.jpg?fit=300%2C239&amp;ssl=1\" data-large-file=\"https:\/\/i0.wp.com\/agrund.com\/wp-content\/uploads\/sites\/6\/2019\/08\/agrund-gisele.jpg?fit=600%2C478&amp;ssl=1\" decoding=\"async\" loading=\"lazy\" width=\"600\" height=\"478\" src=\"https:\/\/i0.wp.com\/www.agrund.com\/wp-content\/uploads\/sites\/6\/2019\/08\/agrund-gisele.jpg?resize=600%2C478&#038;ssl=1\" alt=\"\" class=\"wp-image-201022\" srcset=\"https:\/\/i0.wp.com\/agrund.com\/wp-content\/uploads\/sites\/6\/2019\/08\/agrund-gisele.jpg?w=600&amp;ssl=1 600w, https:\/\/i0.wp.com\/agrund.com\/wp-content\/uploads\/sites\/6\/2019\/08\/agrund-gisele.jpg?resize=300%2C239&amp;ssl=1 300w\" sizes=\"(max-width: 600px) 100vw, 600px\" data-recalc-dims=\"1\" \/><figcaption>Gisele B\u00fcndchen e Gigi Hadid doam pe\u00e7as para leil\u00e3o beneficente <\/figcaption><\/figure><\/div>\n\n\n\n<p>Fotos: Reprodu\u00e7\u00e3o. <\/p>\n","protected":false},"excerpt":{"rendered":"<p>Se voc\u00ea pudesse vestir um look de qualquer top model do mundo, qual delas voc\u00ea escolheria? A Funda\u00e7\u00e3o Toni Garrn, que trabalha com a escolariza\u00e7\u00e3o de meninas na \u00c1frica, est\u00e1 preparando um leil\u00e3o beneficente com pe\u00e7as doadas por modelos como Gisele B\u00fcndchen, Gigi Hadid e Karlie Kloss.\u00a0 Mais de 220 itens ser\u00e3o \u00a0colocados \u00e0 venda, [&hellip;]<\/p>\n","protected":false},"author":8,"featured_media":201023,"comment_status":"open","ping_status":"open","sticky":false,"template":"","format":"standard","meta":{"jetpack_post_was_ever_published":false,"_jetpack_newsletter_access":"","jetpack_publicize_message":"","jetpack_is_tweetstorm":false,"jetpack_publicize_feature_enabled":true,"jetpack_social_post_already_shared":true,"jetpack_social_options":{"image_generator_settings":{"template":"highway","enabled":false}}},"categories":[2],"tags":[395,375,545,347,689,253,690,67,687],"jetpack_publicize_connections":[],"jetpack_featured_media_url":"https:\/\/i0.wp.com\/agrund.com\/wp-content\/uploads\/sites\/6\/2019\/08\/s-78.jpg?fit=960%2C300&ssl=1","jetpack_sharing_enabled":true,"jetpack_shortlink":"https:\/\/wp.me\/p3Hz0n-Qih","jetpack_likes_enabled":true,"_links":{"self":[{"href":"https:\/\/agrund.com\/index.php\/wp-json\/wp\/v2\/posts\/201021"}],"collection":[{"href":"https:\/\/agrund.com\/index.php\/wp-json\/wp\/v2\/posts"}],"about":[{"href":"https:\/\/agrund.com\/index.php\/wp-json\/wp\/v2\/types\/post"}],"author":[{"embeddable":true,"href":"https:\/\/agrund.com\/index.php\/wp-json\/wp\/v2\/users\/8"}],"replies":[{"embeddable":true,"href":"https:\/\/agrund.com\/index.php\/wp-json\/wp\/v2\/comments?post=201021"}],"version-history":[{"count":1,"href":"https:\/\/agrund.com\/index.php\/wp-json\/wp\/v2\/posts\/201021\/revisions"}],"predecessor-version":[{"id":201024,"href":"https:\/\/agrund.com\/index.php\/wp-json\/wp\/v2\/posts\/201021\/revisions\/201024"}],"wp:featuredmedia":[{"embeddable":true,"href":"https:\/\/agrund.com\/index.php\/wp-json\/wp\/v2\/media\/201023"}],"wp:attachment":[{"href":"https:\/\/agrund.com\/index.php\/wp-json\/wp\/v2\/media?parent=201021"}],"wp:term":[{"taxonomy":"category","embeddable":true,"href":"https:\/\/agrund.com\/index.php\/wp-json\/wp\/v2\/categories?post=201021"},{"taxonomy":"post_tag","embeddable":true,"href":"https:\/\/agrund.com\/index.php\/wp-json\/wp\/v2\/tags?post=201021"}],"curies":[{"name":"wp","href":"https:\/\/api.w.org\/{rel}","templated":true}]}}