{"id":201010,"date":"2019-08-15T17:00:32","date_gmt":"2019-08-15T20:00:32","guid":{"rendered":"http:\/\/www.agrund.com\/?p=201010"},"modified":"2019-08-15T18:35:22","modified_gmt":"2019-08-15T21:35:22","slug":"look-do-dia-tudo-marrom","status":"publish","type":"post","link":"https:\/\/agrund.com\/index.php\/look-do-dia-tudo-marrom\/","title":{"rendered":"Look do Dia :: Tudo marrom"},"content":{"rendered":"\n<p>E eu que estou nessa onda de looks monocrom\u00e1ticos para gravar o &#8216;Esquadr\u00e3o da Moda&#8217;! Quem tamb\u00e9m gosta? Styling de Fabio Paiva e Murilo Mahler. <\/p>\n\n\n\n<p>Jaqueta e Cal\u00e7a Ellus<\/p>\n\n\n\n<p>Sapatos Gucci <\/p>\n\n\n\n<div class=\"wp-block-image\"><figure class=\"aligncenter\"><img data-attachment-id=\"201011\" data-permalink=\"https:\/\/agrund.com\/index.php\/look-do-dia-tudo-marrom\/a-7-4\/\" data-orig-file=\"https:\/\/i0.wp.com\/agrund.com\/wp-content\/uploads\/sites\/6\/2019\/08\/a-7.jpg?fit=550%2C649&amp;ssl=1\" data-orig-size=\"550,649\" data-comments-opened=\"1\" data-image-meta=\"{&quot;aperture&quot;:&quot;0&quot;,&quot;credit&quot;:&quot;&quot;,&quot;camera&quot;:&quot;&quot;,&quot;caption&quot;:&quot;&quot;,&quot;created_timestamp&quot;:&quot;0&quot;,&quot;copyright&quot;:&quot;&quot;,&quot;focal_length&quot;:&quot;0&quot;,&quot;iso&quot;:&quot;0&quot;,&quot;shutter_speed&quot;:&quot;0&quot;,&quot;title&quot;:&quot;&quot;,&quot;orientation&quot;:&quot;1&quot;}\" data-image-title=\"a-7\" data-image-description=\"\" data-image-caption=\"\" data-medium-file=\"https:\/\/i0.wp.com\/agrund.com\/wp-content\/uploads\/sites\/6\/2019\/08\/a-7.jpg?fit=254%2C300&amp;ssl=1\" data-large-file=\"https:\/\/i0.wp.com\/agrund.com\/wp-content\/uploads\/sites\/6\/2019\/08\/a-7.jpg?fit=550%2C649&amp;ssl=1\" decoding=\"async\" loading=\"lazy\" width=\"550\" height=\"649\" src=\"https:\/\/i0.wp.com\/www.agrund.com\/wp-content\/uploads\/sites\/6\/2019\/08\/a-7.jpg?resize=550%2C649&#038;ssl=1\" alt=\"\" class=\"wp-image-201011\" srcset=\"https:\/\/i0.wp.com\/agrund.com\/wp-content\/uploads\/sites\/6\/2019\/08\/a-7.jpg?w=550&amp;ssl=1 550w, https:\/\/i0.wp.com\/agrund.com\/wp-content\/uploads\/sites\/6\/2019\/08\/a-7.jpg?resize=254%2C300&amp;ssl=1 254w\" sizes=\"(max-width: 550px) 100vw, 550px\" data-recalc-dims=\"1\" \/><figcaption>Look do Dia :: Tudo marrom<\/figcaption><\/figure><\/div>\n\n\n\n<p>Foto:\u00a0<a rel=\"noreferrer noopener\" href=\"https:\/\/l.facebook.com\/l.php?u=http%3A%2F%2FAgrund.com%2F%3Ffbclid%3DIwAR2CIK0gZiOaLrikq1dutYTitI4a18aFjUAVhx5nSAkcNH_BrdJLkb4N9e0&amp;h=AT3hfIxn6zXj7FMJ_bFYUxkzb412_0yuXM7FuhxkDZ_IO7fyCbZbRG4SAXmlOvqJITc-tXY82mNoVYBRbFe7sNtJwR7ceRVxKKK5iy5WKFxLxk8pdoklhZSyiARy3OqVhRvDRcOH_p1qMwGQQ1PgI5SsANpheSMPE5sG1XmqAJh2HAAS06lsuGw5Qu1JhnIWQ_DdIuoa53RL85dSgd_ULb-WGYOTze_i_0h50m1V6T5w5dOAsaDCJnNXnQ6tuiQaOKBckYupGI4xFKLIDSEcEuSXu8dAJU18MCqy9Nm-Rv06ZrRl7YjuAhBqRvBwEnSx8OmGCq8VMb1r-Ms5-fxgwgLES-u9umc-KOeeGHTs6sgzbNQgmmQb7CRPzCg5wNdrPqGel5OI-pNlzfeivacS6tmz2ZN5BHf_DInRXEtcJ-Jvu-Zm53gbclDAuYK1BEsQEw3TWNDHDwxlOL6wT4rvOvWsAvzTV-THhpO38ksP-JuZw7xGVLQkfrx9mBpbpMn5y05jMCFRnMZSVUL4Im1Ya1qUWUe14d1O7JfjgcZa-ZkokOaPoB9I5-nS9Nd_ZcFDlyaWuptXYNeFUpW-t89ZImAxdZ_cluUKo-mUIsdec3M7EN77wNoJ-yUkUR3BUHVv44m-Mub8\" target=\"_blank\">Agrund.com<\/a><\/p>\n","protected":false},"excerpt":{"rendered":"<p>E eu que estou nessa onda de looks monocrom\u00e1ticos para gravar o &#8216;Esquadr\u00e3o da Moda&#8217;! Quem tamb\u00e9m gosta? Styling de Fabio Paiva e Murilo Mahler. Jaqueta e Cal\u00e7a Ellus Sapatos Gucci Foto:\u00a0Agrund.com<\/p>\n","protected":false},"author":8,"featured_media":201012,"comment_status":"open","ping_status":"open","sticky":false,"template":"","format":"standard","meta":{"jetpack_post_was_ever_published":false,"_jetpack_newsletter_access":"","jetpack_publicize_message":"","jetpack_is_tweetstorm":false,"jetpack_publicize_feature_enabled":true,"jetpack_social_post_already_shared":true,"jetpack_social_options":{"image_generator_settings":{"template":"highway","enabled":false}}},"categories":[346,7,2],"tags":[],"jetpack_publicize_connections":[],"jetpack_featured_media_url":"https:\/\/i0.wp.com\/agrund.com\/wp-content\/uploads\/sites\/6\/2019\/08\/s-75.jpg?fit=960%2C300&ssl=1","jetpack_sharing_enabled":true,"jetpack_shortlink":"https:\/\/wp.me\/p3Hz0n-Qi6","jetpack_likes_enabled":true,"_links":{"self":[{"href":"https:\/\/agrund.com\/index.php\/wp-json\/wp\/v2\/posts\/201010"}],"collection":[{"href":"https:\/\/agrund.com\/index.php\/wp-json\/wp\/v2\/posts"}],"about":[{"href":"https:\/\/agrund.com\/index.php\/wp-json\/wp\/v2\/types\/post"}],"author":[{"embeddable":true,"href":"https:\/\/agrund.com\/index.php\/wp-json\/wp\/v2\/users\/8"}],"replies":[{"embeddable":true,"href":"https:\/\/agrund.com\/index.php\/wp-json\/wp\/v2\/comments?post=201010"}],"version-history":[{"count":1,"href":"https:\/\/agrund.com\/index.php\/wp-json\/wp\/v2\/posts\/201010\/revisions"}],"predecessor-version":[{"id":201013,"href":"https:\/\/agrund.com\/index.php\/wp-json\/wp\/v2\/posts\/201010\/revisions\/201013"}],"wp:featuredmedia":[{"embeddable":true,"href":"https:\/\/agrund.com\/index.php\/wp-json\/wp\/v2\/media\/201012"}],"wp:attachment":[{"href":"https:\/\/agrund.com\/index.php\/wp-json\/wp\/v2\/media?parent=201010"}],"wp:term":[{"taxonomy":"category","embeddable":true,"href":"https:\/\/agrund.com\/index.php\/wp-json\/wp\/v2\/categories?post=201010"},{"taxonomy":"post_tag","embeddable":true,"href":"https:\/\/agrund.com\/index.php\/wp-json\/wp\/v2\/tags?post=201010"}],"curies":[{"name":"wp","href":"https:\/\/api.w.org\/{rel}","templated":true}]}}