{"id":200998,"date":"2019-08-15T15:00:42","date_gmt":"2019-08-15T18:00:42","guid":{"rendered":"http:\/\/www.agrund.com\/?p=200998"},"modified":"2019-08-15T12:38:55","modified_gmt":"2019-08-15T15:38:55","slug":"kristen-stewart-estrela-campanha-de-beleza-da-chanel","status":"publish","type":"post","link":"https:\/\/agrund.com\/index.php\/kristen-stewart-estrela-campanha-de-beleza-da-chanel\/","title":{"rendered":"Kristen Stewart estrela campanha de beleza da Chanel"},"content":{"rendered":"\n<p>A Chanel convocou sua queridinha Kristen Stewart para estrelar a nova campanha de maquiagem \u2018Noir et Blanc\u2018.<\/p>\n\n\n\n<p>Neste outono\/inverno, a grife lan\u00e7a paletas de sombra, batons, al\u00e9m de m\u00e1scaras de c\u00edlios preta e transparente.<\/p>\n\n\n\n<p>&#8220;Preto e branco s\u00e3o absolutos da Chanel. H\u00e1 algo profundo e misterioso, e at\u00e9 divino e inocente sobre cada um\u201d, declarou a Global creative makeup, Lucia Pica.\u00a0<\/p>\n\n\n\n<p>Nos cliques, a atriz usa sombras marcantes com combina\u00e7\u00f5es cl\u00e1ssicas de preto, branco e marrom brilhantes, junto a um delineado nos olhos. J\u00e1 nos l\u00e1bios vemos batons vermelho e vinho. Confira:<\/p>\n\n\n\n<div class=\"wp-block-image\"><figure class=\"aligncenter\"><img data-attachment-id=\"200999\" data-permalink=\"https:\/\/agrund.com\/index.php\/kristen-stewart-estrela-campanha-de-beleza-da-chanel\/agrund-kristen-stewart-chanel-noir-et-blanc-beauty\/\" data-orig-file=\"https:\/\/i0.wp.com\/agrund.com\/wp-content\/uploads\/sites\/6\/2019\/08\/agrund-Kristen-Stewart-Chanel-Noir-Et-Blanc-Beauty.jpg?fit=600%2C798&amp;ssl=1\" data-orig-size=\"600,798\" data-comments-opened=\"1\" data-image-meta=\"{&quot;aperture&quot;:&quot;0&quot;,&quot;credit&quot;:&quot;&quot;,&quot;camera&quot;:&quot;&quot;,&quot;caption&quot;:&quot;&quot;,&quot;created_timestamp&quot;:&quot;0&quot;,&quot;copyright&quot;:&quot;&quot;,&quot;focal_length&quot;:&quot;0&quot;,&quot;iso&quot;:&quot;0&quot;,&quot;shutter_speed&quot;:&quot;0&quot;,&quot;title&quot;:&quot;&quot;,&quot;orientation&quot;:&quot;1&quot;}\" data-image-title=\"agrund-Kristen-Stewart-Chanel-Noir-Et-Blanc-Beauty\" data-image-description=\"\" data-image-caption=\"\" data-medium-file=\"https:\/\/i0.wp.com\/agrund.com\/wp-content\/uploads\/sites\/6\/2019\/08\/agrund-Kristen-Stewart-Chanel-Noir-Et-Blanc-Beauty.jpg?fit=226%2C300&amp;ssl=1\" data-large-file=\"https:\/\/i0.wp.com\/agrund.com\/wp-content\/uploads\/sites\/6\/2019\/08\/agrund-Kristen-Stewart-Chanel-Noir-Et-Blanc-Beauty.jpg?fit=600%2C798&amp;ssl=1\" decoding=\"async\" loading=\"lazy\" width=\"600\" height=\"798\" src=\"https:\/\/i0.wp.com\/www.agrund.com\/wp-content\/uploads\/sites\/6\/2019\/08\/agrund-Kristen-Stewart-Chanel-Noir-Et-Blanc-Beauty.jpg?resize=600%2C798&#038;ssl=1\" alt=\"\" class=\"wp-image-200999\" srcset=\"https:\/\/i0.wp.com\/agrund.com\/wp-content\/uploads\/sites\/6\/2019\/08\/agrund-Kristen-Stewart-Chanel-Noir-Et-Blanc-Beauty.jpg?w=600&amp;ssl=1 600w, https:\/\/i0.wp.com\/agrund.com\/wp-content\/uploads\/sites\/6\/2019\/08\/agrund-Kristen-Stewart-Chanel-Noir-Et-Blanc-Beauty.jpg?resize=226%2C300&amp;ssl=1 226w\" sizes=\"(max-width: 600px) 100vw, 600px\" data-recalc-dims=\"1\" \/><figcaption>Kristen Stewart estrela campanha de beleza da Chanel <\/figcaption><\/figure><\/div>\n\n\n\n<div class=\"wp-block-image\"><figure class=\"aligncenter\"><img data-attachment-id=\"201000\" data-permalink=\"https:\/\/agrund.com\/index.php\/kristen-stewart-estrela-campanha-de-beleza-da-chanel\/agrund-kristen-stewart-chanel-noir-et-blanc-beauty-3\/\" data-orig-file=\"https:\/\/i0.wp.com\/agrund.com\/wp-content\/uploads\/sites\/6\/2019\/08\/agrund-Kristen-Stewart-Chanel-Noir-Et-Blanc-Beauty-3.jpg?fit=600%2C600&amp;ssl=1\" data-orig-size=\"600,600\" data-comments-opened=\"1\" data-image-meta=\"{&quot;aperture&quot;:&quot;0&quot;,&quot;credit&quot;:&quot;&quot;,&quot;camera&quot;:&quot;&quot;,&quot;caption&quot;:&quot;&quot;,&quot;created_timestamp&quot;:&quot;0&quot;,&quot;copyright&quot;:&quot;&quot;,&quot;focal_length&quot;:&quot;0&quot;,&quot;iso&quot;:&quot;0&quot;,&quot;shutter_speed&quot;:&quot;0&quot;,&quot;title&quot;:&quot;&quot;,&quot;orientation&quot;:&quot;1&quot;}\" data-image-title=\"agrund-Kristen-Stewart-Chanel-Noir-Et-Blanc-Beauty-3\" data-image-description=\"\" data-image-caption=\"\" data-medium-file=\"https:\/\/i0.wp.com\/agrund.com\/wp-content\/uploads\/sites\/6\/2019\/08\/agrund-Kristen-Stewart-Chanel-Noir-Et-Blanc-Beauty-3.jpg?fit=300%2C300&amp;ssl=1\" data-large-file=\"https:\/\/i0.wp.com\/agrund.com\/wp-content\/uploads\/sites\/6\/2019\/08\/agrund-Kristen-Stewart-Chanel-Noir-Et-Blanc-Beauty-3.jpg?fit=600%2C600&amp;ssl=1\" decoding=\"async\" loading=\"lazy\" width=\"600\" height=\"600\" src=\"https:\/\/i0.wp.com\/www.agrund.com\/wp-content\/uploads\/sites\/6\/2019\/08\/agrund-Kristen-Stewart-Chanel-Noir-Et-Blanc-Beauty-3.jpg?resize=600%2C600&#038;ssl=1\" alt=\"\" class=\"wp-image-201000\" srcset=\"https:\/\/i0.wp.com\/agrund.com\/wp-content\/uploads\/sites\/6\/2019\/08\/agrund-Kristen-Stewart-Chanel-Noir-Et-Blanc-Beauty-3.jpg?w=600&amp;ssl=1 600w, https:\/\/i0.wp.com\/agrund.com\/wp-content\/uploads\/sites\/6\/2019\/08\/agrund-Kristen-Stewart-Chanel-Noir-Et-Blanc-Beauty-3.jpg?resize=150%2C150&amp;ssl=1 150w, https:\/\/i0.wp.com\/agrund.com\/wp-content\/uploads\/sites\/6\/2019\/08\/agrund-Kristen-Stewart-Chanel-Noir-Et-Blanc-Beauty-3.jpg?resize=300%2C300&amp;ssl=1 300w\" sizes=\"(max-width: 600px) 100vw, 600px\" data-recalc-dims=\"1\" \/><figcaption>Kristen Stewart estrela campanha de beleza da Chanel <\/figcaption><\/figure><\/div>\n\n\n\n<div class=\"wp-block-image\"><figure class=\"aligncenter\"><img data-attachment-id=\"201001\" data-permalink=\"https:\/\/agrund.com\/index.php\/kristen-stewart-estrela-campanha-de-beleza-da-chanel\/agrund-kristen-stewart-chanel-noir-et-blanc-beauty-2\/\" data-orig-file=\"https:\/\/i0.wp.com\/agrund.com\/wp-content\/uploads\/sites\/6\/2019\/08\/agrund-Kristen-Stewart-Chanel-Noir-Et-Blanc-Beauty-2.jpg?fit=600%2C777&amp;ssl=1\" data-orig-size=\"600,777\" data-comments-opened=\"1\" data-image-meta=\"{&quot;aperture&quot;:&quot;0&quot;,&quot;credit&quot;:&quot;&quot;,&quot;camera&quot;:&quot;&quot;,&quot;caption&quot;:&quot;&quot;,&quot;created_timestamp&quot;:&quot;0&quot;,&quot;copyright&quot;:&quot;&quot;,&quot;focal_length&quot;:&quot;0&quot;,&quot;iso&quot;:&quot;0&quot;,&quot;shutter_speed&quot;:&quot;0&quot;,&quot;title&quot;:&quot;&quot;,&quot;orientation&quot;:&quot;1&quot;}\" data-image-title=\"agrund-Kristen-Stewart-Chanel-Noir-Et-Blanc-Beauty-2\" data-image-description=\"\" data-image-caption=\"\" data-medium-file=\"https:\/\/i0.wp.com\/agrund.com\/wp-content\/uploads\/sites\/6\/2019\/08\/agrund-Kristen-Stewart-Chanel-Noir-Et-Blanc-Beauty-2.jpg?fit=232%2C300&amp;ssl=1\" data-large-file=\"https:\/\/i0.wp.com\/agrund.com\/wp-content\/uploads\/sites\/6\/2019\/08\/agrund-Kristen-Stewart-Chanel-Noir-Et-Blanc-Beauty-2.jpg?fit=600%2C777&amp;ssl=1\" decoding=\"async\" loading=\"lazy\" width=\"600\" height=\"777\" src=\"https:\/\/i0.wp.com\/www.agrund.com\/wp-content\/uploads\/sites\/6\/2019\/08\/agrund-Kristen-Stewart-Chanel-Noir-Et-Blanc-Beauty-2.jpg?resize=600%2C777&#038;ssl=1\" alt=\"\" class=\"wp-image-201001\" srcset=\"https:\/\/i0.wp.com\/agrund.com\/wp-content\/uploads\/sites\/6\/2019\/08\/agrund-Kristen-Stewart-Chanel-Noir-Et-Blanc-Beauty-2.jpg?w=600&amp;ssl=1 600w, https:\/\/i0.wp.com\/agrund.com\/wp-content\/uploads\/sites\/6\/2019\/08\/agrund-Kristen-Stewart-Chanel-Noir-Et-Blanc-Beauty-2.jpg?resize=232%2C300&amp;ssl=1 232w\" sizes=\"(max-width: 600px) 100vw, 600px\" data-recalc-dims=\"1\" \/><figcaption>Kristen Stewart estrela campanha de beleza da Chanel <\/figcaption><\/figure><\/div>\n\n\n\n<p>Fotos: Reprodu\u00e7\u00e3o\/ Chanel Beauty. <\/p>\n","protected":false},"excerpt":{"rendered":"<p>A Chanel convocou sua queridinha Kristen Stewart para estrelar a nova campanha de maquiagem \u2018Noir et Blanc\u2018. Neste outono\/inverno, a grife lan\u00e7a paletas de sombra, batons, al\u00e9m de m\u00e1scaras de c\u00edlios preta e transparente. &#8220;Preto e branco s\u00e3o absolutos da Chanel. H\u00e1 algo profundo e misterioso, e at\u00e9 divino e inocente sobre cada um\u201d, declarou [&hellip;]<\/p>\n","protected":false},"author":8,"featured_media":201002,"comment_status":"open","ping_status":"open","sticky":false,"template":"","format":"standard","meta":{"jetpack_post_was_ever_published":false,"_jetpack_newsletter_access":"","jetpack_publicize_message":"","jetpack_is_tweetstorm":false,"jetpack_publicize_feature_enabled":true,"jetpack_social_post_already_shared":true,"jetpack_social_options":{"image_generator_settings":{"template":"highway","enabled":false}}},"categories":[2],"tags":[395,375,353,352,56,347,686,67],"jetpack_publicize_connections":[],"jetpack_featured_media_url":"https:\/\/i0.wp.com\/agrund.com\/wp-content\/uploads\/sites\/6\/2019\/08\/s-73.jpg?fit=960%2C300&ssl=1","jetpack_sharing_enabled":true,"jetpack_shortlink":"https:\/\/wp.me\/p3Hz0n-QhU","jetpack_likes_enabled":true,"_links":{"self":[{"href":"https:\/\/agrund.com\/index.php\/wp-json\/wp\/v2\/posts\/200998"}],"collection":[{"href":"https:\/\/agrund.com\/index.php\/wp-json\/wp\/v2\/posts"}],"about":[{"href":"https:\/\/agrund.com\/index.php\/wp-json\/wp\/v2\/types\/post"}],"author":[{"embeddable":true,"href":"https:\/\/agrund.com\/index.php\/wp-json\/wp\/v2\/users\/8"}],"replies":[{"embeddable":true,"href":"https:\/\/agrund.com\/index.php\/wp-json\/wp\/v2\/comments?post=200998"}],"version-history":[{"count":1,"href":"https:\/\/agrund.com\/index.php\/wp-json\/wp\/v2\/posts\/200998\/revisions"}],"predecessor-version":[{"id":201003,"href":"https:\/\/agrund.com\/index.php\/wp-json\/wp\/v2\/posts\/200998\/revisions\/201003"}],"wp:featuredmedia":[{"embeddable":true,"href":"https:\/\/agrund.com\/index.php\/wp-json\/wp\/v2\/media\/201002"}],"wp:attachment":[{"href":"https:\/\/agrund.com\/index.php\/wp-json\/wp\/v2\/media?parent=200998"}],"wp:term":[{"taxonomy":"category","embeddable":true,"href":"https:\/\/agrund.com\/index.php\/wp-json\/wp\/v2\/categories?post=200998"},{"taxonomy":"post_tag","embeddable":true,"href":"https:\/\/agrund.com\/index.php\/wp-json\/wp\/v2\/tags?post=200998"}],"curies":[{"name":"wp","href":"https:\/\/api.w.org\/{rel}","templated":true}]}}