{"id":200983,"date":"2019-08-15T11:00:06","date_gmt":"2019-08-15T14:00:06","guid":{"rendered":"http:\/\/www.agrund.com\/?p=200983"},"modified":"2019-08-15T09:56:45","modified_gmt":"2019-08-15T12:56:45","slug":"selena-gomez-vai-lancar-uma-marca-de-beleza","status":"publish","type":"post","link":"https:\/\/agrund.com\/index.php\/selena-gomez-vai-lancar-uma-marca-de-beleza\/","title":{"rendered":"Selena Gomez vai lan\u00e7ar uma marca de beleza"},"content":{"rendered":"\n<p>Aten\u00e7\u00e3o, f\u00e3s de Selena Gomez! Ao que tudo indica, a cantora est\u00e1 prestes a lan\u00e7ar uma marca de beleza hom\u00f4nima.\u00a0<\/p>\n\n\n\n<p>De acordo com os sites internacionais, Selena entrou na justi\u00e7a e patenteou a marca \u201cSelena Gomez\u201d no dia 11 de julho. As informa\u00e7\u00f5es ainda garantem que o registro inclui fragr\u00e2ncias, cosm\u00e9ticos, produtos de skincare e para unhas.\u00a0<\/p>\n\n\n\n<p>Nenhum informa\u00e7\u00e3o oficial sobre a data de lan\u00e7amento foi divulgada, ent\u00e3o nos resta aguardar.<\/p>\n\n\n\n<div class=\"wp-block-image\"><figure class=\"aligncenter\"><img data-attachment-id=\"200984\" data-permalink=\"https:\/\/agrund.com\/index.php\/selena-gomez-vai-lancar-uma-marca-de-beleza\/agrund-selena-gomez\/\" data-orig-file=\"https:\/\/i0.wp.com\/agrund.com\/wp-content\/uploads\/sites\/6\/2019\/08\/agrund-selena-gomez.jpg?fit=600%2C394&amp;ssl=1\" data-orig-size=\"600,394\" data-comments-opened=\"1\" data-image-meta=\"{&quot;aperture&quot;:&quot;0&quot;,&quot;credit&quot;:&quot;&quot;,&quot;camera&quot;:&quot;&quot;,&quot;caption&quot;:&quot;&quot;,&quot;created_timestamp&quot;:&quot;0&quot;,&quot;copyright&quot;:&quot;&quot;,&quot;focal_length&quot;:&quot;0&quot;,&quot;iso&quot;:&quot;0&quot;,&quot;shutter_speed&quot;:&quot;0&quot;,&quot;title&quot;:&quot;&quot;,&quot;orientation&quot;:&quot;1&quot;}\" data-image-title=\"agrund-selena-gomez\" data-image-description=\"\" data-image-caption=\"\" data-medium-file=\"https:\/\/i0.wp.com\/agrund.com\/wp-content\/uploads\/sites\/6\/2019\/08\/agrund-selena-gomez.jpg?fit=300%2C197&amp;ssl=1\" data-large-file=\"https:\/\/i0.wp.com\/agrund.com\/wp-content\/uploads\/sites\/6\/2019\/08\/agrund-selena-gomez.jpg?fit=600%2C394&amp;ssl=1\" decoding=\"async\" loading=\"lazy\" width=\"600\" height=\"394\" src=\"https:\/\/i0.wp.com\/www.agrund.com\/wp-content\/uploads\/sites\/6\/2019\/08\/agrund-selena-gomez.jpg?resize=600%2C394&#038;ssl=1\" alt=\"\" class=\"wp-image-200984\" srcset=\"https:\/\/i0.wp.com\/agrund.com\/wp-content\/uploads\/sites\/6\/2019\/08\/agrund-selena-gomez.jpg?w=600&amp;ssl=1 600w, https:\/\/i0.wp.com\/agrund.com\/wp-content\/uploads\/sites\/6\/2019\/08\/agrund-selena-gomez.jpg?resize=300%2C197&amp;ssl=1 300w\" sizes=\"(max-width: 600px) 100vw, 600px\" data-recalc-dims=\"1\" \/><figcaption>Selena Gomez vai lan\u00e7ar uma marca de beleza<\/figcaption><\/figure><\/div>\n\n\n\n<p>Foto: Reprodu\u00e7\u00e3o. <\/p>\n","protected":false},"excerpt":{"rendered":"<p>Aten\u00e7\u00e3o, f\u00e3s de Selena Gomez! Ao que tudo indica, a cantora est\u00e1 prestes a lan\u00e7ar uma marca de beleza hom\u00f4nima.\u00a0 De acordo com os sites internacionais, Selena entrou na justi\u00e7a e patenteou a marca \u201cSelena Gomez\u201d no dia 11 de julho. As informa\u00e7\u00f5es ainda garantem que o registro inclui fragr\u00e2ncias, cosm\u00e9ticos, produtos de skincare e [&hellip;]<\/p>\n","protected":false},"author":8,"featured_media":200985,"comment_status":"open","ping_status":"open","sticky":false,"template":"","format":"standard","meta":{"jetpack_post_was_ever_published":false,"_jetpack_newsletter_access":"","jetpack_publicize_message":"","jetpack_is_tweetstorm":false,"jetpack_publicize_feature_enabled":true,"jetpack_social_post_already_shared":true,"jetpack_social_options":{"image_generator_settings":{"template":"highway","enabled":false}}},"categories":[2],"tags":[395,375,353,352,511],"jetpack_publicize_connections":[],"jetpack_featured_media_url":"https:\/\/i0.wp.com\/agrund.com\/wp-content\/uploads\/sites\/6\/2019\/08\/s-71.jpg?fit=960%2C300&ssl=1","jetpack_sharing_enabled":true,"jetpack_shortlink":"https:\/\/wp.me\/p3Hz0n-QhF","jetpack_likes_enabled":true,"_links":{"self":[{"href":"https:\/\/agrund.com\/index.php\/wp-json\/wp\/v2\/posts\/200983"}],"collection":[{"href":"https:\/\/agrund.com\/index.php\/wp-json\/wp\/v2\/posts"}],"about":[{"href":"https:\/\/agrund.com\/index.php\/wp-json\/wp\/v2\/types\/post"}],"author":[{"embeddable":true,"href":"https:\/\/agrund.com\/index.php\/wp-json\/wp\/v2\/users\/8"}],"replies":[{"embeddable":true,"href":"https:\/\/agrund.com\/index.php\/wp-json\/wp\/v2\/comments?post=200983"}],"version-history":[{"count":1,"href":"https:\/\/agrund.com\/index.php\/wp-json\/wp\/v2\/posts\/200983\/revisions"}],"predecessor-version":[{"id":200986,"href":"https:\/\/agrund.com\/index.php\/wp-json\/wp\/v2\/posts\/200983\/revisions\/200986"}],"wp:featuredmedia":[{"embeddable":true,"href":"https:\/\/agrund.com\/index.php\/wp-json\/wp\/v2\/media\/200985"}],"wp:attachment":[{"href":"https:\/\/agrund.com\/index.php\/wp-json\/wp\/v2\/media?parent=200983"}],"wp:term":[{"taxonomy":"category","embeddable":true,"href":"https:\/\/agrund.com\/index.php\/wp-json\/wp\/v2\/categories?post=200983"},{"taxonomy":"post_tag","embeddable":true,"href":"https:\/\/agrund.com\/index.php\/wp-json\/wp\/v2\/tags?post=200983"}],"curies":[{"name":"wp","href":"https:\/\/api.w.org\/{rel}","templated":true}]}}