{"id":200962,"date":"2019-08-14T18:00:22","date_gmt":"2019-08-14T21:00:22","guid":{"rendered":"http:\/\/www.agrund.com\/?p=200962"},"modified":"2019-08-14T17:25:34","modified_gmt":"2019-08-14T20:25:34","slug":"homem-brasileiro-2019","status":"publish","type":"post","link":"https:\/\/agrund.com\/index.php\/homem-brasileiro-2019\/","title":{"rendered":"\u2018Homem Brasileiro 2019\u2019"},"content":{"rendered":"\n<p>O \u2019Homem Brasileiro\u2019, primeiro e \u00fanico evento multidisciplinar sobre as transforma\u00e7\u00f5es do homem em rela\u00e7\u00e3o \u00e0 moda, sociedade e o mercado, chega em sua quinta edi\u00e7\u00e3o com uma programa\u00e7\u00e3o incr\u00edvel.\u00a0<\/p>\n\n\n\n<p>Entre os dias 26 e 29 de agosto, o evento criado pelo designer M\u00e1rio Queiroz ocupar\u00e1 tr\u00eas espa\u00e7os da cidade de S\u00e3o Paulo &#8211; ESPM, UNIBES CULTURAL e Centro Cultural S\u00e3o Paulo &#8211; com 10 di\u00e1logos mediados por cerca de 40 nomes de diversas \u00e1reas.\u00a0\u00a0<\/p>\n\n\n\n<p>A programa\u00e7\u00e3o completa com todos os seus participantes pode ser encontrada <a href=\"https:\/\/homembrasileiro.com.br\/programacao\/\">AQUI<\/a>, mas j\u00e1 adiantamos que Arlindo Grund far\u00e1 parte do painel \u2018Moda e Mercados Masculinos\u2019, no dia 27.<\/p>\n\n\n\n<p>O evento \u00e9 gratuito e voc\u00ea deve fazer as inscri\u00e7\u00f5es no pr\u00f3prio site.<\/p>\n\n\n\n<div class=\"wp-block-image\"><figure class=\"aligncenter\"><img data-attachment-id=\"200963\" data-permalink=\"https:\/\/agrund.com\/index.php\/homem-brasileiro-2019\/dialogo3alta\/\" data-orig-file=\"https:\/\/i0.wp.com\/agrund.com\/wp-content\/uploads\/sites\/6\/2019\/08\/dialogo3alta.jpg?fit=600%2C401&amp;ssl=1\" data-orig-size=\"600,401\" data-comments-opened=\"1\" data-image-meta=\"{&quot;aperture&quot;:&quot;0&quot;,&quot;credit&quot;:&quot;&quot;,&quot;camera&quot;:&quot;&quot;,&quot;caption&quot;:&quot;&quot;,&quot;created_timestamp&quot;:&quot;0&quot;,&quot;copyright&quot;:&quot;&quot;,&quot;focal_length&quot;:&quot;0&quot;,&quot;iso&quot;:&quot;0&quot;,&quot;shutter_speed&quot;:&quot;0&quot;,&quot;title&quot;:&quot;&quot;,&quot;orientation&quot;:&quot;1&quot;}\" data-image-title=\"dialogo3alta\" data-image-description=\"\" data-image-caption=\"\" data-medium-file=\"https:\/\/i0.wp.com\/agrund.com\/wp-content\/uploads\/sites\/6\/2019\/08\/dialogo3alta.jpg?fit=300%2C201&amp;ssl=1\" data-large-file=\"https:\/\/i0.wp.com\/agrund.com\/wp-content\/uploads\/sites\/6\/2019\/08\/dialogo3alta.jpg?fit=600%2C401&amp;ssl=1\" decoding=\"async\" loading=\"lazy\" width=\"600\" height=\"401\" src=\"https:\/\/i0.wp.com\/www.agrund.com\/wp-content\/uploads\/sites\/6\/2019\/08\/dialogo3alta.jpg?resize=600%2C401&#038;ssl=1\" alt=\"\" class=\"wp-image-200963\" srcset=\"https:\/\/i0.wp.com\/agrund.com\/wp-content\/uploads\/sites\/6\/2019\/08\/dialogo3alta.jpg?w=600&amp;ssl=1 600w, https:\/\/i0.wp.com\/agrund.com\/wp-content\/uploads\/sites\/6\/2019\/08\/dialogo3alta.jpg?resize=300%2C201&amp;ssl=1 300w\" sizes=\"(max-width: 600px) 100vw, 600px\" data-recalc-dims=\"1\" \/><figcaption>\u2018Homem Brasileiro 2019\u2019 <\/figcaption><\/figure><\/div>\n\n\n\n<div class=\"wp-block-image\"><figure class=\"aligncenter\"><img data-attachment-id=\"200964\" data-permalink=\"https:\/\/agrund.com\/index.php\/homem-brasileiro-2019\/mario_queiroz_mg_5608_bycaddah-alta-2-2\/\" data-orig-file=\"https:\/\/i0.wp.com\/agrund.com\/wp-content\/uploads\/sites\/6\/2019\/08\/Mario_Queiroz_MG_5608_byCADDAH-alta-2.jpg?fit=600%2C400&amp;ssl=1\" data-orig-size=\"600,400\" data-comments-opened=\"1\" data-image-meta=\"{&quot;aperture&quot;:&quot;5&quot;,&quot;credit&quot;:&quot;&quot;,&quot;camera&quot;:&quot;Canon EOS 5D Mark II&quot;,&quot;caption&quot;:&quot;&quot;,&quot;created_timestamp&quot;:&quot;1409242755&quot;,&quot;copyright&quot;:&quot;Sergio Caddah&quot;,&quot;focal_length&quot;:&quot;100&quot;,&quot;iso&quot;:&quot;160&quot;,&quot;shutter_speed&quot;:&quot;0.016666666666667&quot;,&quot;title&quot;:&quot;&quot;,&quot;orientation&quot;:&quot;1&quot;}\" data-image-title=\"Mario_Queiroz_MG_5608_byCADDAH-alta-2\" data-image-description=\"\" data-image-caption=\"\" data-medium-file=\"https:\/\/i0.wp.com\/agrund.com\/wp-content\/uploads\/sites\/6\/2019\/08\/Mario_Queiroz_MG_5608_byCADDAH-alta-2.jpg?fit=300%2C200&amp;ssl=1\" data-large-file=\"https:\/\/i0.wp.com\/agrund.com\/wp-content\/uploads\/sites\/6\/2019\/08\/Mario_Queiroz_MG_5608_byCADDAH-alta-2.jpg?fit=600%2C400&amp;ssl=1\" decoding=\"async\" loading=\"lazy\" width=\"600\" height=\"400\" src=\"https:\/\/i0.wp.com\/www.agrund.com\/wp-content\/uploads\/sites\/6\/2019\/08\/Mario_Queiroz_MG_5608_byCADDAH-alta-2.jpg?resize=600%2C400&#038;ssl=1\" alt=\"\" class=\"wp-image-200964\" srcset=\"https:\/\/i0.wp.com\/agrund.com\/wp-content\/uploads\/sites\/6\/2019\/08\/Mario_Queiroz_MG_5608_byCADDAH-alta-2.jpg?w=600&amp;ssl=1 600w, https:\/\/i0.wp.com\/agrund.com\/wp-content\/uploads\/sites\/6\/2019\/08\/Mario_Queiroz_MG_5608_byCADDAH-alta-2.jpg?resize=300%2C200&amp;ssl=1 300w\" sizes=\"(max-width: 600px) 100vw, 600px\" data-recalc-dims=\"1\" \/><figcaption>\u2018Homem Brasileiro 2019\u2019 <\/figcaption><\/figure><\/div>\n\n\n\n<p><\/p>\n\n\n\n<p>Fotos: Divulga\u00e7\u00e3o. <\/p>\n","protected":false},"excerpt":{"rendered":"<p>O \u2019Homem Brasileiro\u2019, primeiro e \u00fanico evento multidisciplinar sobre as transforma\u00e7\u00f5es do homem em rela\u00e7\u00e3o \u00e0 moda, sociedade e o mercado, chega em sua quinta edi\u00e7\u00e3o com uma programa\u00e7\u00e3o incr\u00edvel.\u00a0 Entre os dias 26 e 29 de agosto, o evento criado pelo designer M\u00e1rio Queiroz ocupar\u00e1 tr\u00eas espa\u00e7os da cidade de S\u00e3o Paulo &#8211; ESPM, [&hellip;]<\/p>\n","protected":false},"author":8,"featured_media":200965,"comment_status":"open","ping_status":"open","sticky":false,"template":"","format":"standard","meta":{"jetpack_post_was_ever_published":false,"_jetpack_newsletter_access":"","jetpack_publicize_message":"","jetpack_is_tweetstorm":false,"jetpack_publicize_feature_enabled":true,"jetpack_social_post_already_shared":true,"jetpack_social_options":{"image_generator_settings":{"template":"highway","enabled":false}}},"categories":[2],"tags":[395,375,347,67,148],"jetpack_publicize_connections":[],"jetpack_featured_media_url":"https:\/\/i0.wp.com\/agrund.com\/wp-content\/uploads\/sites\/6\/2019\/08\/s-69.jpg?fit=960%2C300&ssl=1","jetpack_sharing_enabled":true,"jetpack_shortlink":"https:\/\/wp.me\/p3Hz0n-Qhk","jetpack_likes_enabled":true,"_links":{"self":[{"href":"https:\/\/agrund.com\/index.php\/wp-json\/wp\/v2\/posts\/200962"}],"collection":[{"href":"https:\/\/agrund.com\/index.php\/wp-json\/wp\/v2\/posts"}],"about":[{"href":"https:\/\/agrund.com\/index.php\/wp-json\/wp\/v2\/types\/post"}],"author":[{"embeddable":true,"href":"https:\/\/agrund.com\/index.php\/wp-json\/wp\/v2\/users\/8"}],"replies":[{"embeddable":true,"href":"https:\/\/agrund.com\/index.php\/wp-json\/wp\/v2\/comments?post=200962"}],"version-history":[{"count":1,"href":"https:\/\/agrund.com\/index.php\/wp-json\/wp\/v2\/posts\/200962\/revisions"}],"predecessor-version":[{"id":200966,"href":"https:\/\/agrund.com\/index.php\/wp-json\/wp\/v2\/posts\/200962\/revisions\/200966"}],"wp:featuredmedia":[{"embeddable":true,"href":"https:\/\/agrund.com\/index.php\/wp-json\/wp\/v2\/media\/200965"}],"wp:attachment":[{"href":"https:\/\/agrund.com\/index.php\/wp-json\/wp\/v2\/media?parent=200962"}],"wp:term":[{"taxonomy":"category","embeddable":true,"href":"https:\/\/agrund.com\/index.php\/wp-json\/wp\/v2\/categories?post=200962"},{"taxonomy":"post_tag","embeddable":true,"href":"https:\/\/agrund.com\/index.php\/wp-json\/wp\/v2\/tags?post=200962"}],"curies":[{"name":"wp","href":"https:\/\/api.w.org\/{rel}","templated":true}]}}