{"id":200950,"date":"2019-08-14T15:00:43","date_gmt":"2019-08-14T18:00:43","guid":{"rendered":"http:\/\/www.agrund.com\/?p=200950"},"modified":"2019-08-14T15:00:08","modified_gmt":"2019-08-14T18:00:08","slug":"kendall-jenner-usa-jeans-inusitado","status":"publish","type":"post","link":"https:\/\/agrund.com\/index.php\/kendall-jenner-usa-jeans-inusitado\/","title":{"rendered":"Kendall Jenner usa jeans inusitado"},"content":{"rendered":"\n<p>A cal\u00e7a jeans \u00e9 um item atemporal e obrigat\u00f3rio no guarda-roupa de qualquer homem ou mulher. Com a grande variedade de modelos, fica imposs\u00edvel n\u00e3o encontrar um que se torne o nosso queridinho, n\u00e3o \u00e9 mesmo?\u00a0<\/p>\n\n\n\n<p>Se depender de Kendall Jenner, uma cal\u00e7a bem inusitada ir\u00e1 fazer sucesso nos looks das fashionistas. Ontem (13), a modelo foi fotografada em Los Angeles usando um modelo com dois lados da frente. N\u00e3o entendeu nada? Ao inv\u00e9s de ter a parte de tr\u00e1s como estamos acostumados, a cal\u00e7a possui as costas igual \u00e0 frente, com z\u00edper e bot\u00f5es.<\/p>\n\n\n\n<p>Pesquisando outros looks de Kendall, vimos que esta n\u00e3o foi a primeira vez que ela usou essa cal\u00e7a, ou seja, j\u00e1 virou queridinha mesmo. Ser\u00e1 que a moda pega? A cal\u00e7a \u00e9 da marca novaiorquina OBlanc.\u00a0<\/p>\n\n\n\n<div class=\"wp-block-image\"><figure class=\"aligncenter\"><img data-attachment-id=\"200952\" data-permalink=\"https:\/\/agrund.com\/index.php\/kendall-jenner-usa-jeans-inusitado\/bguk-1683612-019-1565606404-1\/\" data-orig-file=\"https:\/\/i0.wp.com\/agrund.com\/wp-content\/uploads\/sites\/6\/2019\/08\/bguk-1683612-019-1565606404-1.jpg?fit=600%2C937&amp;ssl=1\" data-orig-size=\"600,937\" data-comments-opened=\"1\" data-image-meta=\"{&quot;aperture&quot;:&quot;0&quot;,&quot;credit&quot;:&quot;&quot;,&quot;camera&quot;:&quot;&quot;,&quot;caption&quot;:&quot;&quot;,&quot;created_timestamp&quot;:&quot;0&quot;,&quot;copyright&quot;:&quot;&quot;,&quot;focal_length&quot;:&quot;0&quot;,&quot;iso&quot;:&quot;0&quot;,&quot;shutter_speed&quot;:&quot;0&quot;,&quot;title&quot;:&quot;&quot;,&quot;orientation&quot;:&quot;1&quot;}\" data-image-title=\"bguk-1683612-019-1565606404-1\" data-image-description=\"\" data-image-caption=\"\" data-medium-file=\"https:\/\/i0.wp.com\/agrund.com\/wp-content\/uploads\/sites\/6\/2019\/08\/bguk-1683612-019-1565606404-1.jpg?fit=192%2C300&amp;ssl=1\" data-large-file=\"https:\/\/i0.wp.com\/agrund.com\/wp-content\/uploads\/sites\/6\/2019\/08\/bguk-1683612-019-1565606404-1.jpg?fit=600%2C937&amp;ssl=1\" decoding=\"async\" loading=\"lazy\" width=\"600\" height=\"937\" src=\"https:\/\/i0.wp.com\/www.agrund.com\/wp-content\/uploads\/sites\/6\/2019\/08\/bguk-1683612-019-1565606404-1.jpg?resize=600%2C937&#038;ssl=1\" alt=\"\" class=\"wp-image-200952\" srcset=\"https:\/\/i0.wp.com\/agrund.com\/wp-content\/uploads\/sites\/6\/2019\/08\/bguk-1683612-019-1565606404-1.jpg?w=600&amp;ssl=1 600w, https:\/\/i0.wp.com\/agrund.com\/wp-content\/uploads\/sites\/6\/2019\/08\/bguk-1683612-019-1565606404-1.jpg?resize=192%2C300&amp;ssl=1 192w\" sizes=\"(max-width: 600px) 100vw, 600px\" data-recalc-dims=\"1\" \/><figcaption>Kendall Jenner usa jeans inusitado <\/figcaption><\/figure><\/div>\n\n\n\n<div class=\"wp-block-image\"><figure class=\"aligncenter\"><img data-attachment-id=\"200953\" data-permalink=\"https:\/\/agrund.com\/index.php\/kendall-jenner-usa-jeans-inusitado\/a-5-4\/\" data-orig-file=\"https:\/\/i0.wp.com\/agrund.com\/wp-content\/uploads\/sites\/6\/2019\/08\/a-5.jpg?fit=600%2C900&amp;ssl=1\" data-orig-size=\"600,900\" data-comments-opened=\"1\" data-image-meta=\"{&quot;aperture&quot;:&quot;0&quot;,&quot;credit&quot;:&quot;&quot;,&quot;camera&quot;:&quot;&quot;,&quot;caption&quot;:&quot;&quot;,&quot;created_timestamp&quot;:&quot;0&quot;,&quot;copyright&quot;:&quot;&quot;,&quot;focal_length&quot;:&quot;0&quot;,&quot;iso&quot;:&quot;0&quot;,&quot;shutter_speed&quot;:&quot;0&quot;,&quot;title&quot;:&quot;&quot;,&quot;orientation&quot;:&quot;1&quot;}\" data-image-title=\"a-5\" data-image-description=\"\" data-image-caption=\"\" data-medium-file=\"https:\/\/i0.wp.com\/agrund.com\/wp-content\/uploads\/sites\/6\/2019\/08\/a-5.jpg?fit=200%2C300&amp;ssl=1\" data-large-file=\"https:\/\/i0.wp.com\/agrund.com\/wp-content\/uploads\/sites\/6\/2019\/08\/a-5.jpg?fit=600%2C900&amp;ssl=1\" decoding=\"async\" loading=\"lazy\" width=\"600\" height=\"900\" src=\"https:\/\/i0.wp.com\/www.agrund.com\/wp-content\/uploads\/sites\/6\/2019\/08\/a-5.jpg?resize=600%2C900&#038;ssl=1\" alt=\"\" class=\"wp-image-200953\" srcset=\"https:\/\/i0.wp.com\/agrund.com\/wp-content\/uploads\/sites\/6\/2019\/08\/a-5.jpg?w=600&amp;ssl=1 600w, https:\/\/i0.wp.com\/agrund.com\/wp-content\/uploads\/sites\/6\/2019\/08\/a-5.jpg?resize=200%2C300&amp;ssl=1 200w\" sizes=\"(max-width: 600px) 100vw, 600px\" data-recalc-dims=\"1\" \/><figcaption>Kendall Jenner usa jeans inusitado <\/figcaption><\/figure><\/div>\n\n\n\n<p>Fotos: Reprodu\u00e7\u00e3o. <\/p>\n","protected":false},"excerpt":{"rendered":"<p>A cal\u00e7a jeans \u00e9 um item atemporal e obrigat\u00f3rio no guarda-roupa de qualquer homem ou mulher. Com a grande variedade de modelos, fica imposs\u00edvel n\u00e3o encontrar um que se torne o nosso queridinho, n\u00e3o \u00e9 mesmo?\u00a0 Se depender de Kendall Jenner, uma cal\u00e7a bem inusitada ir\u00e1 fazer sucesso nos looks das fashionistas. Ontem (13), a [&hellip;]<\/p>\n","protected":false},"author":8,"featured_media":200954,"comment_status":"open","ping_status":"open","sticky":false,"template":"","format":"standard","meta":{"jetpack_post_was_ever_published":false,"_jetpack_newsletter_access":"","jetpack_publicize_message":"","jetpack_is_tweetstorm":false,"jetpack_publicize_feature_enabled":true,"jetpack_social_post_already_shared":true,"jetpack_social_options":{"image_generator_settings":{"template":"highway","enabled":false}}},"categories":[2],"tags":[395,375,347,681,72,67],"jetpack_publicize_connections":[],"jetpack_featured_media_url":"https:\/\/i0.wp.com\/agrund.com\/wp-content\/uploads\/sites\/6\/2019\/08\/s-67.jpg?fit=960%2C300&ssl=1","jetpack_sharing_enabled":true,"jetpack_shortlink":"https:\/\/wp.me\/p3Hz0n-Qh8","jetpack_likes_enabled":true,"_links":{"self":[{"href":"https:\/\/agrund.com\/index.php\/wp-json\/wp\/v2\/posts\/200950"}],"collection":[{"href":"https:\/\/agrund.com\/index.php\/wp-json\/wp\/v2\/posts"}],"about":[{"href":"https:\/\/agrund.com\/index.php\/wp-json\/wp\/v2\/types\/post"}],"author":[{"embeddable":true,"href":"https:\/\/agrund.com\/index.php\/wp-json\/wp\/v2\/users\/8"}],"replies":[{"embeddable":true,"href":"https:\/\/agrund.com\/index.php\/wp-json\/wp\/v2\/comments?post=200950"}],"version-history":[{"count":1,"href":"https:\/\/agrund.com\/index.php\/wp-json\/wp\/v2\/posts\/200950\/revisions"}],"predecessor-version":[{"id":200955,"href":"https:\/\/agrund.com\/index.php\/wp-json\/wp\/v2\/posts\/200950\/revisions\/200955"}],"wp:featuredmedia":[{"embeddable":true,"href":"https:\/\/agrund.com\/index.php\/wp-json\/wp\/v2\/media\/200954"}],"wp:attachment":[{"href":"https:\/\/agrund.com\/index.php\/wp-json\/wp\/v2\/media?parent=200950"}],"wp:term":[{"taxonomy":"category","embeddable":true,"href":"https:\/\/agrund.com\/index.php\/wp-json\/wp\/v2\/categories?post=200950"},{"taxonomy":"post_tag","embeddable":true,"href":"https:\/\/agrund.com\/index.php\/wp-json\/wp\/v2\/tags?post=200950"}],"curies":[{"name":"wp","href":"https:\/\/api.w.org\/{rel}","templated":true}]}}