{"id":200904,"date":"2019-08-14T10:00:42","date_gmt":"2019-08-14T13:00:42","guid":{"rendered":"http:\/\/www.agrund.com\/?p=200904"},"modified":"2019-08-14T09:43:36","modified_gmt":"2019-08-14T12:43:36","slug":"cara-delevingne-para-marie-claire-us","status":"publish","type":"post","link":"https:\/\/agrund.com\/index.php\/cara-delevingne-para-marie-claire-us\/","title":{"rendered":"Cara Delevingne para &#8216;Marie Claire US&#8217;"},"content":{"rendered":"\n<p>Mais uma capa de setembro acaba de ser divulgada. Depois da &#8216;Vogue UK&#8217; e &#8216;Vogue US&#8217;, agora foi a vez da &#8216;Marie Claire&#8217; americana revelar que a estrela de sua famosa edi\u00e7\u00e3o anual \u00e9 Cara Delevingne.\u00a0<\/p>\n\n\n\n<p>Fotografada por Thomas Whiteside, a modelo posou nua para o clique principal, um close up onde exibe uma make com aspecto natural. Cara tamb\u00e9m estrela um editorial interno fotografado em uma praia, vestindo looks minimalistas de marcas como Max Mara, Dior e Jil Sander.\u00a0<\/p>\n\n\n\n<p>Veja o resultado na galeria abaixo:<\/p>\n\n\n\n<div class=\"wp-block-image\"><figure class=\"aligncenter\"><img data-attachment-id=\"200905\" data-permalink=\"https:\/\/agrund.com\/index.php\/cara-delevingne-para-marie-claire-us\/agrund-cara-delevingne-marie-claire\/\" data-orig-file=\"https:\/\/i0.wp.com\/agrund.com\/wp-content\/uploads\/sites\/6\/2019\/08\/agrund-Cara-Delevingne-Marie-Claire.jpg?fit=600%2C756&amp;ssl=1\" data-orig-size=\"600,756\" data-comments-opened=\"1\" data-image-meta=\"{&quot;aperture&quot;:&quot;0&quot;,&quot;credit&quot;:&quot;&quot;,&quot;camera&quot;:&quot;&quot;,&quot;caption&quot;:&quot;&quot;,&quot;created_timestamp&quot;:&quot;0&quot;,&quot;copyright&quot;:&quot;&quot;,&quot;focal_length&quot;:&quot;0&quot;,&quot;iso&quot;:&quot;0&quot;,&quot;shutter_speed&quot;:&quot;0&quot;,&quot;title&quot;:&quot;&quot;,&quot;orientation&quot;:&quot;1&quot;}\" data-image-title=\"agrund-Cara-Delevingne-Marie-Claire\" data-image-description=\"\" data-image-caption=\"\" data-medium-file=\"https:\/\/i0.wp.com\/agrund.com\/wp-content\/uploads\/sites\/6\/2019\/08\/agrund-Cara-Delevingne-Marie-Claire.jpg?fit=238%2C300&amp;ssl=1\" data-large-file=\"https:\/\/i0.wp.com\/agrund.com\/wp-content\/uploads\/sites\/6\/2019\/08\/agrund-Cara-Delevingne-Marie-Claire.jpg?fit=600%2C756&amp;ssl=1\" decoding=\"async\" loading=\"lazy\" width=\"600\" height=\"756\" src=\"https:\/\/i0.wp.com\/www.agrund.com\/wp-content\/uploads\/sites\/6\/2019\/08\/agrund-Cara-Delevingne-Marie-Claire.jpg?resize=600%2C756&#038;ssl=1\" alt=\"\" class=\"wp-image-200905\" srcset=\"https:\/\/i0.wp.com\/agrund.com\/wp-content\/uploads\/sites\/6\/2019\/08\/agrund-Cara-Delevingne-Marie-Claire.jpg?w=600&amp;ssl=1 600w, https:\/\/i0.wp.com\/agrund.com\/wp-content\/uploads\/sites\/6\/2019\/08\/agrund-Cara-Delevingne-Marie-Claire.jpg?resize=238%2C300&amp;ssl=1 238w\" sizes=\"(max-width: 600px) 100vw, 600px\" data-recalc-dims=\"1\" \/><figcaption>Cara Delevingne para &#8216;Marie Claire US&#8217;<\/figcaption><\/figure><\/div>\n\n\n\n<div class=\"wp-block-image\"><figure class=\"aligncenter\"><img data-attachment-id=\"200906\" data-permalink=\"https:\/\/agrund.com\/index.php\/cara-delevingne-para-marie-claire-us\/agrund-cara-delevingne-marie-claire-2\/\" data-orig-file=\"https:\/\/i0.wp.com\/agrund.com\/wp-content\/uploads\/sites\/6\/2019\/08\/agrund-Cara-Delevingne-Marie-Claire-2.jpg?fit=600%2C368&amp;ssl=1\" data-orig-size=\"600,368\" data-comments-opened=\"1\" data-image-meta=\"{&quot;aperture&quot;:&quot;0&quot;,&quot;credit&quot;:&quot;&quot;,&quot;camera&quot;:&quot;&quot;,&quot;caption&quot;:&quot;&quot;,&quot;created_timestamp&quot;:&quot;0&quot;,&quot;copyright&quot;:&quot;&quot;,&quot;focal_length&quot;:&quot;0&quot;,&quot;iso&quot;:&quot;0&quot;,&quot;shutter_speed&quot;:&quot;0&quot;,&quot;title&quot;:&quot;&quot;,&quot;orientation&quot;:&quot;1&quot;}\" data-image-title=\"agrund-Cara-Delevingne-Marie-Claire-2\" data-image-description=\"\" data-image-caption=\"\" data-medium-file=\"https:\/\/i0.wp.com\/agrund.com\/wp-content\/uploads\/sites\/6\/2019\/08\/agrund-Cara-Delevingne-Marie-Claire-2.jpg?fit=300%2C184&amp;ssl=1\" data-large-file=\"https:\/\/i0.wp.com\/agrund.com\/wp-content\/uploads\/sites\/6\/2019\/08\/agrund-Cara-Delevingne-Marie-Claire-2.jpg?fit=600%2C368&amp;ssl=1\" decoding=\"async\" loading=\"lazy\" width=\"600\" height=\"368\" src=\"https:\/\/i0.wp.com\/www.agrund.com\/wp-content\/uploads\/sites\/6\/2019\/08\/agrund-Cara-Delevingne-Marie-Claire-2.jpg?resize=600%2C368&#038;ssl=1\" alt=\"\" class=\"wp-image-200906\" srcset=\"https:\/\/i0.wp.com\/agrund.com\/wp-content\/uploads\/sites\/6\/2019\/08\/agrund-Cara-Delevingne-Marie-Claire-2.jpg?w=600&amp;ssl=1 600w, https:\/\/i0.wp.com\/agrund.com\/wp-content\/uploads\/sites\/6\/2019\/08\/agrund-Cara-Delevingne-Marie-Claire-2.jpg?resize=300%2C184&amp;ssl=1 300w\" sizes=\"(max-width: 600px) 100vw, 600px\" data-recalc-dims=\"1\" \/><figcaption>Cara Delevingne para &#8216;Marie Claire US&#8217;<\/figcaption><\/figure><\/div>\n\n\n\n<div class=\"wp-block-image\"><figure class=\"aligncenter\"><img data-attachment-id=\"200907\" data-permalink=\"https:\/\/agrund.com\/index.php\/cara-delevingne-para-marie-claire-us\/agrund-cara-delevingne-marie-claire-3\/\" data-orig-file=\"https:\/\/i0.wp.com\/agrund.com\/wp-content\/uploads\/sites\/6\/2019\/08\/agrund-Cara-Delevingne-Marie-Claire-3.jpg?fit=600%2C722&amp;ssl=1\" data-orig-size=\"600,722\" data-comments-opened=\"1\" data-image-meta=\"{&quot;aperture&quot;:&quot;0&quot;,&quot;credit&quot;:&quot;&quot;,&quot;camera&quot;:&quot;&quot;,&quot;caption&quot;:&quot;&quot;,&quot;created_timestamp&quot;:&quot;0&quot;,&quot;copyright&quot;:&quot;&quot;,&quot;focal_length&quot;:&quot;0&quot;,&quot;iso&quot;:&quot;0&quot;,&quot;shutter_speed&quot;:&quot;0&quot;,&quot;title&quot;:&quot;&quot;,&quot;orientation&quot;:&quot;1&quot;}\" data-image-title=\"agrund-Cara-Delevingne-Marie-Claire-3\" data-image-description=\"\" data-image-caption=\"\" data-medium-file=\"https:\/\/i0.wp.com\/agrund.com\/wp-content\/uploads\/sites\/6\/2019\/08\/agrund-Cara-Delevingne-Marie-Claire-3.jpg?fit=249%2C300&amp;ssl=1\" data-large-file=\"https:\/\/i0.wp.com\/agrund.com\/wp-content\/uploads\/sites\/6\/2019\/08\/agrund-Cara-Delevingne-Marie-Claire-3.jpg?fit=600%2C722&amp;ssl=1\" decoding=\"async\" loading=\"lazy\" width=\"600\" height=\"722\" src=\"https:\/\/i0.wp.com\/www.agrund.com\/wp-content\/uploads\/sites\/6\/2019\/08\/agrund-Cara-Delevingne-Marie-Claire-3.jpg?resize=600%2C722&#038;ssl=1\" alt=\"\" class=\"wp-image-200907\" srcset=\"https:\/\/i0.wp.com\/agrund.com\/wp-content\/uploads\/sites\/6\/2019\/08\/agrund-Cara-Delevingne-Marie-Claire-3.jpg?w=600&amp;ssl=1 600w, https:\/\/i0.wp.com\/agrund.com\/wp-content\/uploads\/sites\/6\/2019\/08\/agrund-Cara-Delevingne-Marie-Claire-3.jpg?resize=249%2C300&amp;ssl=1 249w\" sizes=\"(max-width: 600px) 100vw, 600px\" data-recalc-dims=\"1\" \/><figcaption>Cara Delevingne para &#8216;Marie Claire US&#8217;<\/figcaption><\/figure><\/div>\n\n\n\n<div class=\"wp-block-image\"><figure class=\"aligncenter\"><img data-attachment-id=\"200908\" data-permalink=\"https:\/\/agrund.com\/index.php\/cara-delevingne-para-marie-claire-us\/agrund-cara-delevingne-marie-claire-4\/\" data-orig-file=\"https:\/\/i0.wp.com\/agrund.com\/wp-content\/uploads\/sites\/6\/2019\/08\/agrund-Cara-Delevingne-Marie-Claire-4.jpg?fit=600%2C715&amp;ssl=1\" data-orig-size=\"600,715\" data-comments-opened=\"1\" data-image-meta=\"{&quot;aperture&quot;:&quot;0&quot;,&quot;credit&quot;:&quot;&quot;,&quot;camera&quot;:&quot;&quot;,&quot;caption&quot;:&quot;&quot;,&quot;created_timestamp&quot;:&quot;0&quot;,&quot;copyright&quot;:&quot;&quot;,&quot;focal_length&quot;:&quot;0&quot;,&quot;iso&quot;:&quot;0&quot;,&quot;shutter_speed&quot;:&quot;0&quot;,&quot;title&quot;:&quot;&quot;,&quot;orientation&quot;:&quot;1&quot;}\" data-image-title=\"agrund-Cara-Delevingne-Marie-Claire-4\" data-image-description=\"\" data-image-caption=\"\" data-medium-file=\"https:\/\/i0.wp.com\/agrund.com\/wp-content\/uploads\/sites\/6\/2019\/08\/agrund-Cara-Delevingne-Marie-Claire-4.jpg?fit=252%2C300&amp;ssl=1\" data-large-file=\"https:\/\/i0.wp.com\/agrund.com\/wp-content\/uploads\/sites\/6\/2019\/08\/agrund-Cara-Delevingne-Marie-Claire-4.jpg?fit=600%2C715&amp;ssl=1\" decoding=\"async\" loading=\"lazy\" width=\"600\" height=\"715\" src=\"https:\/\/i0.wp.com\/www.agrund.com\/wp-content\/uploads\/sites\/6\/2019\/08\/agrund-Cara-Delevingne-Marie-Claire-4.jpg?resize=600%2C715&#038;ssl=1\" alt=\"\" class=\"wp-image-200908\" srcset=\"https:\/\/i0.wp.com\/agrund.com\/wp-content\/uploads\/sites\/6\/2019\/08\/agrund-Cara-Delevingne-Marie-Claire-4.jpg?w=600&amp;ssl=1 600w, https:\/\/i0.wp.com\/agrund.com\/wp-content\/uploads\/sites\/6\/2019\/08\/agrund-Cara-Delevingne-Marie-Claire-4.jpg?resize=252%2C300&amp;ssl=1 252w\" sizes=\"(max-width: 600px) 100vw, 600px\" data-recalc-dims=\"1\" \/><figcaption>Cara Delevingne para &#8216;Marie Claire US&#8217;<\/figcaption><\/figure><\/div>\n\n\n\n<div class=\"wp-block-image\"><figure class=\"aligncenter\"><img data-attachment-id=\"200909\" data-permalink=\"https:\/\/agrund.com\/index.php\/cara-delevingne-para-marie-claire-us\/agrund-cara-delevingne-marie-claire-5\/\" data-orig-file=\"https:\/\/i0.wp.com\/agrund.com\/wp-content\/uploads\/sites\/6\/2019\/08\/agrund-Cara-Delevingne-Marie-Claire-5.jpg?fit=600%2C737&amp;ssl=1\" data-orig-size=\"600,737\" data-comments-opened=\"1\" data-image-meta=\"{&quot;aperture&quot;:&quot;0&quot;,&quot;credit&quot;:&quot;&quot;,&quot;camera&quot;:&quot;&quot;,&quot;caption&quot;:&quot;&quot;,&quot;created_timestamp&quot;:&quot;0&quot;,&quot;copyright&quot;:&quot;&quot;,&quot;focal_length&quot;:&quot;0&quot;,&quot;iso&quot;:&quot;0&quot;,&quot;shutter_speed&quot;:&quot;0&quot;,&quot;title&quot;:&quot;&quot;,&quot;orientation&quot;:&quot;1&quot;}\" data-image-title=\"agrund-Cara-Delevingne-Marie-Claire-5\" data-image-description=\"\" data-image-caption=\"\" data-medium-file=\"https:\/\/i0.wp.com\/agrund.com\/wp-content\/uploads\/sites\/6\/2019\/08\/agrund-Cara-Delevingne-Marie-Claire-5.jpg?fit=244%2C300&amp;ssl=1\" data-large-file=\"https:\/\/i0.wp.com\/agrund.com\/wp-content\/uploads\/sites\/6\/2019\/08\/agrund-Cara-Delevingne-Marie-Claire-5.jpg?fit=600%2C737&amp;ssl=1\" decoding=\"async\" loading=\"lazy\" width=\"600\" height=\"737\" src=\"https:\/\/i0.wp.com\/www.agrund.com\/wp-content\/uploads\/sites\/6\/2019\/08\/agrund-Cara-Delevingne-Marie-Claire-5.jpg?resize=600%2C737&#038;ssl=1\" alt=\"\" class=\"wp-image-200909\" srcset=\"https:\/\/i0.wp.com\/agrund.com\/wp-content\/uploads\/sites\/6\/2019\/08\/agrund-Cara-Delevingne-Marie-Claire-5.jpg?w=600&amp;ssl=1 600w, https:\/\/i0.wp.com\/agrund.com\/wp-content\/uploads\/sites\/6\/2019\/08\/agrund-Cara-Delevingne-Marie-Claire-5.jpg?resize=244%2C300&amp;ssl=1 244w\" sizes=\"(max-width: 600px) 100vw, 600px\" data-recalc-dims=\"1\" \/><figcaption>Cara Delevingne para &#8216;Marie Claire US&#8217;<\/figcaption><\/figure><\/div>\n\n\n\n<div class=\"wp-block-image\"><figure class=\"aligncenter\"><img data-attachment-id=\"200910\" data-permalink=\"https:\/\/agrund.com\/index.php\/cara-delevingne-para-marie-claire-us\/agrund-cara-delevingne-marie-claire-6\/\" data-orig-file=\"https:\/\/i0.wp.com\/agrund.com\/wp-content\/uploads\/sites\/6\/2019\/08\/agrund-Cara-Delevingne-Marie-Claire-6.jpg?fit=600%2C746&amp;ssl=1\" data-orig-size=\"600,746\" data-comments-opened=\"1\" data-image-meta=\"{&quot;aperture&quot;:&quot;0&quot;,&quot;credit&quot;:&quot;&quot;,&quot;camera&quot;:&quot;&quot;,&quot;caption&quot;:&quot;&quot;,&quot;created_timestamp&quot;:&quot;0&quot;,&quot;copyright&quot;:&quot;&quot;,&quot;focal_length&quot;:&quot;0&quot;,&quot;iso&quot;:&quot;0&quot;,&quot;shutter_speed&quot;:&quot;0&quot;,&quot;title&quot;:&quot;&quot;,&quot;orientation&quot;:&quot;1&quot;}\" data-image-title=\"agrund-Cara-Delevingne-Marie-Claire-6\" data-image-description=\"\" data-image-caption=\"\" data-medium-file=\"https:\/\/i0.wp.com\/agrund.com\/wp-content\/uploads\/sites\/6\/2019\/08\/agrund-Cara-Delevingne-Marie-Claire-6.jpg?fit=241%2C300&amp;ssl=1\" data-large-file=\"https:\/\/i0.wp.com\/agrund.com\/wp-content\/uploads\/sites\/6\/2019\/08\/agrund-Cara-Delevingne-Marie-Claire-6.jpg?fit=600%2C746&amp;ssl=1\" decoding=\"async\" loading=\"lazy\" width=\"600\" height=\"746\" src=\"https:\/\/i0.wp.com\/www.agrund.com\/wp-content\/uploads\/sites\/6\/2019\/08\/agrund-Cara-Delevingne-Marie-Claire-6.jpg?resize=600%2C746&#038;ssl=1\" alt=\"\" class=\"wp-image-200910\" srcset=\"https:\/\/i0.wp.com\/agrund.com\/wp-content\/uploads\/sites\/6\/2019\/08\/agrund-Cara-Delevingne-Marie-Claire-6.jpg?w=600&amp;ssl=1 600w, https:\/\/i0.wp.com\/agrund.com\/wp-content\/uploads\/sites\/6\/2019\/08\/agrund-Cara-Delevingne-Marie-Claire-6.jpg?resize=241%2C300&amp;ssl=1 241w\" sizes=\"(max-width: 600px) 100vw, 600px\" data-recalc-dims=\"1\" \/><figcaption>Cara Delevingne para &#8216;Marie Claire US&#8217;<\/figcaption><\/figure><\/div>\n\n\n\n<div class=\"wp-block-image\"><figure class=\"aligncenter\"><img data-attachment-id=\"200911\" data-permalink=\"https:\/\/agrund.com\/index.php\/cara-delevingne-para-marie-claire-us\/agrund-cara-delevingne-marie-claire-7\/\" data-orig-file=\"https:\/\/i0.wp.com\/agrund.com\/wp-content\/uploads\/sites\/6\/2019\/08\/agrund-Cara-Delevingne-Marie-Claire-7.jpg?fit=600%2C743&amp;ssl=1\" data-orig-size=\"600,743\" data-comments-opened=\"1\" data-image-meta=\"{&quot;aperture&quot;:&quot;0&quot;,&quot;credit&quot;:&quot;&quot;,&quot;camera&quot;:&quot;&quot;,&quot;caption&quot;:&quot;&quot;,&quot;created_timestamp&quot;:&quot;0&quot;,&quot;copyright&quot;:&quot;&quot;,&quot;focal_length&quot;:&quot;0&quot;,&quot;iso&quot;:&quot;0&quot;,&quot;shutter_speed&quot;:&quot;0&quot;,&quot;title&quot;:&quot;&quot;,&quot;orientation&quot;:&quot;1&quot;}\" data-image-title=\"agrund-Cara-Delevingne-Marie-Claire-7\" data-image-description=\"\" data-image-caption=\"\" data-medium-file=\"https:\/\/i0.wp.com\/agrund.com\/wp-content\/uploads\/sites\/6\/2019\/08\/agrund-Cara-Delevingne-Marie-Claire-7.jpg?fit=242%2C300&amp;ssl=1\" data-large-file=\"https:\/\/i0.wp.com\/agrund.com\/wp-content\/uploads\/sites\/6\/2019\/08\/agrund-Cara-Delevingne-Marie-Claire-7.jpg?fit=600%2C743&amp;ssl=1\" decoding=\"async\" loading=\"lazy\" width=\"600\" height=\"743\" src=\"https:\/\/i0.wp.com\/www.agrund.com\/wp-content\/uploads\/sites\/6\/2019\/08\/agrund-Cara-Delevingne-Marie-Claire-7.jpg?resize=600%2C743&#038;ssl=1\" alt=\"\" class=\"wp-image-200911\" srcset=\"https:\/\/i0.wp.com\/agrund.com\/wp-content\/uploads\/sites\/6\/2019\/08\/agrund-Cara-Delevingne-Marie-Claire-7.jpg?w=600&amp;ssl=1 600w, https:\/\/i0.wp.com\/agrund.com\/wp-content\/uploads\/sites\/6\/2019\/08\/agrund-Cara-Delevingne-Marie-Claire-7.jpg?resize=242%2C300&amp;ssl=1 242w\" sizes=\"(max-width: 600px) 100vw, 600px\" data-recalc-dims=\"1\" \/><figcaption>Cara Delevingne para &#8216;Marie Claire US&#8217;<\/figcaption><\/figure><\/div>\n\n\n\n<div class=\"wp-block-image\"><figure class=\"aligncenter\"><img data-attachment-id=\"200912\" data-permalink=\"https:\/\/agrund.com\/index.php\/cara-delevingne-para-marie-claire-us\/agrund-cara-delevingne-marie-claire-8\/\" data-orig-file=\"https:\/\/i0.wp.com\/agrund.com\/wp-content\/uploads\/sites\/6\/2019\/08\/agrund-Cara-Delevingne-Marie-Claire-8.jpg?fit=600%2C799&amp;ssl=1\" data-orig-size=\"600,799\" data-comments-opened=\"1\" data-image-meta=\"{&quot;aperture&quot;:&quot;0&quot;,&quot;credit&quot;:&quot;&quot;,&quot;camera&quot;:&quot;&quot;,&quot;caption&quot;:&quot;&quot;,&quot;created_timestamp&quot;:&quot;0&quot;,&quot;copyright&quot;:&quot;&quot;,&quot;focal_length&quot;:&quot;0&quot;,&quot;iso&quot;:&quot;0&quot;,&quot;shutter_speed&quot;:&quot;0&quot;,&quot;title&quot;:&quot;&quot;,&quot;orientation&quot;:&quot;1&quot;}\" data-image-title=\"agrund-Cara-Delevingne-Marie-Claire-8\" data-image-description=\"\" data-image-caption=\"\" data-medium-file=\"https:\/\/i0.wp.com\/agrund.com\/wp-content\/uploads\/sites\/6\/2019\/08\/agrund-Cara-Delevingne-Marie-Claire-8.jpg?fit=225%2C300&amp;ssl=1\" data-large-file=\"https:\/\/i0.wp.com\/agrund.com\/wp-content\/uploads\/sites\/6\/2019\/08\/agrund-Cara-Delevingne-Marie-Claire-8.jpg?fit=600%2C799&amp;ssl=1\" decoding=\"async\" loading=\"lazy\" width=\"600\" height=\"799\" src=\"https:\/\/i0.wp.com\/www.agrund.com\/wp-content\/uploads\/sites\/6\/2019\/08\/agrund-Cara-Delevingne-Marie-Claire-8.jpg?resize=600%2C799&#038;ssl=1\" alt=\"\" class=\"wp-image-200912\" srcset=\"https:\/\/i0.wp.com\/agrund.com\/wp-content\/uploads\/sites\/6\/2019\/08\/agrund-Cara-Delevingne-Marie-Claire-8.jpg?w=600&amp;ssl=1 600w, https:\/\/i0.wp.com\/agrund.com\/wp-content\/uploads\/sites\/6\/2019\/08\/agrund-Cara-Delevingne-Marie-Claire-8.jpg?resize=225%2C300&amp;ssl=1 225w\" sizes=\"(max-width: 600px) 100vw, 600px\" data-recalc-dims=\"1\" \/><figcaption>Cara Delevingne para &#8216;Marie Claire US&#8217;<\/figcaption><\/figure><\/div>\n\n\n\n<p>Fotos: Reprodu\u00e7\u00e3o\/ Pinterest. <\/p>\n","protected":false},"excerpt":{"rendered":"<p>Mais uma capa de setembro acaba de ser divulgada. Depois da &#8216;Vogue UK&#8217; e &#8216;Vogue US&#8217;, agora foi a vez da &#8216;Marie Claire&#8217; americana revelar que a estrela de sua famosa edi\u00e7\u00e3o anual \u00e9 Cara Delevingne.\u00a0 Fotografada por Thomas Whiteside, a modelo posou nua para o clique principal, um close up onde exibe uma make [&hellip;]<\/p>\n","protected":false},"author":8,"featured_media":200913,"comment_status":"open","ping_status":"open","sticky":false,"template":"","format":"standard","meta":{"jetpack_post_was_ever_published":false,"_jetpack_newsletter_access":"","jetpack_publicize_message":"","jetpack_is_tweetstorm":false,"jetpack_publicize_feature_enabled":true,"jetpack_social_post_already_shared":true,"jetpack_social_options":{"image_generator_settings":{"template":"highway","enabled":false}}},"categories":[2],"tags":[395,375,353,352,677,347,678,67],"jetpack_publicize_connections":[],"jetpack_featured_media_url":"https:\/\/i0.wp.com\/agrund.com\/wp-content\/uploads\/sites\/6\/2019\/08\/s-62.jpg?fit=960%2C300&ssl=1","jetpack_sharing_enabled":true,"jetpack_shortlink":"https:\/\/wp.me\/p3Hz0n-Qgo","jetpack_likes_enabled":true,"_links":{"self":[{"href":"https:\/\/agrund.com\/index.php\/wp-json\/wp\/v2\/posts\/200904"}],"collection":[{"href":"https:\/\/agrund.com\/index.php\/wp-json\/wp\/v2\/posts"}],"about":[{"href":"https:\/\/agrund.com\/index.php\/wp-json\/wp\/v2\/types\/post"}],"author":[{"embeddable":true,"href":"https:\/\/agrund.com\/index.php\/wp-json\/wp\/v2\/users\/8"}],"replies":[{"embeddable":true,"href":"https:\/\/agrund.com\/index.php\/wp-json\/wp\/v2\/comments?post=200904"}],"version-history":[{"count":1,"href":"https:\/\/agrund.com\/index.php\/wp-json\/wp\/v2\/posts\/200904\/revisions"}],"predecessor-version":[{"id":200914,"href":"https:\/\/agrund.com\/index.php\/wp-json\/wp\/v2\/posts\/200904\/revisions\/200914"}],"wp:featuredmedia":[{"embeddable":true,"href":"https:\/\/agrund.com\/index.php\/wp-json\/wp\/v2\/media\/200913"}],"wp:attachment":[{"href":"https:\/\/agrund.com\/index.php\/wp-json\/wp\/v2\/media?parent=200904"}],"wp:term":[{"taxonomy":"category","embeddable":true,"href":"https:\/\/agrund.com\/index.php\/wp-json\/wp\/v2\/categories?post=200904"},{"taxonomy":"post_tag","embeddable":true,"href":"https:\/\/agrund.com\/index.php\/wp-json\/wp\/v2\/tags?post=200904"}],"curies":[{"name":"wp","href":"https:\/\/api.w.org\/{rel}","templated":true}]}}