{"id":200825,"date":"2019-08-12T11:00:39","date_gmt":"2019-08-12T14:00:39","guid":{"rendered":"http:\/\/www.agrund.com\/?p=200825"},"modified":"2019-08-12T10:58:20","modified_gmt":"2019-08-12T13:58:20","slug":"kylie-jenner-veste-oscar-de-la-renta-em-seu-aniversario","status":"publish","type":"post","link":"https:\/\/agrund.com\/index.php\/kylie-jenner-veste-oscar-de-la-renta-em-seu-aniversario\/","title":{"rendered":"Kylie Jenner veste Oscar de la Renta em seu anivers\u00e1rio"},"content":{"rendered":"\n<p>Se voc\u00ea segue Kylie Jenner no Instagram, sabe que a influencer e empres\u00e1ria comemorou seu anivers\u00e1rio de 22 anos em um iate na Costa Amalfitana, na It\u00e1lia.<\/p>\n\n\n\n<p>Com direito a brunch, festa \u00e0 tarde e \u00e0 noite, Jenner n\u00e3o iria nos decepcionar quanto \u00e0 escolha dos looks, n\u00e3o \u00e9 mesmo? Um vestido em especial nos chamou aten\u00e7\u00e3o. <\/p>\n\n\n\n<p>Avaliado em US$22,290 ( cerca de R$88mil), o modelito de plumas brancas faz parte da cole\u00e7\u00e3o de alta-costura de Oscar de la Renta. Super dram\u00e1tico, ele possui um ombro s\u00f3 e \u00e9 mais curto na frente. Gostou?\u00a0<\/p>\n\n\n\n<div class=\"wp-block-image\"><figure class=\"aligncenter\"><img data-attachment-id=\"200827\" data-permalink=\"https:\/\/agrund.com\/index.php\/kylie-jenner-veste-oscar-de-la-renta-em-seu-aniversario\/1-6-4\/\" data-orig-file=\"https:\/\/i0.wp.com\/agrund.com\/wp-content\/uploads\/sites\/6\/2019\/08\/1-6.jpg?fit=600%2C1036&amp;ssl=1\" data-orig-size=\"600,1036\" data-comments-opened=\"1\" data-image-meta=\"{&quot;aperture&quot;:&quot;0&quot;,&quot;credit&quot;:&quot;&quot;,&quot;camera&quot;:&quot;&quot;,&quot;caption&quot;:&quot;&quot;,&quot;created_timestamp&quot;:&quot;0&quot;,&quot;copyright&quot;:&quot;&quot;,&quot;focal_length&quot;:&quot;0&quot;,&quot;iso&quot;:&quot;0&quot;,&quot;shutter_speed&quot;:&quot;0&quot;,&quot;title&quot;:&quot;&quot;,&quot;orientation&quot;:&quot;1&quot;}\" data-image-title=\"1-6\" data-image-description=\"\" data-image-caption=\"\" data-medium-file=\"https:\/\/i0.wp.com\/agrund.com\/wp-content\/uploads\/sites\/6\/2019\/08\/1-6.jpg?fit=174%2C300&amp;ssl=1\" data-large-file=\"https:\/\/i0.wp.com\/agrund.com\/wp-content\/uploads\/sites\/6\/2019\/08\/1-6.jpg?fit=593%2C1024&amp;ssl=1\" decoding=\"async\" loading=\"lazy\" width=\"600\" height=\"1036\" src=\"https:\/\/i1.wp.com\/www.agrund.com\/wp-content\/uploads\/sites\/6\/2019\/08\/1-6.jpg?fit=593%2C1024&amp;ssl=1\" alt=\"\" class=\"wp-image-200827\" srcset=\"https:\/\/i0.wp.com\/agrund.com\/wp-content\/uploads\/sites\/6\/2019\/08\/1-6.jpg?w=600&amp;ssl=1 600w, https:\/\/i0.wp.com\/agrund.com\/wp-content\/uploads\/sites\/6\/2019\/08\/1-6.jpg?resize=174%2C300&amp;ssl=1 174w, https:\/\/i0.wp.com\/agrund.com\/wp-content\/uploads\/sites\/6\/2019\/08\/1-6.jpg?resize=593%2C1024&amp;ssl=1 593w\" sizes=\"(max-width: 600px) 100vw, 600px\" \/><figcaption>Kylie Jenner veste Oscar de la Renta em seu anivers\u00e1rio  <\/figcaption><\/figure><\/div>\n\n\n\n<div class=\"wp-block-image\"><figure class=\"aligncenter\"><img data-attachment-id=\"200828\" data-permalink=\"https:\/\/agrund.com\/index.php\/kylie-jenner-veste-oscar-de-la-renta-em-seu-aniversario\/agrund-kylie-jenner-vestido\/\" data-orig-file=\"https:\/\/i0.wp.com\/agrund.com\/wp-content\/uploads\/sites\/6\/2019\/08\/agrund-kylie-jenner-vestido.jpg?fit=600%2C872&amp;ssl=1\" data-orig-size=\"600,872\" data-comments-opened=\"1\" data-image-meta=\"{&quot;aperture&quot;:&quot;0&quot;,&quot;credit&quot;:&quot;&quot;,&quot;camera&quot;:&quot;&quot;,&quot;caption&quot;:&quot;&quot;,&quot;created_timestamp&quot;:&quot;0&quot;,&quot;copyright&quot;:&quot;&quot;,&quot;focal_length&quot;:&quot;0&quot;,&quot;iso&quot;:&quot;0&quot;,&quot;shutter_speed&quot;:&quot;0&quot;,&quot;title&quot;:&quot;&quot;,&quot;orientation&quot;:&quot;1&quot;}\" data-image-title=\"agrund-kylie-jenner-vestido\" data-image-description=\"\" data-image-caption=\"\" data-medium-file=\"https:\/\/i0.wp.com\/agrund.com\/wp-content\/uploads\/sites\/6\/2019\/08\/agrund-kylie-jenner-vestido.jpg?fit=206%2C300&amp;ssl=1\" data-large-file=\"https:\/\/i0.wp.com\/agrund.com\/wp-content\/uploads\/sites\/6\/2019\/08\/agrund-kylie-jenner-vestido.jpg?fit=600%2C872&amp;ssl=1\" decoding=\"async\" loading=\"lazy\" width=\"600\" height=\"872\" src=\"https:\/\/i0.wp.com\/www.agrund.com\/wp-content\/uploads\/sites\/6\/2019\/08\/agrund-kylie-jenner-vestido.jpg?resize=600%2C872&#038;ssl=1\" alt=\"\" class=\"wp-image-200828\" srcset=\"https:\/\/i0.wp.com\/agrund.com\/wp-content\/uploads\/sites\/6\/2019\/08\/agrund-kylie-jenner-vestido.jpg?w=600&amp;ssl=1 600w, https:\/\/i0.wp.com\/agrund.com\/wp-content\/uploads\/sites\/6\/2019\/08\/agrund-kylie-jenner-vestido.jpg?resize=206%2C300&amp;ssl=1 206w\" sizes=\"(max-width: 600px) 100vw, 600px\" data-recalc-dims=\"1\" \/><figcaption>Kylie Jenner veste Oscar de la Renta em seu anivers\u00e1rio  <\/figcaption><\/figure><\/div>\n\n\n\n<div class=\"wp-block-image\"><figure class=\"aligncenter\"><img data-attachment-id=\"200829\" data-permalink=\"https:\/\/agrund.com\/index.php\/kylie-jenner-veste-oscar-de-la-renta-em-seu-aniversario\/oscar-kylie\/\" data-orig-file=\"https:\/\/i0.wp.com\/agrund.com\/wp-content\/uploads\/sites\/6\/2019\/08\/oscar-kylie.jpg?fit=1140%2C1515&amp;ssl=1\" data-orig-size=\"1140,1515\" data-comments-opened=\"1\" data-image-meta=\"{&quot;aperture&quot;:&quot;0&quot;,&quot;credit&quot;:&quot;&quot;,&quot;camera&quot;:&quot;&quot;,&quot;caption&quot;:&quot;&quot;,&quot;created_timestamp&quot;:&quot;0&quot;,&quot;copyright&quot;:&quot;&quot;,&quot;focal_length&quot;:&quot;0&quot;,&quot;iso&quot;:&quot;0&quot;,&quot;shutter_speed&quot;:&quot;0&quot;,&quot;title&quot;:&quot;&quot;,&quot;orientation&quot;:&quot;0&quot;}\" data-image-title=\"oscar-kylie\" data-image-description=\"\" data-image-caption=\"\" data-medium-file=\"https:\/\/i0.wp.com\/agrund.com\/wp-content\/uploads\/sites\/6\/2019\/08\/oscar-kylie.jpg?fit=226%2C300&amp;ssl=1\" data-large-file=\"https:\/\/i0.wp.com\/agrund.com\/wp-content\/uploads\/sites\/6\/2019\/08\/oscar-kylie.jpg?fit=771%2C1024&amp;ssl=1\" decoding=\"async\" loading=\"lazy\" width=\"1140\" height=\"1515\" src=\"https:\/\/i1.wp.com\/www.agrund.com\/wp-content\/uploads\/sites\/6\/2019\/08\/oscar-kylie.jpg?fit=771%2C1024&amp;ssl=1\" alt=\"\" class=\"wp-image-200829\" srcset=\"https:\/\/i0.wp.com\/agrund.com\/wp-content\/uploads\/sites\/6\/2019\/08\/oscar-kylie.jpg?w=1140&amp;ssl=1 1140w, https:\/\/i0.wp.com\/agrund.com\/wp-content\/uploads\/sites\/6\/2019\/08\/oscar-kylie.jpg?resize=226%2C300&amp;ssl=1 226w, https:\/\/i0.wp.com\/agrund.com\/wp-content\/uploads\/sites\/6\/2019\/08\/oscar-kylie.jpg?resize=771%2C1024&amp;ssl=1 771w\" sizes=\"(max-width: 1000px) 100vw, 1000px\" \/><figcaption>Kylie Jenner veste Oscar de la Renta em seu anivers\u00e1rio  <\/figcaption><\/figure><\/div>\n\n\n\n<p>Fotos: Reprodu\u00e7\u00e3o\/ Instagram Kylie Jenner. <\/p>\n","protected":false},"excerpt":{"rendered":"<p>Se voc\u00ea segue Kylie Jenner no Instagram, sabe que a influencer e empres\u00e1ria comemorou seu anivers\u00e1rio de 22 anos em um iate na Costa Amalfitana, na It\u00e1lia. Com direito a brunch, festa \u00e0 tarde e \u00e0 noite, Jenner n\u00e3o iria nos decepcionar quanto \u00e0 escolha dos looks, n\u00e3o \u00e9 mesmo? Um vestido em especial nos [&hellip;]<\/p>\n","protected":false},"author":8,"featured_media":200830,"comment_status":"open","ping_status":"open","sticky":false,"template":"","format":"standard","meta":{"jetpack_post_was_ever_published":false,"_jetpack_newsletter_access":"","jetpack_publicize_message":"","jetpack_is_tweetstorm":false,"jetpack_publicize_feature_enabled":true,"jetpack_social_post_already_shared":true,"jetpack_social_options":{"image_generator_settings":{"template":"highway","enabled":false}}},"categories":[2],"tags":[],"jetpack_publicize_connections":[],"jetpack_featured_media_url":"https:\/\/i0.wp.com\/agrund.com\/wp-content\/uploads\/sites\/6\/2019\/08\/s-52.jpg?fit=960%2C300&ssl=1","jetpack_sharing_enabled":true,"jetpack_shortlink":"https:\/\/wp.me\/p3Hz0n-Qf7","jetpack_likes_enabled":true,"_links":{"self":[{"href":"https:\/\/agrund.com\/index.php\/wp-json\/wp\/v2\/posts\/200825"}],"collection":[{"href":"https:\/\/agrund.com\/index.php\/wp-json\/wp\/v2\/posts"}],"about":[{"href":"https:\/\/agrund.com\/index.php\/wp-json\/wp\/v2\/types\/post"}],"author":[{"embeddable":true,"href":"https:\/\/agrund.com\/index.php\/wp-json\/wp\/v2\/users\/8"}],"replies":[{"embeddable":true,"href":"https:\/\/agrund.com\/index.php\/wp-json\/wp\/v2\/comments?post=200825"}],"version-history":[{"count":1,"href":"https:\/\/agrund.com\/index.php\/wp-json\/wp\/v2\/posts\/200825\/revisions"}],"predecessor-version":[{"id":200831,"href":"https:\/\/agrund.com\/index.php\/wp-json\/wp\/v2\/posts\/200825\/revisions\/200831"}],"wp:featuredmedia":[{"embeddable":true,"href":"https:\/\/agrund.com\/index.php\/wp-json\/wp\/v2\/media\/200830"}],"wp:attachment":[{"href":"https:\/\/agrund.com\/index.php\/wp-json\/wp\/v2\/media?parent=200825"}],"wp:term":[{"taxonomy":"category","embeddable":true,"href":"https:\/\/agrund.com\/index.php\/wp-json\/wp\/v2\/categories?post=200825"},{"taxonomy":"post_tag","embeddable":true,"href":"https:\/\/agrund.com\/index.php\/wp-json\/wp\/v2\/tags?post=200825"}],"curies":[{"name":"wp","href":"https:\/\/api.w.org\/{rel}","templated":true}]}}