{"id":200802,"date":"2019-08-09T18:00:32","date_gmt":"2019-08-09T21:00:32","guid":{"rendered":"http:\/\/www.agrund.com\/?p=200802"},"modified":"2019-08-09T17:12:44","modified_gmt":"2019-08-09T20:12:44","slug":"bolsa-redonda-conquista-as-famosas","status":"publish","type":"post","link":"https:\/\/agrund.com\/index.php\/bolsa-redonda-conquista-as-famosas\/","title":{"rendered":"Bolsa redonda conquista as famosas"},"content":{"rendered":"\n<p>Por Ros\u00e2ngela Espinossi, do <a href=\"https:\/\/www.elasnotapetevermelho.com.br\/\">Elas no Tapete Vermelho<\/a><\/p>\n\n\n\n<p>As\u00a0bolsas\u00a0facilitam o dia a dia e ainda incrementam os looks. Os tradicionais modelos retangulares agora dividem espa\u00e7o com a tend\u00eancia dos\u00a0redondos. Paolla Oliveira (tanto na vida real quanto na novela), Juliana Paes e Paula Fernandes\u00a0s\u00e3o algumas das famosas que entraram na moda e provaram que vai do casual \u00e0 festa, dependendo do material e dos complementos.<\/p>\n\n\n\n<p>No dia a dia, que tal apostar em pe\u00e7as mais descontra\u00eddas, como de palha e croch\u00ea? As em couro s\u00e3o mais vers\u00e1teis, principalmente em cores neutras. O shape arredondado tamb\u00e9m aparece em acess\u00f3rios envernizados e com pedrarias, que caem bem com eventos formais. Inspire-se:<\/p>\n\n\n\n<div class=\"wp-block-image\"><figure class=\"aligncenter\"><img data-attachment-id=\"200803\" data-permalink=\"https:\/\/agrund.com\/index.php\/bolsa-redonda-conquista-as-famosas\/5-1-4\/\" data-orig-file=\"https:\/\/i0.wp.com\/agrund.com\/wp-content\/uploads\/sites\/6\/2019\/08\/5-1.jpg?fit=600%2C394&amp;ssl=1\" data-orig-size=\"600,394\" data-comments-opened=\"1\" data-image-meta=\"{&quot;aperture&quot;:&quot;0&quot;,&quot;credit&quot;:&quot;&quot;,&quot;camera&quot;:&quot;&quot;,&quot;caption&quot;:&quot;&quot;,&quot;created_timestamp&quot;:&quot;0&quot;,&quot;copyright&quot;:&quot;&quot;,&quot;focal_length&quot;:&quot;0&quot;,&quot;iso&quot;:&quot;0&quot;,&quot;shutter_speed&quot;:&quot;0&quot;,&quot;title&quot;:&quot;&quot;,&quot;orientation&quot;:&quot;1&quot;}\" data-image-title=\"5-1\" data-image-description=\"\" data-image-caption=\"\" data-medium-file=\"https:\/\/i0.wp.com\/agrund.com\/wp-content\/uploads\/sites\/6\/2019\/08\/5-1.jpg?fit=300%2C197&amp;ssl=1\" data-large-file=\"https:\/\/i0.wp.com\/agrund.com\/wp-content\/uploads\/sites\/6\/2019\/08\/5-1.jpg?fit=600%2C394&amp;ssl=1\" decoding=\"async\" loading=\"lazy\" width=\"600\" height=\"394\" src=\"https:\/\/i0.wp.com\/www.agrund.com\/wp-content\/uploads\/sites\/6\/2019\/08\/5-1.jpg?resize=600%2C394&#038;ssl=1\" alt=\"\" class=\"wp-image-200803\" srcset=\"https:\/\/i0.wp.com\/agrund.com\/wp-content\/uploads\/sites\/6\/2019\/08\/5-1.jpg?w=600&amp;ssl=1 600w, https:\/\/i0.wp.com\/agrund.com\/wp-content\/uploads\/sites\/6\/2019\/08\/5-1.jpg?resize=300%2C197&amp;ssl=1 300w\" sizes=\"(max-width: 600px) 100vw, 600px\" data-recalc-dims=\"1\" \/><figcaption>Bolsa redonda conquista as famosas<\/figcaption><\/figure><\/div>\n\n\n\n<p><strong>Juliana Paes<\/strong>&nbsp;seguiu a tend\u00eancia da bolsa redonda com um modelo de palha. Estava tamb\u00e9m de sand\u00e1lia e vestido m\u00eddi vermelhos.<\/p>\n\n\n\n<p><strong>#ficaadica1:<\/strong>\u00a0Engana-se quem pensa que bolsa de palha combina apenas com praia. Est\u00e1 com tudo no visual urbano. Pode apostar!<\/p>\n\n\n\n<div class=\"wp-block-image\"><figure class=\"aligncenter\"><img data-attachment-id=\"200804\" data-permalink=\"https:\/\/agrund.com\/index.php\/bolsa-redonda-conquista-as-famosas\/1-5-3\/\" data-orig-file=\"https:\/\/i0.wp.com\/agrund.com\/wp-content\/uploads\/sites\/6\/2019\/08\/1-5.jpg?fit=600%2C405&amp;ssl=1\" data-orig-size=\"600,405\" data-comments-opened=\"1\" data-image-meta=\"{&quot;aperture&quot;:&quot;0&quot;,&quot;credit&quot;:&quot;Patricia Navarro&quot;,&quot;camera&quot;:&quot;&quot;,&quot;caption&quot;:&quot;&quot;,&quot;created_timestamp&quot;:&quot;0&quot;,&quot;copyright&quot;:&quot;&quot;,&quot;focal_length&quot;:&quot;0&quot;,&quot;iso&quot;:&quot;0&quot;,&quot;shutter_speed&quot;:&quot;0&quot;,&quot;title&quot;:&quot;&quot;,&quot;orientation&quot;:&quot;1&quot;}\" data-image-title=\"1-5\" data-image-description=\"\" data-image-caption=\"\" data-medium-file=\"https:\/\/i0.wp.com\/agrund.com\/wp-content\/uploads\/sites\/6\/2019\/08\/1-5.jpg?fit=300%2C203&amp;ssl=1\" data-large-file=\"https:\/\/i0.wp.com\/agrund.com\/wp-content\/uploads\/sites\/6\/2019\/08\/1-5.jpg?fit=600%2C405&amp;ssl=1\" decoding=\"async\" loading=\"lazy\" width=\"600\" height=\"405\" src=\"https:\/\/i0.wp.com\/www.agrund.com\/wp-content\/uploads\/sites\/6\/2019\/08\/1-5.jpg?resize=600%2C405&#038;ssl=1\" alt=\"\" class=\"wp-image-200804\" srcset=\"https:\/\/i0.wp.com\/agrund.com\/wp-content\/uploads\/sites\/6\/2019\/08\/1-5.jpg?w=600&amp;ssl=1 600w, https:\/\/i0.wp.com\/agrund.com\/wp-content\/uploads\/sites\/6\/2019\/08\/1-5.jpg?resize=300%2C203&amp;ssl=1 300w\" sizes=\"(max-width: 600px) 100vw, 600px\" data-recalc-dims=\"1\" \/><figcaption>Bolsa redonda conquista as famosas<\/figcaption><\/figure><\/div>\n\n\n\n<p><strong>Paula Fernandes<\/strong>&nbsp;apostou em macaquinho brilhante, que combinou com bolsa redonda e escarpim pretos.<\/p>\n\n\n\n<p><strong>#ficaadica2:<\/strong>\u00a0A bolsa preta e com al\u00e7a de corrente pode ir tanto para a balada quanto para uma festa formal.<\/p>\n\n\n\n<div class=\"wp-block-image\"><figure class=\"aligncenter\"><img data-attachment-id=\"200805\" data-permalink=\"https:\/\/agrund.com\/index.php\/bolsa-redonda-conquista-as-famosas\/3-3-10\/\" data-orig-file=\"https:\/\/i0.wp.com\/agrund.com\/wp-content\/uploads\/sites\/6\/2019\/08\/3-3.jpg?fit=600%2C398&amp;ssl=1\" data-orig-size=\"600,398\" data-comments-opened=\"1\" data-image-meta=\"{&quot;aperture&quot;:&quot;0&quot;,&quot;credit&quot;:&quot;&quot;,&quot;camera&quot;:&quot;&quot;,&quot;caption&quot;:&quot;&quot;,&quot;created_timestamp&quot;:&quot;0&quot;,&quot;copyright&quot;:&quot;&quot;,&quot;focal_length&quot;:&quot;0&quot;,&quot;iso&quot;:&quot;0&quot;,&quot;shutter_speed&quot;:&quot;0&quot;,&quot;title&quot;:&quot;&quot;,&quot;orientation&quot;:&quot;1&quot;}\" data-image-title=\"3-3\" data-image-description=\"\" data-image-caption=\"\" data-medium-file=\"https:\/\/i0.wp.com\/agrund.com\/wp-content\/uploads\/sites\/6\/2019\/08\/3-3.jpg?fit=300%2C199&amp;ssl=1\" data-large-file=\"https:\/\/i0.wp.com\/agrund.com\/wp-content\/uploads\/sites\/6\/2019\/08\/3-3.jpg?fit=600%2C398&amp;ssl=1\" decoding=\"async\" loading=\"lazy\" width=\"600\" height=\"398\" src=\"https:\/\/i0.wp.com\/www.agrund.com\/wp-content\/uploads\/sites\/6\/2019\/08\/3-3.jpg?resize=600%2C398&#038;ssl=1\" alt=\"\" class=\"wp-image-200805\" srcset=\"https:\/\/i0.wp.com\/agrund.com\/wp-content\/uploads\/sites\/6\/2019\/08\/3-3.jpg?w=600&amp;ssl=1 600w, https:\/\/i0.wp.com\/agrund.com\/wp-content\/uploads\/sites\/6\/2019\/08\/3-3.jpg?resize=300%2C199&amp;ssl=1 300w\" sizes=\"(max-width: 600px) 100vw, 600px\" data-recalc-dims=\"1\" \/><figcaption>Bolsa redonda conquista as famosas<\/figcaption><\/figure><\/div>\n\n\n\n<p>Em um evento,&nbsp;<strong>Paolla Oliveira<\/strong>&nbsp;posou com bolsa vermelha redonda, blusa de moletom da Gucci, saia de couro vinho e cal\u00e7ado branco. Gostou?<\/p>\n\n\n\n<p><strong>#ficaadica3:<\/strong>\u00a0A bolsa transversal \u00e9 bem pr\u00e1tica, porque deixa as m\u00e3os livres. Costuma ser usada na altura do quadril, mas tamb\u00e9m tem aparecido mais curta, chegando \u00e0 cintura. Aposte em pe\u00e7as com al\u00e7a regul\u00e1vel para ajustar de acordo com a sua prefer\u00eancia.<\/p>\n\n\n\n<div class=\"wp-block-image\"><figure class=\"aligncenter\"><img data-attachment-id=\"200806\" data-permalink=\"https:\/\/agrund.com\/index.php\/bolsa-redonda-conquista-as-famosas\/2-3-8\/\" data-orig-file=\"https:\/\/i0.wp.com\/agrund.com\/wp-content\/uploads\/sites\/6\/2019\/08\/2-3.jpg?fit=600%2C384&amp;ssl=1\" data-orig-size=\"600,384\" data-comments-opened=\"1\" data-image-meta=\"{&quot;aperture&quot;:&quot;0&quot;,&quot;credit&quot;:&quot;Patricia Navarro&quot;,&quot;camera&quot;:&quot;&quot;,&quot;caption&quot;:&quot;&quot;,&quot;created_timestamp&quot;:&quot;0&quot;,&quot;copyright&quot;:&quot;&quot;,&quot;focal_length&quot;:&quot;0&quot;,&quot;iso&quot;:&quot;0&quot;,&quot;shutter_speed&quot;:&quot;0&quot;,&quot;title&quot;:&quot;&quot;,&quot;orientation&quot;:&quot;1&quot;}\" data-image-title=\"2-3\" data-image-description=\"\" data-image-caption=\"\" data-medium-file=\"https:\/\/i0.wp.com\/agrund.com\/wp-content\/uploads\/sites\/6\/2019\/08\/2-3.jpg?fit=300%2C192&amp;ssl=1\" data-large-file=\"https:\/\/i0.wp.com\/agrund.com\/wp-content\/uploads\/sites\/6\/2019\/08\/2-3.jpg?fit=600%2C384&amp;ssl=1\" decoding=\"async\" loading=\"lazy\" width=\"600\" height=\"384\" src=\"https:\/\/i0.wp.com\/www.agrund.com\/wp-content\/uploads\/sites\/6\/2019\/08\/2-3.jpg?resize=600%2C384&#038;ssl=1\" alt=\"\" class=\"wp-image-200806\" srcset=\"https:\/\/i0.wp.com\/agrund.com\/wp-content\/uploads\/sites\/6\/2019\/08\/2-3.jpg?w=600&amp;ssl=1 600w, https:\/\/i0.wp.com\/agrund.com\/wp-content\/uploads\/sites\/6\/2019\/08\/2-3.jpg?resize=300%2C192&amp;ssl=1 300w\" sizes=\"(max-width: 600px) 100vw, 600px\" data-recalc-dims=\"1\" \/><figcaption>Bolsa redonda conquista as famosas<\/figcaption><\/figure><\/div>\n\n\n\n<p><strong>Vivi Guedes<\/strong>, interpretada por&nbsp;<strong>Paolla Oliveira<\/strong>&nbsp;na novela \u201c<strong>A Dona do Peda\u00e7o<\/strong>\u201c, usou vestido preto com&nbsp;bolsa vermelha redonda e bota em animal print.<\/p>\n\n\n\n<p><strong>#ficaadica4:<\/strong>\u00a0Bolsas em cores chamativas ajudam a conferir estilo a looks neutros.<\/p>\n\n\n\n<p><\/p>\n\n\n\n<p>Fotos: Reprodu\u00e7\u00e3o\/ AgNews\/ Instagram. <\/p>\n","protected":false},"excerpt":{"rendered":"<p>Por Ros\u00e2ngela Espinossi, do Elas no Tapete Vermelho As\u00a0bolsas\u00a0facilitam o dia a dia e ainda incrementam os looks. Os tradicionais modelos retangulares agora dividem espa\u00e7o com a tend\u00eancia dos\u00a0redondos. Paolla Oliveira (tanto na vida real quanto na novela), Juliana Paes e Paula Fernandes\u00a0s\u00e3o algumas das famosas que entraram na moda e provaram que vai do [&hellip;]<\/p>\n","protected":false},"author":8,"featured_media":200807,"comment_status":"open","ping_status":"open","sticky":false,"template":"","format":"standard","meta":{"jetpack_post_was_ever_published":false,"_jetpack_newsletter_access":"","jetpack_publicize_message":"","jetpack_is_tweetstorm":false,"jetpack_publicize_feature_enabled":true,"jetpack_social_post_already_shared":true,"jetpack_social_options":{"image_generator_settings":{"template":"highway","enabled":false}}},"categories":[2],"tags":[],"jetpack_publicize_connections":[],"jetpack_featured_media_url":"https:\/\/i0.wp.com\/agrund.com\/wp-content\/uploads\/sites\/6\/2019\/08\/s-47.jpg?fit=960%2C300&ssl=1","jetpack_sharing_enabled":true,"jetpack_shortlink":"https:\/\/wp.me\/p3Hz0n-QeK","jetpack_likes_enabled":true,"_links":{"self":[{"href":"https:\/\/agrund.com\/index.php\/wp-json\/wp\/v2\/posts\/200802"}],"collection":[{"href":"https:\/\/agrund.com\/index.php\/wp-json\/wp\/v2\/posts"}],"about":[{"href":"https:\/\/agrund.com\/index.php\/wp-json\/wp\/v2\/types\/post"}],"author":[{"embeddable":true,"href":"https:\/\/agrund.com\/index.php\/wp-json\/wp\/v2\/users\/8"}],"replies":[{"embeddable":true,"href":"https:\/\/agrund.com\/index.php\/wp-json\/wp\/v2\/comments?post=200802"}],"version-history":[{"count":1,"href":"https:\/\/agrund.com\/index.php\/wp-json\/wp\/v2\/posts\/200802\/revisions"}],"predecessor-version":[{"id":200808,"href":"https:\/\/agrund.com\/index.php\/wp-json\/wp\/v2\/posts\/200802\/revisions\/200808"}],"wp:featuredmedia":[{"embeddable":true,"href":"https:\/\/agrund.com\/index.php\/wp-json\/wp\/v2\/media\/200807"}],"wp:attachment":[{"href":"https:\/\/agrund.com\/index.php\/wp-json\/wp\/v2\/media?parent=200802"}],"wp:term":[{"taxonomy":"category","embeddable":true,"href":"https:\/\/agrund.com\/index.php\/wp-json\/wp\/v2\/categories?post=200802"},{"taxonomy":"post_tag","embeddable":true,"href":"https:\/\/agrund.com\/index.php\/wp-json\/wp\/v2\/tags?post=200802"}],"curies":[{"name":"wp","href":"https:\/\/api.w.org\/{rel}","templated":true}]}}