{"id":200788,"date":"2019-08-09T16:00:55","date_gmt":"2019-08-09T19:00:55","guid":{"rendered":"http:\/\/www.agrund.com\/?p=200788"},"modified":"2019-08-09T16:45:10","modified_gmt":"2019-08-09T19:45:10","slug":"transformacoes-na-moda-noiva","status":"publish","type":"post","link":"https:\/\/agrund.com\/index.php\/transformacoes-na-moda-noiva\/","title":{"rendered":"Transforma\u00e7\u00f5es na moda noiva"},"content":{"rendered":"\n<p>Por Lel\u00ea Santhana<\/p>\n\n\n\n<p>A moda sempre ser\u00e1 um reflexo dos tempos. Ao longo das d\u00e9cadas, podemos perceber que a forma que cada gera\u00e7\u00e3o se vestia reflete sobre os pensamentos, viv\u00eancias e momentos daquela realidade. O momento presente prova isso, j\u00e1 que\u00a0cada vez mais as barreiras entre o que se entende de feminilidade e masculinidade s\u00e3o quebradas. Enquanto as mulheres desconstroem a silhueta com shapes oversized e abusam dos sapato sem saltos, os homens se sentem mais \u00e0 vontade para arriscar e brincar com a moda. Ademais, a moda sem g\u00eanero tamb\u00e9m ascendeu, nascendo uma leva de marcas com este conceito que conquistou seus p\u00fablicos.<\/p>\n\n\n\n<p>Diante de tantas mudan\u00e7as, as marcas est\u00e3o renovando os seus posicionamentos e repensando a forma de fazer moda na contemporaneidade. E o mercado de moda noiva n\u00e3o fica de fora dessa! Ao analisarmos as cole\u00e7\u00f5es Bridal Spring 2020, percebemos que as cal\u00e7as est\u00e3o ganhando espa\u00e7o neste universo e o classicismo j\u00e1 n\u00e3o \u00e9 mais uma preocupa\u00e7\u00e3o a ser seguida pelas noivinhas. Confira:\u00a0<\/p>\n\n\n\n<div class=\"wp-block-image\"><figure class=\"aligncenter\"><img data-attachment-id=\"200789\" data-permalink=\"https:\/\/agrund.com\/index.php\/transformacoes-na-moda-noiva\/img_9653-2\/\" data-orig-file=\"https:\/\/i0.wp.com\/agrund.com\/wp-content\/uploads\/sites\/6\/2019\/08\/IMG_9653.jpg?fit=600%2C901&amp;ssl=1\" data-orig-size=\"600,901\" data-comments-opened=\"1\" data-image-meta=\"{&quot;aperture&quot;:&quot;0&quot;,&quot;credit&quot;:&quot;&quot;,&quot;camera&quot;:&quot;&quot;,&quot;caption&quot;:&quot;&quot;,&quot;created_timestamp&quot;:&quot;0&quot;,&quot;copyright&quot;:&quot;&quot;,&quot;focal_length&quot;:&quot;0&quot;,&quot;iso&quot;:&quot;0&quot;,&quot;shutter_speed&quot;:&quot;0&quot;,&quot;title&quot;:&quot;&quot;,&quot;orientation&quot;:&quot;1&quot;}\" data-image-title=\"IMG_9653\" data-image-description=\"\" data-image-caption=\"\" data-medium-file=\"https:\/\/i0.wp.com\/agrund.com\/wp-content\/uploads\/sites\/6\/2019\/08\/IMG_9653.jpg?fit=200%2C300&amp;ssl=1\" data-large-file=\"https:\/\/i0.wp.com\/agrund.com\/wp-content\/uploads\/sites\/6\/2019\/08\/IMG_9653.jpg?fit=600%2C901&amp;ssl=1\" decoding=\"async\" loading=\"lazy\" width=\"600\" height=\"901\" src=\"https:\/\/i0.wp.com\/www.agrund.com\/wp-content\/uploads\/sites\/6\/2019\/08\/IMG_9653.jpg?resize=600%2C901&#038;ssl=1\" alt=\"\" class=\"wp-image-200789\" srcset=\"https:\/\/i0.wp.com\/agrund.com\/wp-content\/uploads\/sites\/6\/2019\/08\/IMG_9653.jpg?w=600&amp;ssl=1 600w, https:\/\/i0.wp.com\/agrund.com\/wp-content\/uploads\/sites\/6\/2019\/08\/IMG_9653.jpg?resize=200%2C300&amp;ssl=1 200w\" sizes=\"(max-width: 600px) 100vw, 600px\" data-recalc-dims=\"1\" \/><figcaption>Transforma\u00e7\u00f5es na moda noiva<\/figcaption><\/figure><\/div>\n\n\n\n<p>H\u00e1 algumas d\u00e9cadas, ver uma noiva usando uma cal\u00e7a ou um macac\u00e3o no lugar do tradicional vestido seria inaceit\u00e1vel. Por\u00e9m, os tempos mudaram e hoje, apesar de ainda n\u00e3o ser recorrente, j\u00e1 \u00e9 uma realidade. At\u00e9 as marcas mais tradicionais como Oscar de la Renta e Carolina Herrera est\u00e3o atentas a este novo momento e se preocupando em trazer pe\u00e7as como essas para as suas cole\u00e7\u00f5es.<\/p>\n\n\n\n<div class=\"wp-block-image\"><figure class=\"aligncenter\"><img data-attachment-id=\"200790\" data-permalink=\"https:\/\/agrund.com\/index.php\/transformacoes-na-moda-noiva\/img_9654\/\" data-orig-file=\"https:\/\/i0.wp.com\/agrund.com\/wp-content\/uploads\/sites\/6\/2019\/08\/IMG_9654.jpg?fit=600%2C901&amp;ssl=1\" data-orig-size=\"600,901\" data-comments-opened=\"1\" data-image-meta=\"{&quot;aperture&quot;:&quot;0&quot;,&quot;credit&quot;:&quot;&quot;,&quot;camera&quot;:&quot;&quot;,&quot;caption&quot;:&quot;&quot;,&quot;created_timestamp&quot;:&quot;0&quot;,&quot;copyright&quot;:&quot;&quot;,&quot;focal_length&quot;:&quot;0&quot;,&quot;iso&quot;:&quot;0&quot;,&quot;shutter_speed&quot;:&quot;0&quot;,&quot;title&quot;:&quot;&quot;,&quot;orientation&quot;:&quot;1&quot;}\" data-image-title=\"IMG_9654\" data-image-description=\"\" data-image-caption=\"\" data-medium-file=\"https:\/\/i0.wp.com\/agrund.com\/wp-content\/uploads\/sites\/6\/2019\/08\/IMG_9654.jpg?fit=200%2C300&amp;ssl=1\" data-large-file=\"https:\/\/i0.wp.com\/agrund.com\/wp-content\/uploads\/sites\/6\/2019\/08\/IMG_9654.jpg?fit=600%2C901&amp;ssl=1\" decoding=\"async\" loading=\"lazy\" width=\"600\" height=\"901\" src=\"https:\/\/i0.wp.com\/www.agrund.com\/wp-content\/uploads\/sites\/6\/2019\/08\/IMG_9654.jpg?resize=600%2C901&#038;ssl=1\" alt=\"\" class=\"wp-image-200790\" srcset=\"https:\/\/i0.wp.com\/agrund.com\/wp-content\/uploads\/sites\/6\/2019\/08\/IMG_9654.jpg?w=600&amp;ssl=1 600w, https:\/\/i0.wp.com\/agrund.com\/wp-content\/uploads\/sites\/6\/2019\/08\/IMG_9654.jpg?resize=200%2C300&amp;ssl=1 200w\" sizes=\"(max-width: 600px) 100vw, 600px\" data-recalc-dims=\"1\" \/><figcaption>Transforma\u00e7\u00f5es na moda noiva<\/figcaption><\/figure><\/div>\n\n\n\n<p>Outro ponto que chama aten\u00e7\u00e3o \u00e9 que agora aparecem tamb\u00e9m vestidos menos cl\u00e1ssicos. O tule,\u00a0\u00a0a saia rodada e a cintura marcada ficam de lado, abrindo espa\u00e7o para shapes diferenciados, recortes e texturas nada \u00f3bvias. A pe\u00e7a passa a ganhar informa\u00e7\u00e3o de moda e modernidade, atendendo perfeitamente \u00e0quelas mulheres antenadas que querem demonstrar sua autenticidade no grande dia.Seja usando vestido ou cal\u00e7a, em um estilo cl\u00e1ssico ou moderno, no dia do seu casamento, a noiva deve estar feliz com o que est\u00e1 vestindo e se sentindo bem ao se olhar no espelho.\u00a0<br><\/p>\n\n\n\n<p>Instagram: <a href=\"https:\/\/www.instagram.com\/lelesanthana\/\">@lelesanthana<\/a><\/p>\n\n\n\n<p><\/p>\n\n\n\n<p>Fotos: Reprodu\u00e7\u00e3o. <\/p>\n","protected":false},"excerpt":{"rendered":"<p>Por Lel\u00ea Santhana A moda sempre ser\u00e1 um reflexo dos tempos. Ao longo das d\u00e9cadas, podemos perceber que a forma que cada gera\u00e7\u00e3o se vestia reflete sobre os pensamentos, viv\u00eancias e momentos daquela realidade. O momento presente prova isso, j\u00e1 que\u00a0cada vez mais as barreiras entre o que se entende de feminilidade e masculinidade s\u00e3o [&hellip;]<\/p>\n","protected":false},"author":8,"featured_media":200791,"comment_status":"open","ping_status":"open","sticky":false,"template":"","format":"standard","meta":{"jetpack_post_was_ever_published":false,"_jetpack_newsletter_access":"","jetpack_publicize_message":"","jetpack_is_tweetstorm":false,"jetpack_publicize_feature_enabled":true,"jetpack_social_post_already_shared":true,"jetpack_social_options":{"image_generator_settings":{"template":"highway","enabled":false}}},"categories":[2],"tags":[395,375,660,656,659,347,72,438,67,657,79,658,661],"jetpack_publicize_connections":[],"jetpack_featured_media_url":"https:\/\/i0.wp.com\/agrund.com\/wp-content\/uploads\/sites\/6\/2019\/08\/s-45.jpg?fit=960%2C300&ssl=1","jetpack_sharing_enabled":true,"jetpack_shortlink":"https:\/\/wp.me\/p3Hz0n-Qew","jetpack_likes_enabled":true,"_links":{"self":[{"href":"https:\/\/agrund.com\/index.php\/wp-json\/wp\/v2\/posts\/200788"}],"collection":[{"href":"https:\/\/agrund.com\/index.php\/wp-json\/wp\/v2\/posts"}],"about":[{"href":"https:\/\/agrund.com\/index.php\/wp-json\/wp\/v2\/types\/post"}],"author":[{"embeddable":true,"href":"https:\/\/agrund.com\/index.php\/wp-json\/wp\/v2\/users\/8"}],"replies":[{"embeddable":true,"href":"https:\/\/agrund.com\/index.php\/wp-json\/wp\/v2\/comments?post=200788"}],"version-history":[{"count":1,"href":"https:\/\/agrund.com\/index.php\/wp-json\/wp\/v2\/posts\/200788\/revisions"}],"predecessor-version":[{"id":200792,"href":"https:\/\/agrund.com\/index.php\/wp-json\/wp\/v2\/posts\/200788\/revisions\/200792"}],"wp:featuredmedia":[{"embeddable":true,"href":"https:\/\/agrund.com\/index.php\/wp-json\/wp\/v2\/media\/200791"}],"wp:attachment":[{"href":"https:\/\/agrund.com\/index.php\/wp-json\/wp\/v2\/media?parent=200788"}],"wp:term":[{"taxonomy":"category","embeddable":true,"href":"https:\/\/agrund.com\/index.php\/wp-json\/wp\/v2\/categories?post=200788"},{"taxonomy":"post_tag","embeddable":true,"href":"https:\/\/agrund.com\/index.php\/wp-json\/wp\/v2\/tags?post=200788"}],"curies":[{"name":"wp","href":"https:\/\/api.w.org\/{rel}","templated":true}]}}