{"id":200786,"date":"2019-08-09T17:00:13","date_gmt":"2019-08-09T20:00:13","guid":{"rendered":"http:\/\/www.agrund.com\/?p=200786"},"modified":"2019-08-09T16:55:16","modified_gmt":"2019-08-09T19:55:16","slug":"time-de-celebridades-estrela-campanha-de-calcado","status":"publish","type":"post","link":"https:\/\/agrund.com\/index.php\/time-de-celebridades-estrela-campanha-de-calcado\/","title":{"rendered":"Time de celebridades estrela campanha de cal\u00e7ado"},"content":{"rendered":"\n<p>Thaila Ayala, Fluvia Lacerda, Samantha Schmutz, Agnes Nunes, Ana Claudia Michels e D\u00e9bora Nascimento formam o time de estrelas que a Arezzo convidou para sua campanha Ver\u00e3o 2020.&nbsp;<\/p>\n\n\n\n<p>O projeto, fotografado na Praia Barra de S\u00e3o Miguel, em Alagoas, tem o intuito de refor\u00e7ar a import\u00e2ncia da uni\u00e3o feminina, trazendo mulheres de estilos bem distintos para mostrar como uma pode inspirar a outra e que juntas elas se fortalecem.&nbsp;<\/p>\n\n\n\n<p>O&nbsp;mood&nbsp;da campanha reafirma que a esta\u00e7\u00e3o mais aguardada do ano est\u00e1 chegando &#8211; \u00e9poca de aproveitar o melhor da vida ao ar livre, tirar um tempo para si mesma, respirar profundamente.&nbsp;<\/p>\n\n\n\n<p>Dividida em tr\u00eas temas &#8211; Neo Bohemian Feminino, Colore e Neo Bohemian R\u00fastico &#8211; a&nbsp;cole\u00e7\u00e3o apresenta as principais apostas para a esta\u00e7\u00e3o mais quente do ano, com direito a amarra\u00e7\u00f5es, saltos arquitet\u00f4nicos, tiras finas, madeira, r\u00e1fia, couros naturais e cores vibrantes.<\/p>\n\n\n\n<p>A dire\u00e7\u00e3o da campanha \u00e9 de Giovanni Bianco e voc\u00ea confere as primeiras imagens na galeria abaixo:&nbsp;<\/p>\n\n\n\n<div class=\"wp-block-image\"><figure class=\"aligncenter\"><img data-attachment-id=\"200794\" data-permalink=\"https:\/\/agrund.com\/index.php\/time-de-celebridades-estrela-campanha-de-calcado\/agrund-arezzo-6\/\" data-orig-file=\"https:\/\/i0.wp.com\/agrund.com\/wp-content\/uploads\/sites\/6\/2019\/08\/agrund-arezzo-6.jpg?fit=600%2C899&amp;ssl=1\" data-orig-size=\"600,899\" data-comments-opened=\"1\" data-image-meta=\"{&quot;aperture&quot;:&quot;8&quot;,&quot;credit&quot;:&quot;&quot;,&quot;camera&quot;:&quot;NIKON D810&quot;,&quot;caption&quot;:&quot;&quot;,&quot;created_timestamp&quot;:&quot;1400957461&quot;,&quot;copyright&quot;:&quot;Thiago Auge Digital Retouching Studio 2018\\u00a9&quot;,&quot;focal_length&quot;:&quot;18&quot;,&quot;iso&quot;:&quot;200&quot;,&quot;shutter_speed&quot;:&quot;0.003125&quot;,&quot;title&quot;:&quot;&quot;,&quot;orientation&quot;:&quot;1&quot;}\" data-image-title=\"agrund-arezzo-6\" data-image-description=\"\" data-image-caption=\"\" data-medium-file=\"https:\/\/i0.wp.com\/agrund.com\/wp-content\/uploads\/sites\/6\/2019\/08\/agrund-arezzo-6.jpg?fit=200%2C300&amp;ssl=1\" data-large-file=\"https:\/\/i0.wp.com\/agrund.com\/wp-content\/uploads\/sites\/6\/2019\/08\/agrund-arezzo-6.jpg?fit=600%2C899&amp;ssl=1\" decoding=\"async\" loading=\"lazy\" width=\"600\" height=\"899\" src=\"https:\/\/i0.wp.com\/www.agrund.com\/wp-content\/uploads\/sites\/6\/2019\/08\/agrund-arezzo-6.jpg?resize=600%2C899&#038;ssl=1\" alt=\"\" class=\"wp-image-200794\" srcset=\"https:\/\/i0.wp.com\/agrund.com\/wp-content\/uploads\/sites\/6\/2019\/08\/agrund-arezzo-6.jpg?w=600&amp;ssl=1 600w, https:\/\/i0.wp.com\/agrund.com\/wp-content\/uploads\/sites\/6\/2019\/08\/agrund-arezzo-6.jpg?resize=200%2C300&amp;ssl=1 200w\" sizes=\"(max-width: 600px) 100vw, 600px\" data-recalc-dims=\"1\" \/><figcaption>Time de celebridades estrela campanha de cal\u00e7ado<\/figcaption><\/figure><\/div>\n\n\n\n<div class=\"wp-block-image\"><figure class=\"aligncenter\"><img data-attachment-id=\"200795\" data-permalink=\"https:\/\/agrund.com\/index.php\/time-de-celebridades-estrela-campanha-de-calcado\/agrund-arezzo-2\/\" data-orig-file=\"https:\/\/i0.wp.com\/agrund.com\/wp-content\/uploads\/sites\/6\/2019\/08\/agrund-arezzo-2.jpg?fit=600%2C815&amp;ssl=1\" data-orig-size=\"600,815\" data-comments-opened=\"1\" data-image-meta=\"{&quot;aperture&quot;:&quot;8&quot;,&quot;credit&quot;:&quot;&quot;,&quot;camera&quot;:&quot;NIKON D810&quot;,&quot;caption&quot;:&quot;&quot;,&quot;created_timestamp&quot;:&quot;1400961767&quot;,&quot;copyright&quot;:&quot;Thiago Auge Digital Retouching Studio 2018\\u00a9&quot;,&quot;focal_length&quot;:&quot;16&quot;,&quot;iso&quot;:&quot;200&quot;,&quot;shutter_speed&quot;:&quot;0.0025&quot;,&quot;title&quot;:&quot;&quot;,&quot;orientation&quot;:&quot;1&quot;}\" data-image-title=\"agrund-arezzo-2\" data-image-description=\"\" data-image-caption=\"\" data-medium-file=\"https:\/\/i0.wp.com\/agrund.com\/wp-content\/uploads\/sites\/6\/2019\/08\/agrund-arezzo-2.jpg?fit=221%2C300&amp;ssl=1\" data-large-file=\"https:\/\/i0.wp.com\/agrund.com\/wp-content\/uploads\/sites\/6\/2019\/08\/agrund-arezzo-2.jpg?fit=600%2C815&amp;ssl=1\" decoding=\"async\" loading=\"lazy\" width=\"600\" height=\"815\" src=\"https:\/\/i0.wp.com\/www.agrund.com\/wp-content\/uploads\/sites\/6\/2019\/08\/agrund-arezzo-2.jpg?resize=600%2C815&#038;ssl=1\" alt=\"\" class=\"wp-image-200795\" srcset=\"https:\/\/i0.wp.com\/agrund.com\/wp-content\/uploads\/sites\/6\/2019\/08\/agrund-arezzo-2.jpg?w=600&amp;ssl=1 600w, https:\/\/i0.wp.com\/agrund.com\/wp-content\/uploads\/sites\/6\/2019\/08\/agrund-arezzo-2.jpg?resize=221%2C300&amp;ssl=1 221w\" sizes=\"(max-width: 600px) 100vw, 600px\" data-recalc-dims=\"1\" \/><figcaption>Time de celebridades estrela campanha de cal\u00e7ado<\/figcaption><\/figure><\/div>\n\n\n\n<div class=\"wp-block-image\"><figure class=\"aligncenter\"><img data-attachment-id=\"200796\" data-permalink=\"https:\/\/agrund.com\/index.php\/time-de-celebridades-estrela-campanha-de-calcado\/agrund-arezzo-4\/\" data-orig-file=\"https:\/\/i0.wp.com\/agrund.com\/wp-content\/uploads\/sites\/6\/2019\/08\/agrund-arezzo-4.jpg?fit=600%2C800&amp;ssl=1\" data-orig-size=\"600,800\" data-comments-opened=\"1\" data-image-meta=\"{&quot;aperture&quot;:&quot;8&quot;,&quot;credit&quot;:&quot;&quot;,&quot;camera&quot;:&quot;IQ3 100MP Trichr&quot;,&quot;caption&quot;:&quot;&quot;,&quot;created_timestamp&quot;:&quot;1559394609&quot;,&quot;copyright&quot;:&quot;Thiago Auge Digital Retouching Studio 2018\\u00a9&quot;,&quot;focal_length&quot;:&quot;55&quot;,&quot;iso&quot;:&quot;200&quot;,&quot;shutter_speed&quot;:&quot;0.004&quot;,&quot;title&quot;:&quot;&quot;,&quot;orientation&quot;:&quot;1&quot;}\" data-image-title=\"agrund-arezzo-4\" data-image-description=\"\" data-image-caption=\"\" data-medium-file=\"https:\/\/i0.wp.com\/agrund.com\/wp-content\/uploads\/sites\/6\/2019\/08\/agrund-arezzo-4.jpg?fit=225%2C300&amp;ssl=1\" data-large-file=\"https:\/\/i0.wp.com\/agrund.com\/wp-content\/uploads\/sites\/6\/2019\/08\/agrund-arezzo-4.jpg?fit=600%2C800&amp;ssl=1\" decoding=\"async\" loading=\"lazy\" width=\"600\" height=\"800\" src=\"https:\/\/i0.wp.com\/www.agrund.com\/wp-content\/uploads\/sites\/6\/2019\/08\/agrund-arezzo-4.jpg?resize=600%2C800&#038;ssl=1\" alt=\"\" class=\"wp-image-200796\" srcset=\"https:\/\/i0.wp.com\/agrund.com\/wp-content\/uploads\/sites\/6\/2019\/08\/agrund-arezzo-4.jpg?w=600&amp;ssl=1 600w, https:\/\/i0.wp.com\/agrund.com\/wp-content\/uploads\/sites\/6\/2019\/08\/agrund-arezzo-4.jpg?resize=225%2C300&amp;ssl=1 225w\" sizes=\"(max-width: 600px) 100vw, 600px\" data-recalc-dims=\"1\" \/><figcaption>Time de celebridades estrela campanha de cal\u00e7ado<\/figcaption><\/figure><\/div>\n\n\n\n<div class=\"wp-block-image\"><figure class=\"aligncenter\"><img data-attachment-id=\"200797\" data-permalink=\"https:\/\/agrund.com\/index.php\/time-de-celebridades-estrela-campanha-de-calcado\/agrund-arezzo-1\/\" data-orig-file=\"https:\/\/i0.wp.com\/agrund.com\/wp-content\/uploads\/sites\/6\/2019\/08\/agrund-arezzo-1.jpg?fit=600%2C400&amp;ssl=1\" data-orig-size=\"600,400\" data-comments-opened=\"1\" data-image-meta=\"{&quot;aperture&quot;:&quot;10&quot;,&quot;credit&quot;:&quot;&quot;,&quot;camera&quot;:&quot;NIKON D810&quot;,&quot;caption&quot;:&quot;&quot;,&quot;created_timestamp&quot;:&quot;1400953328&quot;,&quot;copyright&quot;:&quot;Thiago Auge Digital Retouching Studio 2018\\u00a9&quot;,&quot;focal_length&quot;:&quot;22&quot;,&quot;iso&quot;:&quot;400&quot;,&quot;shutter_speed&quot;:&quot;0.003125&quot;,&quot;title&quot;:&quot;&quot;,&quot;orientation&quot;:&quot;1&quot;}\" data-image-title=\"agrund-arezzo-1\" data-image-description=\"\" data-image-caption=\"\" data-medium-file=\"https:\/\/i0.wp.com\/agrund.com\/wp-content\/uploads\/sites\/6\/2019\/08\/agrund-arezzo-1.jpg?fit=300%2C200&amp;ssl=1\" data-large-file=\"https:\/\/i0.wp.com\/agrund.com\/wp-content\/uploads\/sites\/6\/2019\/08\/agrund-arezzo-1.jpg?fit=600%2C400&amp;ssl=1\" decoding=\"async\" loading=\"lazy\" width=\"600\" height=\"400\" src=\"https:\/\/i0.wp.com\/www.agrund.com\/wp-content\/uploads\/sites\/6\/2019\/08\/agrund-arezzo-1.jpg?resize=600%2C400&#038;ssl=1\" alt=\"\" class=\"wp-image-200797\" srcset=\"https:\/\/i0.wp.com\/agrund.com\/wp-content\/uploads\/sites\/6\/2019\/08\/agrund-arezzo-1.jpg?w=600&amp;ssl=1 600w, https:\/\/i0.wp.com\/agrund.com\/wp-content\/uploads\/sites\/6\/2019\/08\/agrund-arezzo-1.jpg?resize=300%2C200&amp;ssl=1 300w\" sizes=\"(max-width: 600px) 100vw, 600px\" data-recalc-dims=\"1\" \/><figcaption>Time de celebridades estrela campanha de cal\u00e7ado<\/figcaption><\/figure><\/div>\n\n\n\n<div class=\"wp-block-image\"><figure class=\"aligncenter\"><img data-attachment-id=\"200798\" data-permalink=\"https:\/\/agrund.com\/index.php\/time-de-celebridades-estrela-campanha-de-calcado\/agrund-arezzo-5\/\" data-orig-file=\"https:\/\/i0.wp.com\/agrund.com\/wp-content\/uploads\/sites\/6\/2019\/08\/agrund-arezzo-5.jpg?fit=600%2C800&amp;ssl=1\" data-orig-size=\"600,800\" data-comments-opened=\"1\" data-image-meta=\"{&quot;aperture&quot;:&quot;8&quot;,&quot;credit&quot;:&quot;&quot;,&quot;camera&quot;:&quot;IQ3 100MP Trichr&quot;,&quot;caption&quot;:&quot;&quot;,&quot;created_timestamp&quot;:&quot;1559393537&quot;,&quot;copyright&quot;:&quot;Thiago Auge Digital Retouching Studio 2018\\u00a9&quot;,&quot;focal_length&quot;:&quot;55&quot;,&quot;iso&quot;:&quot;200&quot;,&quot;shutter_speed&quot;:&quot;0.003125&quot;,&quot;title&quot;:&quot;&quot;,&quot;orientation&quot;:&quot;1&quot;}\" data-image-title=\"agrund-arezzo-5\" data-image-description=\"\" data-image-caption=\"\" data-medium-file=\"https:\/\/i0.wp.com\/agrund.com\/wp-content\/uploads\/sites\/6\/2019\/08\/agrund-arezzo-5.jpg?fit=225%2C300&amp;ssl=1\" data-large-file=\"https:\/\/i0.wp.com\/agrund.com\/wp-content\/uploads\/sites\/6\/2019\/08\/agrund-arezzo-5.jpg?fit=600%2C800&amp;ssl=1\" decoding=\"async\" loading=\"lazy\" width=\"600\" height=\"800\" src=\"https:\/\/i0.wp.com\/www.agrund.com\/wp-content\/uploads\/sites\/6\/2019\/08\/agrund-arezzo-5.jpg?resize=600%2C800&#038;ssl=1\" alt=\"\" class=\"wp-image-200798\" srcset=\"https:\/\/i0.wp.com\/agrund.com\/wp-content\/uploads\/sites\/6\/2019\/08\/agrund-arezzo-5.jpg?w=600&amp;ssl=1 600w, https:\/\/i0.wp.com\/agrund.com\/wp-content\/uploads\/sites\/6\/2019\/08\/agrund-arezzo-5.jpg?resize=225%2C300&amp;ssl=1 225w\" sizes=\"(max-width: 600px) 100vw, 600px\" data-recalc-dims=\"1\" \/><figcaption>Time de celebridades estrela campanha de cal\u00e7ado<\/figcaption><\/figure><\/div>\n\n\n\n<div class=\"wp-block-image\"><figure class=\"aligncenter\"><img data-attachment-id=\"200799\" data-permalink=\"https:\/\/agrund.com\/index.php\/time-de-celebridades-estrela-campanha-de-calcado\/agrund-arezzo-3\/\" data-orig-file=\"https:\/\/i0.wp.com\/agrund.com\/wp-content\/uploads\/sites\/6\/2019\/08\/agrund-arezzo-3.jpg?fit=600%2C899&amp;ssl=1\" data-orig-size=\"600,899\" data-comments-opened=\"1\" data-image-meta=\"{&quot;aperture&quot;:&quot;9&quot;,&quot;credit&quot;:&quot;&quot;,&quot;camera&quot;:&quot;NIKON D810&quot;,&quot;caption&quot;:&quot;&quot;,&quot;created_timestamp&quot;:&quot;1400955352&quot;,&quot;copyright&quot;:&quot;Thiago Auge Digital Retouching Studio 2018\\u00a9&quot;,&quot;focal_length&quot;:&quot;22&quot;,&quot;iso&quot;:&quot;200&quot;,&quot;shutter_speed&quot;:&quot;0.0025&quot;,&quot;title&quot;:&quot;&quot;,&quot;orientation&quot;:&quot;1&quot;}\" data-image-title=\"agrund-arezzo-3\" data-image-description=\"\" data-image-caption=\"\" data-medium-file=\"https:\/\/i0.wp.com\/agrund.com\/wp-content\/uploads\/sites\/6\/2019\/08\/agrund-arezzo-3.jpg?fit=200%2C300&amp;ssl=1\" data-large-file=\"https:\/\/i0.wp.com\/agrund.com\/wp-content\/uploads\/sites\/6\/2019\/08\/agrund-arezzo-3.jpg?fit=600%2C899&amp;ssl=1\" decoding=\"async\" loading=\"lazy\" width=\"600\" height=\"899\" src=\"https:\/\/i0.wp.com\/www.agrund.com\/wp-content\/uploads\/sites\/6\/2019\/08\/agrund-arezzo-3.jpg?resize=600%2C899&#038;ssl=1\" alt=\"\" class=\"wp-image-200799\" srcset=\"https:\/\/i0.wp.com\/agrund.com\/wp-content\/uploads\/sites\/6\/2019\/08\/agrund-arezzo-3.jpg?w=600&amp;ssl=1 600w, https:\/\/i0.wp.com\/agrund.com\/wp-content\/uploads\/sites\/6\/2019\/08\/agrund-arezzo-3.jpg?resize=200%2C300&amp;ssl=1 200w\" sizes=\"(max-width: 600px) 100vw, 600px\" data-recalc-dims=\"1\" \/><figcaption>Time de celebridades estrela campanha de cal\u00e7ado<\/figcaption><\/figure><\/div>\n\n\n\n<p>Fotos: Divulga\u00e7\u00e3o\/ Nicole Heiniger. <\/p>\n","protected":false},"excerpt":{"rendered":"<p>Thaila Ayala, Fluvia Lacerda, Samantha Schmutz, Agnes Nunes, Ana Claudia Michels e D\u00e9bora Nascimento formam o time de estrelas que a Arezzo convidou para sua campanha Ver\u00e3o 2020.&nbsp; O projeto, fotografado na Praia Barra de S\u00e3o Miguel, em Alagoas, tem o intuito de refor\u00e7ar a import\u00e2ncia da uni\u00e3o feminina, trazendo mulheres de estilos bem distintos [&hellip;]<\/p>\n","protected":false},"author":8,"featured_media":200800,"comment_status":"open","ping_status":"open","sticky":false,"template":"","format":"standard","meta":{"jetpack_post_was_ever_published":false,"_jetpack_newsletter_access":"","jetpack_publicize_message":"","jetpack_is_tweetstorm":false,"jetpack_publicize_feature_enabled":true,"jetpack_social_post_already_shared":true,"jetpack_social_options":{"image_generator_settings":{"template":"highway","enabled":false}}},"categories":[2],"tags":[395,662,375,666,390,347,67,664,663,665],"jetpack_publicize_connections":[],"jetpack_featured_media_url":"https:\/\/i0.wp.com\/agrund.com\/wp-content\/uploads\/sites\/6\/2019\/08\/s-46.jpg?fit=960%2C300&ssl=1","jetpack_sharing_enabled":true,"jetpack_shortlink":"https:\/\/wp.me\/p3Hz0n-Qeu","jetpack_likes_enabled":true,"_links":{"self":[{"href":"https:\/\/agrund.com\/index.php\/wp-json\/wp\/v2\/posts\/200786"}],"collection":[{"href":"https:\/\/agrund.com\/index.php\/wp-json\/wp\/v2\/posts"}],"about":[{"href":"https:\/\/agrund.com\/index.php\/wp-json\/wp\/v2\/types\/post"}],"author":[{"embeddable":true,"href":"https:\/\/agrund.com\/index.php\/wp-json\/wp\/v2\/users\/8"}],"replies":[{"embeddable":true,"href":"https:\/\/agrund.com\/index.php\/wp-json\/wp\/v2\/comments?post=200786"}],"version-history":[{"count":2,"href":"https:\/\/agrund.com\/index.php\/wp-json\/wp\/v2\/posts\/200786\/revisions"}],"predecessor-version":[{"id":200801,"href":"https:\/\/agrund.com\/index.php\/wp-json\/wp\/v2\/posts\/200786\/revisions\/200801"}],"wp:featuredmedia":[{"embeddable":true,"href":"https:\/\/agrund.com\/index.php\/wp-json\/wp\/v2\/media\/200800"}],"wp:attachment":[{"href":"https:\/\/agrund.com\/index.php\/wp-json\/wp\/v2\/media?parent=200786"}],"wp:term":[{"taxonomy":"category","embeddable":true,"href":"https:\/\/agrund.com\/index.php\/wp-json\/wp\/v2\/categories?post=200786"},{"taxonomy":"post_tag","embeddable":true,"href":"https:\/\/agrund.com\/index.php\/wp-json\/wp\/v2\/tags?post=200786"}],"curies":[{"name":"wp","href":"https:\/\/api.w.org\/{rel}","templated":true}]}}