{"id":200767,"date":"2019-08-09T13:00:55","date_gmt":"2019-08-09T16:00:55","guid":{"rendered":"http:\/\/www.agrund.com\/?p=200767"},"modified":"2019-08-09T12:01:38","modified_gmt":"2019-08-09T15:01:38","slug":"dior-lanca-canudos-reutilizaveis","status":"publish","type":"post","link":"https:\/\/agrund.com\/index.php\/dior-lanca-canudos-reutilizaveis\/","title":{"rendered":"Dior lan\u00e7a canudos reutiliz\u00e1veis"},"content":{"rendered":"\n<p>Cada vez mais as marcas de moda se mostram preocupadas com quest\u00f5es ambientais e de sustentabilidade, fazendo mudan\u00e7as grandes e pequenas, mas importantes.&nbsp;<\/p>\n\n\n\n<p>Em meio \u00e0 onda de discuss\u00f5es sobre a n\u00e3o utiliza\u00e7\u00e3o dos canudos de pl\u00e1stico, a Dior resolveu lan\u00e7ar a sua vers\u00e3o grifada dos canudos reutiliz\u00e1veis. Feitas de vidro, as pe\u00e7as ganharam uma vers\u00e3o em dourado e outra transparente com detalhes em dourado.&nbsp;<\/p>\n\n\n\n<p>Ambos os modelos s\u00e3o vendidos juntos em um kit com seis &#8211; tr\u00eas de cada &#8211; dentro de uma caixa com estampa floral por US$147 (cerca de R$580).&nbsp;<\/p>\n\n\n\n<div class=\"wp-block-image\"><figure class=\"aligncenter\"><img data-attachment-id=\"200769\" data-permalink=\"https:\/\/agrund.com\/index.php\/dior-lanca-canudos-reutilizaveis\/agrund-dior-canudo\/\" data-orig-file=\"https:\/\/i0.wp.com\/agrund.com\/wp-content\/uploads\/sites\/6\/2019\/08\/agrund-dior-canudo.jpg?fit=600%2C400&amp;ssl=1\" data-orig-size=\"600,400\" data-comments-opened=\"1\" data-image-meta=\"{&quot;aperture&quot;:&quot;0&quot;,&quot;credit&quot;:&quot;&quot;,&quot;camera&quot;:&quot;&quot;,&quot;caption&quot;:&quot;&quot;,&quot;created_timestamp&quot;:&quot;0&quot;,&quot;copyright&quot;:&quot;&quot;,&quot;focal_length&quot;:&quot;0&quot;,&quot;iso&quot;:&quot;0&quot;,&quot;shutter_speed&quot;:&quot;0&quot;,&quot;title&quot;:&quot;&quot;,&quot;orientation&quot;:&quot;1&quot;}\" data-image-title=\"agrund-dior-canudo\" data-image-description=\"\" data-image-caption=\"\" data-medium-file=\"https:\/\/i0.wp.com\/agrund.com\/wp-content\/uploads\/sites\/6\/2019\/08\/agrund-dior-canudo.jpg?fit=300%2C200&amp;ssl=1\" data-large-file=\"https:\/\/i0.wp.com\/agrund.com\/wp-content\/uploads\/sites\/6\/2019\/08\/agrund-dior-canudo.jpg?fit=600%2C400&amp;ssl=1\" decoding=\"async\" loading=\"lazy\" width=\"600\" height=\"400\" src=\"https:\/\/i0.wp.com\/www.agrund.com\/wp-content\/uploads\/sites\/6\/2019\/08\/agrund-dior-canudo.jpg?resize=600%2C400&#038;ssl=1\" alt=\"\" class=\"wp-image-200769\" srcset=\"https:\/\/i0.wp.com\/agrund.com\/wp-content\/uploads\/sites\/6\/2019\/08\/agrund-dior-canudo.jpg?w=600&amp;ssl=1 600w, https:\/\/i0.wp.com\/agrund.com\/wp-content\/uploads\/sites\/6\/2019\/08\/agrund-dior-canudo.jpg?resize=300%2C200&amp;ssl=1 300w\" sizes=\"(max-width: 600px) 100vw, 600px\" data-recalc-dims=\"1\" \/><figcaption>Dior lan\u00e7a canudos reutiliz\u00e1veis&nbsp;<\/figcaption><\/figure><\/div>\n\n\n\n<p><\/p>\n\n\n\n<p>Fotos: Reprodu\u00e7\u00e3o\/ Dior. <\/p>\n","protected":false},"excerpt":{"rendered":"<p>Cada vez mais as marcas de moda se mostram preocupadas com quest\u00f5es ambientais e de sustentabilidade, fazendo mudan\u00e7as grandes e pequenas, mas importantes.&nbsp; Em meio \u00e0 onda de discuss\u00f5es sobre a n\u00e3o utiliza\u00e7\u00e3o dos canudos de pl\u00e1stico, a Dior resolveu lan\u00e7ar a sua vers\u00e3o grifada dos canudos reutiliz\u00e1veis. Feitas de vidro, as pe\u00e7as ganharam uma [&hellip;]<\/p>\n","protected":false},"author":8,"featured_media":200768,"comment_status":"open","ping_status":"open","sticky":false,"template":"","format":"standard","meta":{"jetpack_post_was_ever_published":false,"_jetpack_newsletter_access":"","jetpack_publicize_message":"","jetpack_is_tweetstorm":false,"jetpack_publicize_feature_enabled":true,"jetpack_social_post_already_shared":true,"jetpack_social_options":{"image_generator_settings":{"template":"highway","enabled":false}}},"categories":[2],"tags":[395,375,652,650,145,347,648,67,651,649,653],"jetpack_publicize_connections":[],"jetpack_featured_media_url":"https:\/\/i0.wp.com\/agrund.com\/wp-content\/uploads\/sites\/6\/2019\/08\/s-43.jpg?fit=960%2C300&ssl=1","jetpack_sharing_enabled":true,"jetpack_shortlink":"https:\/\/wp.me\/p3Hz0n-Qeb","jetpack_likes_enabled":true,"_links":{"self":[{"href":"https:\/\/agrund.com\/index.php\/wp-json\/wp\/v2\/posts\/200767"}],"collection":[{"href":"https:\/\/agrund.com\/index.php\/wp-json\/wp\/v2\/posts"}],"about":[{"href":"https:\/\/agrund.com\/index.php\/wp-json\/wp\/v2\/types\/post"}],"author":[{"embeddable":true,"href":"https:\/\/agrund.com\/index.php\/wp-json\/wp\/v2\/users\/8"}],"replies":[{"embeddable":true,"href":"https:\/\/agrund.com\/index.php\/wp-json\/wp\/v2\/comments?post=200767"}],"version-history":[{"count":2,"href":"https:\/\/agrund.com\/index.php\/wp-json\/wp\/v2\/posts\/200767\/revisions"}],"predecessor-version":[{"id":200772,"href":"https:\/\/agrund.com\/index.php\/wp-json\/wp\/v2\/posts\/200767\/revisions\/200772"}],"wp:featuredmedia":[{"embeddable":true,"href":"https:\/\/agrund.com\/index.php\/wp-json\/wp\/v2\/media\/200768"}],"wp:attachment":[{"href":"https:\/\/agrund.com\/index.php\/wp-json\/wp\/v2\/media?parent=200767"}],"wp:term":[{"taxonomy":"category","embeddable":true,"href":"https:\/\/agrund.com\/index.php\/wp-json\/wp\/v2\/categories?post=200767"},{"taxonomy":"post_tag","embeddable":true,"href":"https:\/\/agrund.com\/index.php\/wp-json\/wp\/v2\/tags?post=200767"}],"curies":[{"name":"wp","href":"https:\/\/api.w.org\/{rel}","templated":true}]}}