{"id":200731,"date":"2019-08-08T18:00:33","date_gmt":"2019-08-08T21:00:33","guid":{"rendered":"http:\/\/www.agrund.com\/?p=200731"},"modified":"2019-08-08T17:13:55","modified_gmt":"2019-08-08T20:13:55","slug":"taylor-swift-e-capa-da-september-issue-da-vogue-us","status":"publish","type":"post","link":"https:\/\/agrund.com\/index.php\/taylor-swift-e-capa-da-september-issue-da-vogue-us\/","title":{"rendered":"Taylor Swift \u00e9 capa da \u2018September Issue\u2019 da \u2018Vogue US\u2019"},"content":{"rendered":"\n<p>A capa da edi\u00e7\u00e3o mais aguardada da \u2018Vogue\u2019 americana foi revelada hoje (07) e surpreendeu muita gente. Enquanto a revista brit\u00e2nica convidou Meghan Markle para montar a edi\u00e7\u00e3o que homenageia e empodera as mulheres (<a href=\"https:\/\/www.agrund.com\/meghan-markle-e-a-editora-convidada-da-vogue-uk\/\">AQUI<\/a>), a americana apostou na princesa do pop da atualidade, Taylor Swift.\u00a0<\/p>\n\n\n\n<p>Prestes a lan\u00e7ar seu novo \u00e1lbum no final deste m\u00eas, a cantora estrela duas capas, uma vestindo um conjuntinho azul da Louis Vuitton e outra com um casaco da Gucci.\u00a0<\/p>\n\n\n\n<p>De acordo com a \u2018Vogue\u2019, a revista trar\u00e1 uma longa entrevista com Taylor, onde ela abre o jogo sobre algumas pol\u00eamicas que j\u00e1 enfrentou, sua amizade com Katy Perry, o sexismo na ind\u00fastria de entretenimento e o apoio \u00e0 comunidade LGBTQ+.\u00a0\u00a0<\/p>\n\n\n\n<div class=\"wp-block-image\"><figure class=\"aligncenter\"><img data-attachment-id=\"200732\" data-permalink=\"https:\/\/agrund.com\/index.php\/taylor-swift-e-capa-da-september-issue-da-vogue-us\/1-3-4\/\" data-orig-file=\"https:\/\/i0.wp.com\/agrund.com\/wp-content\/uploads\/sites\/6\/2019\/08\/1-3.jpg?fit=550%2C687&amp;ssl=1\" data-orig-size=\"550,687\" data-comments-opened=\"1\" data-image-meta=\"{&quot;aperture&quot;:&quot;0&quot;,&quot;credit&quot;:&quot;&quot;,&quot;camera&quot;:&quot;&quot;,&quot;caption&quot;:&quot;&quot;,&quot;created_timestamp&quot;:&quot;0&quot;,&quot;copyright&quot;:&quot;&quot;,&quot;focal_length&quot;:&quot;0&quot;,&quot;iso&quot;:&quot;0&quot;,&quot;shutter_speed&quot;:&quot;0&quot;,&quot;title&quot;:&quot;&quot;,&quot;orientation&quot;:&quot;1&quot;}\" data-image-title=\"1-3\" data-image-description=\"\" data-image-caption=\"\" data-medium-file=\"https:\/\/i0.wp.com\/agrund.com\/wp-content\/uploads\/sites\/6\/2019\/08\/1-3.jpg?fit=240%2C300&amp;ssl=1\" data-large-file=\"https:\/\/i0.wp.com\/agrund.com\/wp-content\/uploads\/sites\/6\/2019\/08\/1-3.jpg?fit=550%2C687&amp;ssl=1\" decoding=\"async\" loading=\"lazy\" width=\"550\" height=\"687\" src=\"https:\/\/i0.wp.com\/www.agrund.com\/wp-content\/uploads\/sites\/6\/2019\/08\/1-3.jpg?resize=550%2C687&#038;ssl=1\" alt=\"\" class=\"wp-image-200732\" srcset=\"https:\/\/i0.wp.com\/agrund.com\/wp-content\/uploads\/sites\/6\/2019\/08\/1-3.jpg?w=550&amp;ssl=1 550w, https:\/\/i0.wp.com\/agrund.com\/wp-content\/uploads\/sites\/6\/2019\/08\/1-3.jpg?resize=240%2C300&amp;ssl=1 240w\" sizes=\"(max-width: 550px) 100vw, 550px\" data-recalc-dims=\"1\" \/><figcaption>Taylor Swift \u00e9 capa da \u2018September Issue\u2019 da \u2018Vogue US\u2019 <\/figcaption><\/figure><\/div>\n\n\n\n<div class=\"wp-block-image\"><figure class=\"aligncenter\"><img data-attachment-id=\"200733\" data-permalink=\"https:\/\/agrund.com\/index.php\/taylor-swift-e-capa-da-september-issue-da-vogue-us\/1-4-5\/\" data-orig-file=\"https:\/\/i0.wp.com\/agrund.com\/wp-content\/uploads\/sites\/6\/2019\/08\/1-4.jpg?fit=600%2C794&amp;ssl=1\" data-orig-size=\"600,794\" data-comments-opened=\"1\" data-image-meta=\"{&quot;aperture&quot;:&quot;0&quot;,&quot;credit&quot;:&quot;&quot;,&quot;camera&quot;:&quot;&quot;,&quot;caption&quot;:&quot;&quot;,&quot;created_timestamp&quot;:&quot;0&quot;,&quot;copyright&quot;:&quot;&quot;,&quot;focal_length&quot;:&quot;0&quot;,&quot;iso&quot;:&quot;0&quot;,&quot;shutter_speed&quot;:&quot;0&quot;,&quot;title&quot;:&quot;&quot;,&quot;orientation&quot;:&quot;1&quot;}\" data-image-title=\"1-4\" data-image-description=\"\" data-image-caption=\"\" data-medium-file=\"https:\/\/i0.wp.com\/agrund.com\/wp-content\/uploads\/sites\/6\/2019\/08\/1-4.jpg?fit=227%2C300&amp;ssl=1\" data-large-file=\"https:\/\/i0.wp.com\/agrund.com\/wp-content\/uploads\/sites\/6\/2019\/08\/1-4.jpg?fit=600%2C794&amp;ssl=1\" decoding=\"async\" loading=\"lazy\" width=\"600\" height=\"794\" src=\"https:\/\/i0.wp.com\/www.agrund.com\/wp-content\/uploads\/sites\/6\/2019\/08\/1-4.jpg?resize=600%2C794&#038;ssl=1\" alt=\"\" class=\"wp-image-200733\" srcset=\"https:\/\/i0.wp.com\/agrund.com\/wp-content\/uploads\/sites\/6\/2019\/08\/1-4.jpg?w=600&amp;ssl=1 600w, https:\/\/i0.wp.com\/agrund.com\/wp-content\/uploads\/sites\/6\/2019\/08\/1-4.jpg?resize=227%2C300&amp;ssl=1 227w\" sizes=\"(max-width: 600px) 100vw, 600px\" data-recalc-dims=\"1\" \/><figcaption>Taylor Swift \u00e9 capa da \u2018September Issue\u2019 da \u2018Vogue US\u2019 <\/figcaption><\/figure><\/div>\n\n\n\n<p>Fotos: Reprodu\u00e7\u00e3o\/ Vogue US. <\/p>\n","protected":false},"excerpt":{"rendered":"<p>A capa da edi\u00e7\u00e3o mais aguardada da \u2018Vogue\u2019 americana foi revelada hoje (07) e surpreendeu muita gente. Enquanto a revista brit\u00e2nica convidou Meghan Markle para montar a edi\u00e7\u00e3o que homenageia e empodera as mulheres (AQUI), a americana apostou na princesa do pop da atualidade, Taylor Swift.\u00a0 Prestes a lan\u00e7ar seu novo \u00e1lbum no final deste [&hellip;]<\/p>\n","protected":false},"author":8,"featured_media":200734,"comment_status":"open","ping_status":"open","sticky":false,"template":"","format":"standard","meta":{"jetpack_post_was_ever_published":false,"_jetpack_newsletter_access":"","jetpack_publicize_message":"","jetpack_is_tweetstorm":false,"jetpack_publicize_feature_enabled":true,"jetpack_social_post_already_shared":true,"jetpack_social_options":{"image_generator_settings":{"template":"highway","enabled":false}}},"categories":[2],"tags":[],"jetpack_publicize_connections":[],"jetpack_featured_media_url":"https:\/\/i0.wp.com\/agrund.com\/wp-content\/uploads\/sites\/6\/2019\/08\/s-39.jpg?fit=960%2C300&ssl=1","jetpack_sharing_enabled":true,"jetpack_shortlink":"https:\/\/wp.me\/p3Hz0n-QdB","jetpack_likes_enabled":true,"_links":{"self":[{"href":"https:\/\/agrund.com\/index.php\/wp-json\/wp\/v2\/posts\/200731"}],"collection":[{"href":"https:\/\/agrund.com\/index.php\/wp-json\/wp\/v2\/posts"}],"about":[{"href":"https:\/\/agrund.com\/index.php\/wp-json\/wp\/v2\/types\/post"}],"author":[{"embeddable":true,"href":"https:\/\/agrund.com\/index.php\/wp-json\/wp\/v2\/users\/8"}],"replies":[{"embeddable":true,"href":"https:\/\/agrund.com\/index.php\/wp-json\/wp\/v2\/comments?post=200731"}],"version-history":[{"count":1,"href":"https:\/\/agrund.com\/index.php\/wp-json\/wp\/v2\/posts\/200731\/revisions"}],"predecessor-version":[{"id":200735,"href":"https:\/\/agrund.com\/index.php\/wp-json\/wp\/v2\/posts\/200731\/revisions\/200735"}],"wp:featuredmedia":[{"embeddable":true,"href":"https:\/\/agrund.com\/index.php\/wp-json\/wp\/v2\/media\/200734"}],"wp:attachment":[{"href":"https:\/\/agrund.com\/index.php\/wp-json\/wp\/v2\/media?parent=200731"}],"wp:term":[{"taxonomy":"category","embeddable":true,"href":"https:\/\/agrund.com\/index.php\/wp-json\/wp\/v2\/categories?post=200731"},{"taxonomy":"post_tag","embeddable":true,"href":"https:\/\/agrund.com\/index.php\/wp-json\/wp\/v2\/tags?post=200731"}],"curies":[{"name":"wp","href":"https:\/\/api.w.org\/{rel}","templated":true}]}}