{"id":200727,"date":"2019-08-08T15:00:36","date_gmt":"2019-08-08T18:00:36","guid":{"rendered":"http:\/\/www.agrund.com\/?p=200727"},"modified":"2019-08-08T14:07:35","modified_gmt":"2019-08-08T17:07:35","slug":"look-do-dia-os-anos-70","status":"publish","type":"post","link":"https:\/\/agrund.com\/index.php\/look-do-dia-os-anos-70\/","title":{"rendered":"Look do Dia :: Os anos 70"},"content":{"rendered":"\n<p>A modelagem \u00e9 bem atual mas a inspira\u00e7\u00e3o vem direto dos anos 70. Styling de Fabio Paiva e Murilo Mahler para o &#8216;Esquadr\u00e3o da Moda&#8217;. <\/p>\n\n\n\n<p>Tric\u00f4 Colcci<\/p>\n\n\n\n<p>Cal\u00e7a Ellus<\/p>\n\n\n\n<p>Botas Gucci<\/p>\n\n\n\n<div class=\"wp-block-image\"><figure class=\"aligncenter\"><img data-attachment-id=\"200728\" data-permalink=\"https:\/\/agrund.com\/index.php\/look-do-dia-os-anos-70\/a-512\/\" data-orig-file=\"https:\/\/i0.wp.com\/agrund.com\/wp-content\/uploads\/sites\/6\/2019\/08\/a.jpg?fit=550%2C630&amp;ssl=1\" data-orig-size=\"550,630\" data-comments-opened=\"1\" data-image-meta=\"{&quot;aperture&quot;:&quot;0&quot;,&quot;credit&quot;:&quot;&quot;,&quot;camera&quot;:&quot;&quot;,&quot;caption&quot;:&quot;&quot;,&quot;created_timestamp&quot;:&quot;0&quot;,&quot;copyright&quot;:&quot;&quot;,&quot;focal_length&quot;:&quot;0&quot;,&quot;iso&quot;:&quot;0&quot;,&quot;shutter_speed&quot;:&quot;0&quot;,&quot;title&quot;:&quot;&quot;,&quot;orientation&quot;:&quot;1&quot;}\" data-image-title=\"a\" data-image-description=\"\" data-image-caption=\"\" data-medium-file=\"https:\/\/i0.wp.com\/agrund.com\/wp-content\/uploads\/sites\/6\/2019\/08\/a.jpg?fit=262%2C300&amp;ssl=1\" data-large-file=\"https:\/\/i0.wp.com\/agrund.com\/wp-content\/uploads\/sites\/6\/2019\/08\/a.jpg?fit=550%2C630&amp;ssl=1\" decoding=\"async\" loading=\"lazy\" width=\"550\" height=\"630\" src=\"https:\/\/i0.wp.com\/www.agrund.com\/wp-content\/uploads\/sites\/6\/2019\/08\/a.jpg?resize=550%2C630&#038;ssl=1\" alt=\"\" class=\"wp-image-200728\" srcset=\"https:\/\/i0.wp.com\/agrund.com\/wp-content\/uploads\/sites\/6\/2019\/08\/a.jpg?w=550&amp;ssl=1 550w, https:\/\/i0.wp.com\/agrund.com\/wp-content\/uploads\/sites\/6\/2019\/08\/a.jpg?resize=262%2C300&amp;ssl=1 262w\" sizes=\"(max-width: 550px) 100vw, 550px\" data-recalc-dims=\"1\" \/><figcaption>Look do Dia :: Os anos 70<\/figcaption><\/figure><\/div>\n\n\n\n<p>Foto: Agrund.com <\/p>\n","protected":false},"excerpt":{"rendered":"<p>A modelagem \u00e9 bem atual mas a inspira\u00e7\u00e3o vem direto dos anos 70. Styling de Fabio Paiva e Murilo Mahler para o &#8216;Esquadr\u00e3o da Moda&#8217;. Tric\u00f4 Colcci Cal\u00e7a Ellus Botas Gucci Foto: Agrund.com<\/p>\n","protected":false},"author":8,"featured_media":200729,"comment_status":"open","ping_status":"open","sticky":false,"template":"","format":"standard","meta":{"jetpack_post_was_ever_published":false,"_jetpack_newsletter_access":"","jetpack_publicize_message":"","jetpack_is_tweetstorm":false,"jetpack_publicize_feature_enabled":true,"jetpack_social_post_already_shared":true,"jetpack_social_options":{"image_generator_settings":{"template":"highway","enabled":false}}},"categories":[2],"tags":[395,375,423,347,72,380,382,67,148,424],"jetpack_publicize_connections":[],"jetpack_featured_media_url":"https:\/\/i0.wp.com\/agrund.com\/wp-content\/uploads\/sites\/6\/2019\/08\/s-38.jpg?fit=960%2C300&ssl=1","jetpack_sharing_enabled":true,"jetpack_shortlink":"https:\/\/wp.me\/p3Hz0n-Qdx","jetpack_likes_enabled":true,"_links":{"self":[{"href":"https:\/\/agrund.com\/index.php\/wp-json\/wp\/v2\/posts\/200727"}],"collection":[{"href":"https:\/\/agrund.com\/index.php\/wp-json\/wp\/v2\/posts"}],"about":[{"href":"https:\/\/agrund.com\/index.php\/wp-json\/wp\/v2\/types\/post"}],"author":[{"embeddable":true,"href":"https:\/\/agrund.com\/index.php\/wp-json\/wp\/v2\/users\/8"}],"replies":[{"embeddable":true,"href":"https:\/\/agrund.com\/index.php\/wp-json\/wp\/v2\/comments?post=200727"}],"version-history":[{"count":1,"href":"https:\/\/agrund.com\/index.php\/wp-json\/wp\/v2\/posts\/200727\/revisions"}],"predecessor-version":[{"id":200730,"href":"https:\/\/agrund.com\/index.php\/wp-json\/wp\/v2\/posts\/200727\/revisions\/200730"}],"wp:featuredmedia":[{"embeddable":true,"href":"https:\/\/agrund.com\/index.php\/wp-json\/wp\/v2\/media\/200729"}],"wp:attachment":[{"href":"https:\/\/agrund.com\/index.php\/wp-json\/wp\/v2\/media?parent=200727"}],"wp:term":[{"taxonomy":"category","embeddable":true,"href":"https:\/\/agrund.com\/index.php\/wp-json\/wp\/v2\/categories?post=200727"},{"taxonomy":"post_tag","embeddable":true,"href":"https:\/\/agrund.com\/index.php\/wp-json\/wp\/v2\/tags?post=200727"}],"curies":[{"name":"wp","href":"https:\/\/api.w.org\/{rel}","templated":true}]}}