{"id":200656,"date":"2019-08-07T12:00:22","date_gmt":"2019-08-07T15:00:22","guid":{"rendered":"http:\/\/www.agrund.com\/?p=200656"},"modified":"2019-08-07T11:44:57","modified_gmt":"2019-08-07T14:44:57","slug":"natalie-portman-e-a-garota-da-capa-da-harpers-bazaar-uk","status":"publish","type":"post","link":"https:\/\/agrund.com\/index.php\/natalie-portman-e-a-garota-da-capa-da-harpers-bazaar-uk\/","title":{"rendered":"Natalie Portman \u00e9 a garota da capa da \u2018Harper\u2019s Bazaar UK\u2019"},"content":{"rendered":"\n<p>Estamos apenas no come\u00e7o do m\u00eas de agosto, mas as revistas de moda j\u00e1 est\u00e3o adiantando suas capas de setembro. Hoje foi a vez da \u2018Harper\u2019s Bazar\u2019 brit\u00e2nica revelar que Natalie Portman estrela sua edi\u00e7\u00e3o do pr\u00f3ximo m\u00eas.\u00a0<\/p>\n\n\n\n<p>Fotografada por Pamela Hanson, a atriz aparece com makes leves e mais naturais, acompanhadas de um cabelo meio preso que d\u00e1 um ar bem despojado e despretensioso. Combina\u00e7\u00e3o perfeita para os looks mais cl\u00e1ssicos e rom\u00e2nticos assinados pela Dior.\u00a0<\/p>\n\n\n\n<p>Veja o resultado na galeria abaixo:\u00a0<\/p>\n\n\n\n<div class=\"wp-block-image\"><figure class=\"aligncenter\"><img data-attachment-id=\"200657\" data-permalink=\"https:\/\/agrund.com\/index.php\/natalie-portman-e-a-garota-da-capa-da-harpers-bazaar-uk\/agrund-natalie-portman-harpers-bazaar-uk\/\" data-orig-file=\"https:\/\/i0.wp.com\/agrund.com\/wp-content\/uploads\/sites\/6\/2019\/08\/agrund-Natalie-Portman-Harpers-Bazaar-UK.jpg?fit=600%2C828&amp;ssl=1\" data-orig-size=\"600,828\" data-comments-opened=\"1\" data-image-meta=\"{&quot;aperture&quot;:&quot;0&quot;,&quot;credit&quot;:&quot;&quot;,&quot;camera&quot;:&quot;&quot;,&quot;caption&quot;:&quot;&quot;,&quot;created_timestamp&quot;:&quot;0&quot;,&quot;copyright&quot;:&quot;&quot;,&quot;focal_length&quot;:&quot;0&quot;,&quot;iso&quot;:&quot;0&quot;,&quot;shutter_speed&quot;:&quot;0&quot;,&quot;title&quot;:&quot;&quot;,&quot;orientation&quot;:&quot;1&quot;}\" data-image-title=\"agrund-Natalie-Portman-Harpers-Bazaar-UK\" data-image-description=\"\" data-image-caption=\"\" data-medium-file=\"https:\/\/i0.wp.com\/agrund.com\/wp-content\/uploads\/sites\/6\/2019\/08\/agrund-Natalie-Portman-Harpers-Bazaar-UK.jpg?fit=217%2C300&amp;ssl=1\" data-large-file=\"https:\/\/i0.wp.com\/agrund.com\/wp-content\/uploads\/sites\/6\/2019\/08\/agrund-Natalie-Portman-Harpers-Bazaar-UK.jpg?fit=600%2C828&amp;ssl=1\" decoding=\"async\" loading=\"lazy\" width=\"600\" height=\"828\" src=\"https:\/\/i0.wp.com\/www.agrund.com\/wp-content\/uploads\/sites\/6\/2019\/08\/agrund-Natalie-Portman-Harpers-Bazaar-UK.jpg?resize=600%2C828&#038;ssl=1\" alt=\"\" class=\"wp-image-200657\" srcset=\"https:\/\/i0.wp.com\/agrund.com\/wp-content\/uploads\/sites\/6\/2019\/08\/agrund-Natalie-Portman-Harpers-Bazaar-UK.jpg?w=600&amp;ssl=1 600w, https:\/\/i0.wp.com\/agrund.com\/wp-content\/uploads\/sites\/6\/2019\/08\/agrund-Natalie-Portman-Harpers-Bazaar-UK.jpg?resize=217%2C300&amp;ssl=1 217w\" sizes=\"(max-width: 600px) 100vw, 600px\" data-recalc-dims=\"1\" \/><figcaption>Natalie Portman \u00e9 a garota da capa da \u2018Harper\u2019s Bazaar UK\u2019 <\/figcaption><\/figure><\/div>\n\n\n\n<div class=\"wp-block-image\"><figure class=\"aligncenter\"><img data-attachment-id=\"200658\" data-permalink=\"https:\/\/agrund.com\/index.php\/natalie-portman-e-a-garota-da-capa-da-harpers-bazaar-uk\/agrund-natalie-portman-harpers-bazaar-uk-2\/\" data-orig-file=\"https:\/\/i0.wp.com\/agrund.com\/wp-content\/uploads\/sites\/6\/2019\/08\/agrund-Natalie-Portman-Harpers-Bazaar-UK-2.jpg?fit=600%2C837&amp;ssl=1\" data-orig-size=\"600,837\" data-comments-opened=\"1\" data-image-meta=\"{&quot;aperture&quot;:&quot;0&quot;,&quot;credit&quot;:&quot;&quot;,&quot;camera&quot;:&quot;&quot;,&quot;caption&quot;:&quot;&quot;,&quot;created_timestamp&quot;:&quot;0&quot;,&quot;copyright&quot;:&quot;&quot;,&quot;focal_length&quot;:&quot;0&quot;,&quot;iso&quot;:&quot;0&quot;,&quot;shutter_speed&quot;:&quot;0&quot;,&quot;title&quot;:&quot;&quot;,&quot;orientation&quot;:&quot;1&quot;}\" data-image-title=\"agrund-Natalie-Portman-Harpers-Bazaar-UK-2\" data-image-description=\"\" data-image-caption=\"\" data-medium-file=\"https:\/\/i0.wp.com\/agrund.com\/wp-content\/uploads\/sites\/6\/2019\/08\/agrund-Natalie-Portman-Harpers-Bazaar-UK-2.jpg?fit=215%2C300&amp;ssl=1\" data-large-file=\"https:\/\/i0.wp.com\/agrund.com\/wp-content\/uploads\/sites\/6\/2019\/08\/agrund-Natalie-Portman-Harpers-Bazaar-UK-2.jpg?fit=600%2C837&amp;ssl=1\" decoding=\"async\" loading=\"lazy\" width=\"600\" height=\"837\" src=\"https:\/\/i0.wp.com\/www.agrund.com\/wp-content\/uploads\/sites\/6\/2019\/08\/agrund-Natalie-Portman-Harpers-Bazaar-UK-2.jpg?resize=600%2C837&#038;ssl=1\" alt=\"\" class=\"wp-image-200658\" srcset=\"https:\/\/i0.wp.com\/agrund.com\/wp-content\/uploads\/sites\/6\/2019\/08\/agrund-Natalie-Portman-Harpers-Bazaar-UK-2.jpg?w=600&amp;ssl=1 600w, https:\/\/i0.wp.com\/agrund.com\/wp-content\/uploads\/sites\/6\/2019\/08\/agrund-Natalie-Portman-Harpers-Bazaar-UK-2.jpg?resize=215%2C300&amp;ssl=1 215w\" sizes=\"(max-width: 600px) 100vw, 600px\" data-recalc-dims=\"1\" \/><figcaption>Natalie Portman \u00e9 a garota da capa da \u2018Harper\u2019s Bazaar UK\u2019 <\/figcaption><\/figure><\/div>\n\n\n\n<div class=\"wp-block-image\"><figure class=\"aligncenter\"><img data-attachment-id=\"200659\" data-permalink=\"https:\/\/agrund.com\/index.php\/natalie-portman-e-a-garota-da-capa-da-harpers-bazaar-uk\/agrund-natalie-portman-harpers-bazaar-uk-3\/\" data-orig-file=\"https:\/\/i0.wp.com\/agrund.com\/wp-content\/uploads\/sites\/6\/2019\/08\/agrund-Natalie-Portman-Harpers-Bazaar-UK-3.jpg?fit=600%2C404&amp;ssl=1\" data-orig-size=\"600,404\" data-comments-opened=\"1\" data-image-meta=\"{&quot;aperture&quot;:&quot;0&quot;,&quot;credit&quot;:&quot;&quot;,&quot;camera&quot;:&quot;&quot;,&quot;caption&quot;:&quot;&quot;,&quot;created_timestamp&quot;:&quot;0&quot;,&quot;copyright&quot;:&quot;&quot;,&quot;focal_length&quot;:&quot;0&quot;,&quot;iso&quot;:&quot;0&quot;,&quot;shutter_speed&quot;:&quot;0&quot;,&quot;title&quot;:&quot;&quot;,&quot;orientation&quot;:&quot;1&quot;}\" data-image-title=\"agrund-Natalie-Portman-Harpers-Bazaar-UK-3\" data-image-description=\"\" data-image-caption=\"\" data-medium-file=\"https:\/\/i0.wp.com\/agrund.com\/wp-content\/uploads\/sites\/6\/2019\/08\/agrund-Natalie-Portman-Harpers-Bazaar-UK-3.jpg?fit=300%2C202&amp;ssl=1\" data-large-file=\"https:\/\/i0.wp.com\/agrund.com\/wp-content\/uploads\/sites\/6\/2019\/08\/agrund-Natalie-Portman-Harpers-Bazaar-UK-3.jpg?fit=600%2C404&amp;ssl=1\" decoding=\"async\" loading=\"lazy\" width=\"600\" height=\"404\" src=\"https:\/\/i0.wp.com\/www.agrund.com\/wp-content\/uploads\/sites\/6\/2019\/08\/agrund-Natalie-Portman-Harpers-Bazaar-UK-3.jpg?resize=600%2C404&#038;ssl=1\" alt=\"\" class=\"wp-image-200659\" srcset=\"https:\/\/i0.wp.com\/agrund.com\/wp-content\/uploads\/sites\/6\/2019\/08\/agrund-Natalie-Portman-Harpers-Bazaar-UK-3.jpg?w=600&amp;ssl=1 600w, https:\/\/i0.wp.com\/agrund.com\/wp-content\/uploads\/sites\/6\/2019\/08\/agrund-Natalie-Portman-Harpers-Bazaar-UK-3.jpg?resize=300%2C202&amp;ssl=1 300w\" sizes=\"(max-width: 600px) 100vw, 600px\" data-recalc-dims=\"1\" \/><figcaption>Natalie Portman \u00e9 a garota da capa da \u2018Harper\u2019s Bazaar UK\u2019 <\/figcaption><\/figure><\/div>\n\n\n\n<div class=\"wp-block-image\"><figure class=\"aligncenter\"><img data-attachment-id=\"200660\" data-permalink=\"https:\/\/agrund.com\/index.php\/natalie-portman-e-a-garota-da-capa-da-harpers-bazaar-uk\/agrund-natalie-portman-harpers-bazaar-uk-5\/\" data-orig-file=\"https:\/\/i0.wp.com\/agrund.com\/wp-content\/uploads\/sites\/6\/2019\/08\/agrund-Natalie-Portman-Harpers-Bazaar-UK-5.jpg?fit=600%2C811&amp;ssl=1\" data-orig-size=\"600,811\" data-comments-opened=\"1\" data-image-meta=\"{&quot;aperture&quot;:&quot;0&quot;,&quot;credit&quot;:&quot;&quot;,&quot;camera&quot;:&quot;&quot;,&quot;caption&quot;:&quot;&quot;,&quot;created_timestamp&quot;:&quot;0&quot;,&quot;copyright&quot;:&quot;&quot;,&quot;focal_length&quot;:&quot;0&quot;,&quot;iso&quot;:&quot;0&quot;,&quot;shutter_speed&quot;:&quot;0&quot;,&quot;title&quot;:&quot;&quot;,&quot;orientation&quot;:&quot;1&quot;}\" data-image-title=\"agrund-Natalie-Portman-Harpers-Bazaar-UK-5\" data-image-description=\"\" data-image-caption=\"\" data-medium-file=\"https:\/\/i0.wp.com\/agrund.com\/wp-content\/uploads\/sites\/6\/2019\/08\/agrund-Natalie-Portman-Harpers-Bazaar-UK-5.jpg?fit=222%2C300&amp;ssl=1\" data-large-file=\"https:\/\/i0.wp.com\/agrund.com\/wp-content\/uploads\/sites\/6\/2019\/08\/agrund-Natalie-Portman-Harpers-Bazaar-UK-5.jpg?fit=600%2C811&amp;ssl=1\" decoding=\"async\" loading=\"lazy\" width=\"600\" height=\"811\" src=\"https:\/\/i0.wp.com\/www.agrund.com\/wp-content\/uploads\/sites\/6\/2019\/08\/agrund-Natalie-Portman-Harpers-Bazaar-UK-5.jpg?resize=600%2C811&#038;ssl=1\" alt=\"\" class=\"wp-image-200660\" srcset=\"https:\/\/i0.wp.com\/agrund.com\/wp-content\/uploads\/sites\/6\/2019\/08\/agrund-Natalie-Portman-Harpers-Bazaar-UK-5.jpg?w=600&amp;ssl=1 600w, https:\/\/i0.wp.com\/agrund.com\/wp-content\/uploads\/sites\/6\/2019\/08\/agrund-Natalie-Portman-Harpers-Bazaar-UK-5.jpg?resize=222%2C300&amp;ssl=1 222w\" sizes=\"(max-width: 600px) 100vw, 600px\" data-recalc-dims=\"1\" \/><figcaption>Natalie Portman \u00e9 a garota da capa da \u2018Harper\u2019s Bazaar UK\u2019 <\/figcaption><\/figure><\/div>\n\n\n\n<div class=\"wp-block-image\"><figure class=\"aligncenter\"><img data-attachment-id=\"200662\" data-permalink=\"https:\/\/agrund.com\/index.php\/natalie-portman-e-a-garota-da-capa-da-harpers-bazaar-uk\/agrund-natalie-portman-harpers-bazaar-uk-7\/\" data-orig-file=\"https:\/\/i0.wp.com\/agrund.com\/wp-content\/uploads\/sites\/6\/2019\/08\/agrund-Natalie-Portman-Harpers-Bazaar-UK-7.jpg?fit=600%2C811&amp;ssl=1\" data-orig-size=\"600,811\" data-comments-opened=\"1\" data-image-meta=\"{&quot;aperture&quot;:&quot;0&quot;,&quot;credit&quot;:&quot;&quot;,&quot;camera&quot;:&quot;&quot;,&quot;caption&quot;:&quot;&quot;,&quot;created_timestamp&quot;:&quot;0&quot;,&quot;copyright&quot;:&quot;&quot;,&quot;focal_length&quot;:&quot;0&quot;,&quot;iso&quot;:&quot;0&quot;,&quot;shutter_speed&quot;:&quot;0&quot;,&quot;title&quot;:&quot;&quot;,&quot;orientation&quot;:&quot;1&quot;}\" data-image-title=\"agrund-Natalie-Portman-Harpers-Bazaar-UK-7\" data-image-description=\"\" data-image-caption=\"\" data-medium-file=\"https:\/\/i0.wp.com\/agrund.com\/wp-content\/uploads\/sites\/6\/2019\/08\/agrund-Natalie-Portman-Harpers-Bazaar-UK-7.jpg?fit=222%2C300&amp;ssl=1\" data-large-file=\"https:\/\/i0.wp.com\/agrund.com\/wp-content\/uploads\/sites\/6\/2019\/08\/agrund-Natalie-Portman-Harpers-Bazaar-UK-7.jpg?fit=600%2C811&amp;ssl=1\" decoding=\"async\" loading=\"lazy\" width=\"600\" height=\"811\" src=\"https:\/\/i0.wp.com\/www.agrund.com\/wp-content\/uploads\/sites\/6\/2019\/08\/agrund-Natalie-Portman-Harpers-Bazaar-UK-7.jpg?resize=600%2C811&#038;ssl=1\" alt=\"\" class=\"wp-image-200662\" srcset=\"https:\/\/i0.wp.com\/agrund.com\/wp-content\/uploads\/sites\/6\/2019\/08\/agrund-Natalie-Portman-Harpers-Bazaar-UK-7.jpg?w=600&amp;ssl=1 600w, https:\/\/i0.wp.com\/agrund.com\/wp-content\/uploads\/sites\/6\/2019\/08\/agrund-Natalie-Portman-Harpers-Bazaar-UK-7.jpg?resize=222%2C300&amp;ssl=1 222w\" sizes=\"(max-width: 600px) 100vw, 600px\" data-recalc-dims=\"1\" \/><figcaption>Natalie Portman \u00e9 a garota da capa da \u2018Harper\u2019s Bazaar UK\u2019 <\/figcaption><\/figure><\/div>\n\n\n\n<div class=\"wp-block-image\"><figure class=\"aligncenter\"><img data-attachment-id=\"200661\" data-permalink=\"https:\/\/agrund.com\/index.php\/natalie-portman-e-a-garota-da-capa-da-harpers-bazaar-uk\/agrund-natalie-portman-harpers-bazaar-uk-6\/\" data-orig-file=\"https:\/\/i0.wp.com\/agrund.com\/wp-content\/uploads\/sites\/6\/2019\/08\/agrund-Natalie-Portman-Harpers-Bazaar-UK-6.jpg?fit=600%2C404&amp;ssl=1\" data-orig-size=\"600,404\" data-comments-opened=\"1\" data-image-meta=\"{&quot;aperture&quot;:&quot;0&quot;,&quot;credit&quot;:&quot;&quot;,&quot;camera&quot;:&quot;&quot;,&quot;caption&quot;:&quot;&quot;,&quot;created_timestamp&quot;:&quot;0&quot;,&quot;copyright&quot;:&quot;&quot;,&quot;focal_length&quot;:&quot;0&quot;,&quot;iso&quot;:&quot;0&quot;,&quot;shutter_speed&quot;:&quot;0&quot;,&quot;title&quot;:&quot;&quot;,&quot;orientation&quot;:&quot;1&quot;}\" data-image-title=\"agrund-Natalie-Portman-Harpers-Bazaar-UK-6\" data-image-description=\"\" data-image-caption=\"\" data-medium-file=\"https:\/\/i0.wp.com\/agrund.com\/wp-content\/uploads\/sites\/6\/2019\/08\/agrund-Natalie-Portman-Harpers-Bazaar-UK-6.jpg?fit=300%2C202&amp;ssl=1\" data-large-file=\"https:\/\/i0.wp.com\/agrund.com\/wp-content\/uploads\/sites\/6\/2019\/08\/agrund-Natalie-Portman-Harpers-Bazaar-UK-6.jpg?fit=600%2C404&amp;ssl=1\" decoding=\"async\" loading=\"lazy\" width=\"600\" height=\"404\" src=\"https:\/\/i0.wp.com\/www.agrund.com\/wp-content\/uploads\/sites\/6\/2019\/08\/agrund-Natalie-Portman-Harpers-Bazaar-UK-6.jpg?resize=600%2C404&#038;ssl=1\" alt=\"\" class=\"wp-image-200661\" srcset=\"https:\/\/i0.wp.com\/agrund.com\/wp-content\/uploads\/sites\/6\/2019\/08\/agrund-Natalie-Portman-Harpers-Bazaar-UK-6.jpg?w=600&amp;ssl=1 600w, https:\/\/i0.wp.com\/agrund.com\/wp-content\/uploads\/sites\/6\/2019\/08\/agrund-Natalie-Portman-Harpers-Bazaar-UK-6.jpg?resize=300%2C202&amp;ssl=1 300w\" sizes=\"(max-width: 600px) 100vw, 600px\" data-recalc-dims=\"1\" \/><figcaption>Natalie Portman \u00e9 a garota da capa da \u2018Harper\u2019s Bazaar UK\u2019 <\/figcaption><\/figure><\/div>\n\n\n\n<div class=\"wp-block-image\"><figure class=\"aligncenter\"><img data-attachment-id=\"200663\" data-permalink=\"https:\/\/agrund.com\/index.php\/natalie-portman-e-a-garota-da-capa-da-harpers-bazaar-uk\/agrund-natalie-portman-harpers-bazaar-uk-4\/\" data-orig-file=\"https:\/\/i0.wp.com\/agrund.com\/wp-content\/uploads\/sites\/6\/2019\/08\/agrund-Natalie-Portman-Harpers-Bazaar-UK-4.jpg?fit=600%2C404&amp;ssl=1\" data-orig-size=\"600,404\" data-comments-opened=\"1\" data-image-meta=\"{&quot;aperture&quot;:&quot;0&quot;,&quot;credit&quot;:&quot;&quot;,&quot;camera&quot;:&quot;&quot;,&quot;caption&quot;:&quot;&quot;,&quot;created_timestamp&quot;:&quot;0&quot;,&quot;copyright&quot;:&quot;&quot;,&quot;focal_length&quot;:&quot;0&quot;,&quot;iso&quot;:&quot;0&quot;,&quot;shutter_speed&quot;:&quot;0&quot;,&quot;title&quot;:&quot;&quot;,&quot;orientation&quot;:&quot;1&quot;}\" data-image-title=\"agrund-Natalie-Portman-Harpers-Bazaar-UK-4\" data-image-description=\"\" data-image-caption=\"\" data-medium-file=\"https:\/\/i0.wp.com\/agrund.com\/wp-content\/uploads\/sites\/6\/2019\/08\/agrund-Natalie-Portman-Harpers-Bazaar-UK-4.jpg?fit=300%2C202&amp;ssl=1\" data-large-file=\"https:\/\/i0.wp.com\/agrund.com\/wp-content\/uploads\/sites\/6\/2019\/08\/agrund-Natalie-Portman-Harpers-Bazaar-UK-4.jpg?fit=600%2C404&amp;ssl=1\" decoding=\"async\" loading=\"lazy\" width=\"600\" height=\"404\" src=\"https:\/\/i0.wp.com\/www.agrund.com\/wp-content\/uploads\/sites\/6\/2019\/08\/agrund-Natalie-Portman-Harpers-Bazaar-UK-4.jpg?resize=600%2C404&#038;ssl=1\" alt=\"\" class=\"wp-image-200663\" srcset=\"https:\/\/i0.wp.com\/agrund.com\/wp-content\/uploads\/sites\/6\/2019\/08\/agrund-Natalie-Portman-Harpers-Bazaar-UK-4.jpg?w=600&amp;ssl=1 600w, https:\/\/i0.wp.com\/agrund.com\/wp-content\/uploads\/sites\/6\/2019\/08\/agrund-Natalie-Portman-Harpers-Bazaar-UK-4.jpg?resize=300%2C202&amp;ssl=1 300w\" sizes=\"(max-width: 600px) 100vw, 600px\" data-recalc-dims=\"1\" \/><figcaption>Natalie Portman \u00e9 a garota da capa da \u2018Harper\u2019s Bazaar UK\u2019 <\/figcaption><\/figure><\/div>\n\n\n\n<p>Fotos: Reprodu\u00e7\u00e3o\/ Harper&#8217;s Bazaar UK. <\/p>\n","protected":false},"excerpt":{"rendered":"<p>Estamos apenas no come\u00e7o do m\u00eas de agosto, mas as revistas de moda j\u00e1 est\u00e3o adiantando suas capas de setembro. Hoje foi a vez da \u2018Harper\u2019s Bazar\u2019 brit\u00e2nica revelar que Natalie Portman estrela sua edi\u00e7\u00e3o do pr\u00f3ximo m\u00eas.\u00a0 Fotografada por Pamela Hanson, a atriz aparece com makes leves e mais naturais, acompanhadas de um cabelo [&hellip;]<\/p>\n","protected":false},"author":8,"featured_media":200664,"comment_status":"open","ping_status":"open","sticky":false,"template":"","format":"standard","meta":{"jetpack_post_was_ever_published":false,"_jetpack_newsletter_access":"","jetpack_publicize_message":"","jetpack_is_tweetstorm":false,"jetpack_publicize_feature_enabled":true,"jetpack_social_post_already_shared":true,"jetpack_social_options":{"image_generator_settings":{"template":"highway","enabled":false}}},"categories":[8,2],"tags":[395,375,580,347,493,67,634,495],"jetpack_publicize_connections":[],"jetpack_featured_media_url":"https:\/\/i0.wp.com\/agrund.com\/wp-content\/uploads\/sites\/6\/2019\/08\/s-26.jpg?fit=960%2C300&ssl=1","jetpack_sharing_enabled":true,"jetpack_shortlink":"https:\/\/wp.me\/p3Hz0n-Qco","jetpack_likes_enabled":true,"_links":{"self":[{"href":"https:\/\/agrund.com\/index.php\/wp-json\/wp\/v2\/posts\/200656"}],"collection":[{"href":"https:\/\/agrund.com\/index.php\/wp-json\/wp\/v2\/posts"}],"about":[{"href":"https:\/\/agrund.com\/index.php\/wp-json\/wp\/v2\/types\/post"}],"author":[{"embeddable":true,"href":"https:\/\/agrund.com\/index.php\/wp-json\/wp\/v2\/users\/8"}],"replies":[{"embeddable":true,"href":"https:\/\/agrund.com\/index.php\/wp-json\/wp\/v2\/comments?post=200656"}],"version-history":[{"count":1,"href":"https:\/\/agrund.com\/index.php\/wp-json\/wp\/v2\/posts\/200656\/revisions"}],"predecessor-version":[{"id":200665,"href":"https:\/\/agrund.com\/index.php\/wp-json\/wp\/v2\/posts\/200656\/revisions\/200665"}],"wp:featuredmedia":[{"embeddable":true,"href":"https:\/\/agrund.com\/index.php\/wp-json\/wp\/v2\/media\/200664"}],"wp:attachment":[{"href":"https:\/\/agrund.com\/index.php\/wp-json\/wp\/v2\/media?parent=200656"}],"wp:term":[{"taxonomy":"category","embeddable":true,"href":"https:\/\/agrund.com\/index.php\/wp-json\/wp\/v2\/categories?post=200656"},{"taxonomy":"post_tag","embeddable":true,"href":"https:\/\/agrund.com\/index.php\/wp-json\/wp\/v2\/tags?post=200656"}],"curies":[{"name":"wp","href":"https:\/\/api.w.org\/{rel}","templated":true}]}}