{"id":200652,"date":"2019-08-07T11:00:05","date_gmt":"2019-08-07T14:00:05","guid":{"rendered":"http:\/\/www.agrund.com\/?p=200652"},"modified":"2019-08-07T10:23:11","modified_gmt":"2019-08-07T13:23:11","slug":"beyonce-tera-retrato-exposto-em-galeria-de-arte","status":"publish","type":"post","link":"https:\/\/agrund.com\/index.php\/beyonce-tera-retrato-exposto-em-galeria-de-arte\/","title":{"rendered":"Beyonc\u00e9 ter\u00e1 retrato exposto em galeria de arte"},"content":{"rendered":"\n<p>Se voc\u00ea achou que ainda n\u00e3o faltava nada para Beyonc\u00e9 conquistar, que tal ter um retrato na cole\u00e7\u00e3o permanente do National Portrait Gallery, em Washington, nos Estados Unidos.<\/p>\n\n\n\n<p>O clique escolhido pelo museu foi a imagem ic\u00f4nica capturada por Tyler Mitchell para a edi\u00e7\u00e3o da &#8216;Vogue&#8217; americana de setembro de 2018, a primeira a ser fotografada por um negro. Nela, Beyonc\u00e9 aparece com um vestido Valentino de lantejoulas douradas, tran\u00e7a nos cabelos e um acess\u00f3rio de cabe\u00e7a do chapeleiro Philip Treacy.<\/p>\n\n\n\n<p>&#8220;H\u00e1 um ano abrimos as portas. Desde ent\u00e3o, foi importante passar o ano todo correndo atrav\u00e9s deles, certificando-se de que cada peda\u00e7o do port\u00e3o estivesse derrubado. Agora fico feliz em compartilhar que esta foto foi adquirida para a cole\u00e7\u00e3o permanente da Smithsonian National Portrait Gallery&#8221;, escreveu Mitchell em seu Instagram.<\/p>\n\n\n\n<div class=\"wp-block-image\"><figure class=\"aligncenter\"><img data-attachment-id=\"200653\" data-permalink=\"https:\/\/agrund.com\/index.php\/beyonce-tera-retrato-exposto-em-galeria-de-arte\/agrund-beyonce-nationalporttrait\/\" data-orig-file=\"https:\/\/i0.wp.com\/agrund.com\/wp-content\/uploads\/sites\/6\/2019\/08\/agrund-beyonce-nationalporttrait.jpg?fit=550%2C675&amp;ssl=1\" data-orig-size=\"550,675\" data-comments-opened=\"1\" data-image-meta=\"{&quot;aperture&quot;:&quot;0&quot;,&quot;credit&quot;:&quot;&quot;,&quot;camera&quot;:&quot;&quot;,&quot;caption&quot;:&quot;&quot;,&quot;created_timestamp&quot;:&quot;0&quot;,&quot;copyright&quot;:&quot;&quot;,&quot;focal_length&quot;:&quot;0&quot;,&quot;iso&quot;:&quot;0&quot;,&quot;shutter_speed&quot;:&quot;0&quot;,&quot;title&quot;:&quot;&quot;,&quot;orientation&quot;:&quot;1&quot;}\" data-image-title=\"agrund-beyonce-nationalporttrait\" data-image-description=\"\" data-image-caption=\"\" data-medium-file=\"https:\/\/i0.wp.com\/agrund.com\/wp-content\/uploads\/sites\/6\/2019\/08\/agrund-beyonce-nationalporttrait.jpg?fit=244%2C300&amp;ssl=1\" data-large-file=\"https:\/\/i0.wp.com\/agrund.com\/wp-content\/uploads\/sites\/6\/2019\/08\/agrund-beyonce-nationalporttrait.jpg?fit=550%2C675&amp;ssl=1\" decoding=\"async\" loading=\"lazy\" width=\"550\" height=\"675\" src=\"https:\/\/i0.wp.com\/www.agrund.com\/wp-content\/uploads\/sites\/6\/2019\/08\/agrund-beyonce-nationalporttrait.jpg?resize=550%2C675&#038;ssl=1\" alt=\"\" class=\"wp-image-200653\" srcset=\"https:\/\/i0.wp.com\/agrund.com\/wp-content\/uploads\/sites\/6\/2019\/08\/agrund-beyonce-nationalporttrait.jpg?w=550&amp;ssl=1 550w, https:\/\/i0.wp.com\/agrund.com\/wp-content\/uploads\/sites\/6\/2019\/08\/agrund-beyonce-nationalporttrait.jpg?resize=244%2C300&amp;ssl=1 244w\" sizes=\"(max-width: 550px) 100vw, 550px\" data-recalc-dims=\"1\" \/><figcaption>Beyonc\u00e9 ter\u00e1 retrato exposto em galeria de arte <\/figcaption><\/figure><\/div>\n\n\n\n<p><\/p>\n\n\n\n<p>Foto: Reprodu\u00e7\u00e3o\/ Vogue US\/ Tyler Mitchell. <\/p>\n","protected":false},"excerpt":{"rendered":"<p>Se voc\u00ea achou que ainda n\u00e3o faltava nada para Beyonc\u00e9 conquistar, que tal ter um retrato na cole\u00e7\u00e3o permanente do National Portrait Gallery, em Washington, nos Estados Unidos. O clique escolhido pelo museu foi a imagem ic\u00f4nica capturada por Tyler Mitchell para a edi\u00e7\u00e3o da &#8216;Vogue&#8217; americana de setembro de 2018, a primeira a ser [&hellip;]<\/p>\n","protected":false},"author":8,"featured_media":200654,"comment_status":"open","ping_status":"open","sticky":false,"template":"","format":"standard","meta":{"jetpack_post_was_ever_published":false,"_jetpack_newsletter_access":"","jetpack_publicize_message":"","jetpack_is_tweetstorm":false,"jetpack_publicize_feature_enabled":true,"jetpack_social_post_already_shared":true,"jetpack_social_options":{"image_generator_settings":{"template":"highway","enabled":false}}},"categories":[2],"tags":[395,375,383,580,347,493,67,495,633],"jetpack_publicize_connections":[],"jetpack_featured_media_url":"https:\/\/i0.wp.com\/agrund.com\/wp-content\/uploads\/sites\/6\/2019\/08\/s-25.jpg?fit=960%2C300&ssl=1","jetpack_sharing_enabled":true,"jetpack_shortlink":"https:\/\/wp.me\/p3Hz0n-Qck","jetpack_likes_enabled":true,"_links":{"self":[{"href":"https:\/\/agrund.com\/index.php\/wp-json\/wp\/v2\/posts\/200652"}],"collection":[{"href":"https:\/\/agrund.com\/index.php\/wp-json\/wp\/v2\/posts"}],"about":[{"href":"https:\/\/agrund.com\/index.php\/wp-json\/wp\/v2\/types\/post"}],"author":[{"embeddable":true,"href":"https:\/\/agrund.com\/index.php\/wp-json\/wp\/v2\/users\/8"}],"replies":[{"embeddable":true,"href":"https:\/\/agrund.com\/index.php\/wp-json\/wp\/v2\/comments?post=200652"}],"version-history":[{"count":1,"href":"https:\/\/agrund.com\/index.php\/wp-json\/wp\/v2\/posts\/200652\/revisions"}],"predecessor-version":[{"id":200655,"href":"https:\/\/agrund.com\/index.php\/wp-json\/wp\/v2\/posts\/200652\/revisions\/200655"}],"wp:featuredmedia":[{"embeddable":true,"href":"https:\/\/agrund.com\/index.php\/wp-json\/wp\/v2\/media\/200654"}],"wp:attachment":[{"href":"https:\/\/agrund.com\/index.php\/wp-json\/wp\/v2\/media?parent=200652"}],"wp:term":[{"taxonomy":"category","embeddable":true,"href":"https:\/\/agrund.com\/index.php\/wp-json\/wp\/v2\/categories?post=200652"},{"taxonomy":"post_tag","embeddable":true,"href":"https:\/\/agrund.com\/index.php\/wp-json\/wp\/v2\/tags?post=200652"}],"curies":[{"name":"wp","href":"https:\/\/api.w.org\/{rel}","templated":true}]}}