{"id":200641,"date":"2019-08-07T10:00:08","date_gmt":"2019-08-07T13:00:08","guid":{"rendered":"http:\/\/www.agrund.com\/?p=200641"},"modified":"2019-08-07T09:40:06","modified_gmt":"2019-08-07T12:40:06","slug":"iggy-azalea-na-capa-da-cosmopolitan","status":"publish","type":"post","link":"https:\/\/agrund.com\/index.php\/iggy-azalea-na-capa-da-cosmopolitan\/","title":{"rendered":"Iggy Azalea na capa da &#8216;Cosmopolitan&#8217;"},"content":{"rendered":"\n<p>Iggy Azalea est\u00e1 de volta aos holofotes, estrelando a capa de setembro de 2019 da &#8216;Cosmopolitan&#8217; americana.<\/p>\n\n\n\n<p>No clique principal, ela usa um vestido pink estilo blazer de Jay Godfrey e joias de Yeprem. A mesma inspira\u00e7\u00e3o colorida e retr\u00f4, que tem tudo a ver com Iggy, tamb\u00e9m aparece no editorial interno fotografado no Brooklyn, em Nova York, com looks de marcas como Balmain, Jennifer Fisher e Osman.<\/p>\n\n\n\n<p>Durante a entrevista, Azelea afirmou que n\u00e3o ir\u00e1 desistir de sua carreira, mesmo com os altos e baixos que vem enfrentando.\u00a0<\/p>\n\n\n\n<p>&#8220;Voc\u00ea consegue muitas chances se estiver disposto a realmente lutar por elas com unhas e dentes. Eu n\u00e3o vou parar de lutar por uma segunda chance at\u00e9 algu\u00e9m me dar uma&#8221;, declarou Iggy.\u00a0<\/p>\n\n\n\n<p>A fotografia \u00e9 de Eric Ray Davidson e voc\u00ea confere na galeria abaixo:<\/p>\n\n\n\n<div class=\"wp-block-image\"><figure class=\"aligncenter\"><img data-attachment-id=\"200642\" data-permalink=\"https:\/\/agrund.com\/index.php\/iggy-azalea-na-capa-da-cosmopolitan\/agrund-iggy-azalea-cosmopolitan\/\" data-orig-file=\"https:\/\/i0.wp.com\/agrund.com\/wp-content\/uploads\/sites\/6\/2019\/08\/agrund-Iggy-Azalea-Cosmopolitan.jpg?fit=600%2C724&amp;ssl=1\" data-orig-size=\"600,724\" data-comments-opened=\"1\" data-image-meta=\"{&quot;aperture&quot;:&quot;0&quot;,&quot;credit&quot;:&quot;&quot;,&quot;camera&quot;:&quot;&quot;,&quot;caption&quot;:&quot;&quot;,&quot;created_timestamp&quot;:&quot;0&quot;,&quot;copyright&quot;:&quot;&quot;,&quot;focal_length&quot;:&quot;0&quot;,&quot;iso&quot;:&quot;0&quot;,&quot;shutter_speed&quot;:&quot;0&quot;,&quot;title&quot;:&quot;&quot;,&quot;orientation&quot;:&quot;1&quot;}\" data-image-title=\"agrund-Iggy-Azalea-Cosmopolitan\" data-image-description=\"\" data-image-caption=\"\" data-medium-file=\"https:\/\/i0.wp.com\/agrund.com\/wp-content\/uploads\/sites\/6\/2019\/08\/agrund-Iggy-Azalea-Cosmopolitan.jpg?fit=249%2C300&amp;ssl=1\" data-large-file=\"https:\/\/i0.wp.com\/agrund.com\/wp-content\/uploads\/sites\/6\/2019\/08\/agrund-Iggy-Azalea-Cosmopolitan.jpg?fit=600%2C724&amp;ssl=1\" decoding=\"async\" loading=\"lazy\" width=\"600\" height=\"724\" src=\"https:\/\/i0.wp.com\/www.agrund.com\/wp-content\/uploads\/sites\/6\/2019\/08\/agrund-Iggy-Azalea-Cosmopolitan.jpg?resize=600%2C724&#038;ssl=1\" alt=\"\" class=\"wp-image-200642\" srcset=\"https:\/\/i0.wp.com\/agrund.com\/wp-content\/uploads\/sites\/6\/2019\/08\/agrund-Iggy-Azalea-Cosmopolitan.jpg?w=600&amp;ssl=1 600w, https:\/\/i0.wp.com\/agrund.com\/wp-content\/uploads\/sites\/6\/2019\/08\/agrund-Iggy-Azalea-Cosmopolitan.jpg?resize=249%2C300&amp;ssl=1 249w\" sizes=\"(max-width: 600px) 100vw, 600px\" data-recalc-dims=\"1\" \/><figcaption>Iggy Azalea na capa da &#8216;Cosmopolitan&#8217; <\/figcaption><\/figure><\/div>\n\n\n\n<div class=\"wp-block-image\"><figure class=\"aligncenter\"><img data-attachment-id=\"200643\" data-permalink=\"https:\/\/agrund.com\/index.php\/iggy-azalea-na-capa-da-cosmopolitan\/agrund-iggy-azalea-cosmopolitan-2\/\" data-orig-file=\"https:\/\/i0.wp.com\/agrund.com\/wp-content\/uploads\/sites\/6\/2019\/08\/agrund-Iggy-Azalea-Cosmopolitan-2.jpg?fit=600%2C900&amp;ssl=1\" data-orig-size=\"600,900\" data-comments-opened=\"1\" data-image-meta=\"{&quot;aperture&quot;:&quot;0&quot;,&quot;credit&quot;:&quot;&quot;,&quot;camera&quot;:&quot;&quot;,&quot;caption&quot;:&quot;&quot;,&quot;created_timestamp&quot;:&quot;0&quot;,&quot;copyright&quot;:&quot;&quot;,&quot;focal_length&quot;:&quot;0&quot;,&quot;iso&quot;:&quot;0&quot;,&quot;shutter_speed&quot;:&quot;0&quot;,&quot;title&quot;:&quot;&quot;,&quot;orientation&quot;:&quot;1&quot;}\" data-image-title=\"agrund-Iggy-Azalea-Cosmopolitan-2\" data-image-description=\"\" data-image-caption=\"\" data-medium-file=\"https:\/\/i0.wp.com\/agrund.com\/wp-content\/uploads\/sites\/6\/2019\/08\/agrund-Iggy-Azalea-Cosmopolitan-2.jpg?fit=200%2C300&amp;ssl=1\" data-large-file=\"https:\/\/i0.wp.com\/agrund.com\/wp-content\/uploads\/sites\/6\/2019\/08\/agrund-Iggy-Azalea-Cosmopolitan-2.jpg?fit=600%2C900&amp;ssl=1\" decoding=\"async\" loading=\"lazy\" width=\"600\" height=\"900\" src=\"https:\/\/i0.wp.com\/www.agrund.com\/wp-content\/uploads\/sites\/6\/2019\/08\/agrund-Iggy-Azalea-Cosmopolitan-2.jpg?resize=600%2C900&#038;ssl=1\" alt=\"\" class=\"wp-image-200643\" srcset=\"https:\/\/i0.wp.com\/agrund.com\/wp-content\/uploads\/sites\/6\/2019\/08\/agrund-Iggy-Azalea-Cosmopolitan-2.jpg?w=600&amp;ssl=1 600w, https:\/\/i0.wp.com\/agrund.com\/wp-content\/uploads\/sites\/6\/2019\/08\/agrund-Iggy-Azalea-Cosmopolitan-2.jpg?resize=200%2C300&amp;ssl=1 200w\" sizes=\"(max-width: 600px) 100vw, 600px\" data-recalc-dims=\"1\" \/><figcaption>Iggy Azalea na capa da &#8216;Cosmopolitan&#8217; <\/figcaption><\/figure><\/div>\n\n\n\n<div class=\"wp-block-image\"><figure class=\"aligncenter\"><img data-attachment-id=\"200644\" data-permalink=\"https:\/\/agrund.com\/index.php\/iggy-azalea-na-capa-da-cosmopolitan\/agrund-iggy-azalea-cosmopolitan-4\/\" data-orig-file=\"https:\/\/i0.wp.com\/agrund.com\/wp-content\/uploads\/sites\/6\/2019\/08\/agrund-Iggy-Azalea-Cosmopolitan-4.jpg?fit=600%2C848&amp;ssl=1\" data-orig-size=\"600,848\" data-comments-opened=\"1\" data-image-meta=\"{&quot;aperture&quot;:&quot;0&quot;,&quot;credit&quot;:&quot;&quot;,&quot;camera&quot;:&quot;&quot;,&quot;caption&quot;:&quot;&quot;,&quot;created_timestamp&quot;:&quot;0&quot;,&quot;copyright&quot;:&quot;&quot;,&quot;focal_length&quot;:&quot;0&quot;,&quot;iso&quot;:&quot;0&quot;,&quot;shutter_speed&quot;:&quot;0&quot;,&quot;title&quot;:&quot;&quot;,&quot;orientation&quot;:&quot;1&quot;}\" data-image-title=\"agrund-Iggy-Azalea-Cosmopolitan-4\" data-image-description=\"\" data-image-caption=\"\" data-medium-file=\"https:\/\/i0.wp.com\/agrund.com\/wp-content\/uploads\/sites\/6\/2019\/08\/agrund-Iggy-Azalea-Cosmopolitan-4.jpg?fit=212%2C300&amp;ssl=1\" data-large-file=\"https:\/\/i0.wp.com\/agrund.com\/wp-content\/uploads\/sites\/6\/2019\/08\/agrund-Iggy-Azalea-Cosmopolitan-4.jpg?fit=600%2C848&amp;ssl=1\" decoding=\"async\" loading=\"lazy\" width=\"600\" height=\"848\" src=\"https:\/\/i0.wp.com\/www.agrund.com\/wp-content\/uploads\/sites\/6\/2019\/08\/agrund-Iggy-Azalea-Cosmopolitan-4.jpg?resize=600%2C848&#038;ssl=1\" alt=\"\" class=\"wp-image-200644\" srcset=\"https:\/\/i0.wp.com\/agrund.com\/wp-content\/uploads\/sites\/6\/2019\/08\/agrund-Iggy-Azalea-Cosmopolitan-4.jpg?w=600&amp;ssl=1 600w, https:\/\/i0.wp.com\/agrund.com\/wp-content\/uploads\/sites\/6\/2019\/08\/agrund-Iggy-Azalea-Cosmopolitan-4.jpg?resize=212%2C300&amp;ssl=1 212w\" sizes=\"(max-width: 600px) 100vw, 600px\" data-recalc-dims=\"1\" \/><figcaption>Iggy Azalea na capa da &#8216;Cosmopolitan&#8217; <\/figcaption><\/figure><\/div>\n\n\n\n<div class=\"wp-block-image\"><figure class=\"aligncenter\"><img data-attachment-id=\"200645\" data-permalink=\"https:\/\/agrund.com\/index.php\/iggy-azalea-na-capa-da-cosmopolitan\/agrund-iggy-azalea-cosmopolitan-5\/\" data-orig-file=\"https:\/\/i0.wp.com\/agrund.com\/wp-content\/uploads\/sites\/6\/2019\/08\/agrund-Iggy-Azalea-Cosmopolitan-5.jpg?fit=600%2C828&amp;ssl=1\" data-orig-size=\"600,828\" data-comments-opened=\"1\" data-image-meta=\"{&quot;aperture&quot;:&quot;0&quot;,&quot;credit&quot;:&quot;&quot;,&quot;camera&quot;:&quot;&quot;,&quot;caption&quot;:&quot;&quot;,&quot;created_timestamp&quot;:&quot;0&quot;,&quot;copyright&quot;:&quot;&quot;,&quot;focal_length&quot;:&quot;0&quot;,&quot;iso&quot;:&quot;0&quot;,&quot;shutter_speed&quot;:&quot;0&quot;,&quot;title&quot;:&quot;&quot;,&quot;orientation&quot;:&quot;1&quot;}\" data-image-title=\"agrund-Iggy-Azalea-Cosmopolitan-5\" data-image-description=\"\" data-image-caption=\"\" data-medium-file=\"https:\/\/i0.wp.com\/agrund.com\/wp-content\/uploads\/sites\/6\/2019\/08\/agrund-Iggy-Azalea-Cosmopolitan-5.jpg?fit=217%2C300&amp;ssl=1\" data-large-file=\"https:\/\/i0.wp.com\/agrund.com\/wp-content\/uploads\/sites\/6\/2019\/08\/agrund-Iggy-Azalea-Cosmopolitan-5.jpg?fit=600%2C828&amp;ssl=1\" decoding=\"async\" loading=\"lazy\" width=\"600\" height=\"828\" src=\"https:\/\/i0.wp.com\/www.agrund.com\/wp-content\/uploads\/sites\/6\/2019\/08\/agrund-Iggy-Azalea-Cosmopolitan-5.jpg?resize=600%2C828&#038;ssl=1\" alt=\"\" class=\"wp-image-200645\" srcset=\"https:\/\/i0.wp.com\/agrund.com\/wp-content\/uploads\/sites\/6\/2019\/08\/agrund-Iggy-Azalea-Cosmopolitan-5.jpg?w=600&amp;ssl=1 600w, https:\/\/i0.wp.com\/agrund.com\/wp-content\/uploads\/sites\/6\/2019\/08\/agrund-Iggy-Azalea-Cosmopolitan-5.jpg?resize=217%2C300&amp;ssl=1 217w\" sizes=\"(max-width: 600px) 100vw, 600px\" data-recalc-dims=\"1\" \/><figcaption>Iggy Azalea na capa da &#8216;Cosmopolitan&#8217; <\/figcaption><\/figure><\/div>\n\n\n\n<div class=\"wp-block-image\"><figure class=\"aligncenter\"><img data-attachment-id=\"200646\" data-permalink=\"https:\/\/agrund.com\/index.php\/iggy-azalea-na-capa-da-cosmopolitan\/agrund-iggy-azalea-cosmopolitan-6\/\" data-orig-file=\"https:\/\/i0.wp.com\/agrund.com\/wp-content\/uploads\/sites\/6\/2019\/08\/agrund-Iggy-Azalea-Cosmopolitan-6.jpg?fit=600%2C848&amp;ssl=1\" data-orig-size=\"600,848\" data-comments-opened=\"1\" data-image-meta=\"{&quot;aperture&quot;:&quot;0&quot;,&quot;credit&quot;:&quot;&quot;,&quot;camera&quot;:&quot;&quot;,&quot;caption&quot;:&quot;&quot;,&quot;created_timestamp&quot;:&quot;0&quot;,&quot;copyright&quot;:&quot;&quot;,&quot;focal_length&quot;:&quot;0&quot;,&quot;iso&quot;:&quot;0&quot;,&quot;shutter_speed&quot;:&quot;0&quot;,&quot;title&quot;:&quot;&quot;,&quot;orientation&quot;:&quot;1&quot;}\" data-image-title=\"agrund-Iggy-Azalea-Cosmopolitan-6\" data-image-description=\"\" data-image-caption=\"\" data-medium-file=\"https:\/\/i0.wp.com\/agrund.com\/wp-content\/uploads\/sites\/6\/2019\/08\/agrund-Iggy-Azalea-Cosmopolitan-6.jpg?fit=212%2C300&amp;ssl=1\" data-large-file=\"https:\/\/i0.wp.com\/agrund.com\/wp-content\/uploads\/sites\/6\/2019\/08\/agrund-Iggy-Azalea-Cosmopolitan-6.jpg?fit=600%2C848&amp;ssl=1\" decoding=\"async\" loading=\"lazy\" width=\"600\" height=\"848\" src=\"https:\/\/i0.wp.com\/www.agrund.com\/wp-content\/uploads\/sites\/6\/2019\/08\/agrund-Iggy-Azalea-Cosmopolitan-6.jpg?resize=600%2C848&#038;ssl=1\" alt=\"\" class=\"wp-image-200646\" srcset=\"https:\/\/i0.wp.com\/agrund.com\/wp-content\/uploads\/sites\/6\/2019\/08\/agrund-Iggy-Azalea-Cosmopolitan-6.jpg?w=600&amp;ssl=1 600w, https:\/\/i0.wp.com\/agrund.com\/wp-content\/uploads\/sites\/6\/2019\/08\/agrund-Iggy-Azalea-Cosmopolitan-6.jpg?resize=212%2C300&amp;ssl=1 212w\" sizes=\"(max-width: 600px) 100vw, 600px\" data-recalc-dims=\"1\" \/><figcaption>Iggy Azalea na capa da &#8216;Cosmopolitan&#8217; <\/figcaption><\/figure><\/div>\n\n\n\n<div class=\"wp-block-image\"><figure class=\"aligncenter\"><img data-attachment-id=\"200647\" data-permalink=\"https:\/\/agrund.com\/index.php\/iggy-azalea-na-capa-da-cosmopolitan\/agrund-iggy-azalea-cosmopolitan-7\/\" data-orig-file=\"https:\/\/i0.wp.com\/agrund.com\/wp-content\/uploads\/sites\/6\/2019\/08\/agrund-Iggy-Azalea-Cosmopolitan-7.jpg?fit=600%2C385&amp;ssl=1\" data-orig-size=\"600,385\" data-comments-opened=\"1\" data-image-meta=\"{&quot;aperture&quot;:&quot;0&quot;,&quot;credit&quot;:&quot;&quot;,&quot;camera&quot;:&quot;&quot;,&quot;caption&quot;:&quot;&quot;,&quot;created_timestamp&quot;:&quot;0&quot;,&quot;copyright&quot;:&quot;&quot;,&quot;focal_length&quot;:&quot;0&quot;,&quot;iso&quot;:&quot;0&quot;,&quot;shutter_speed&quot;:&quot;0&quot;,&quot;title&quot;:&quot;&quot;,&quot;orientation&quot;:&quot;1&quot;}\" data-image-title=\"agrund-Iggy-Azalea-Cosmopolitan-7\" data-image-description=\"\" data-image-caption=\"\" data-medium-file=\"https:\/\/i0.wp.com\/agrund.com\/wp-content\/uploads\/sites\/6\/2019\/08\/agrund-Iggy-Azalea-Cosmopolitan-7.jpg?fit=300%2C193&amp;ssl=1\" data-large-file=\"https:\/\/i0.wp.com\/agrund.com\/wp-content\/uploads\/sites\/6\/2019\/08\/agrund-Iggy-Azalea-Cosmopolitan-7.jpg?fit=600%2C385&amp;ssl=1\" decoding=\"async\" loading=\"lazy\" width=\"600\" height=\"385\" src=\"https:\/\/i0.wp.com\/www.agrund.com\/wp-content\/uploads\/sites\/6\/2019\/08\/agrund-Iggy-Azalea-Cosmopolitan-7.jpg?resize=600%2C385&#038;ssl=1\" alt=\"\" class=\"wp-image-200647\" srcset=\"https:\/\/i0.wp.com\/agrund.com\/wp-content\/uploads\/sites\/6\/2019\/08\/agrund-Iggy-Azalea-Cosmopolitan-7.jpg?w=600&amp;ssl=1 600w, https:\/\/i0.wp.com\/agrund.com\/wp-content\/uploads\/sites\/6\/2019\/08\/agrund-Iggy-Azalea-Cosmopolitan-7.jpg?resize=300%2C193&amp;ssl=1 300w\" sizes=\"(max-width: 600px) 100vw, 600px\" data-recalc-dims=\"1\" \/><figcaption>Iggy Azalea na capa da &#8216;Cosmopolitan&#8217; <\/figcaption><\/figure><\/div>\n\n\n\n<div class=\"wp-block-image\"><figure class=\"aligncenter\"><img data-attachment-id=\"200649\" data-permalink=\"https:\/\/agrund.com\/index.php\/iggy-azalea-na-capa-da-cosmopolitan\/agrund-iggy-azalea-cosmopolitan-8\/\" data-orig-file=\"https:\/\/i0.wp.com\/agrund.com\/wp-content\/uploads\/sites\/6\/2019\/08\/agrund-Iggy-Azalea-Cosmopolitan-8.jpg?fit=600%2C848&amp;ssl=1\" data-orig-size=\"600,848\" data-comments-opened=\"1\" data-image-meta=\"{&quot;aperture&quot;:&quot;0&quot;,&quot;credit&quot;:&quot;&quot;,&quot;camera&quot;:&quot;&quot;,&quot;caption&quot;:&quot;&quot;,&quot;created_timestamp&quot;:&quot;0&quot;,&quot;copyright&quot;:&quot;&quot;,&quot;focal_length&quot;:&quot;0&quot;,&quot;iso&quot;:&quot;0&quot;,&quot;shutter_speed&quot;:&quot;0&quot;,&quot;title&quot;:&quot;&quot;,&quot;orientation&quot;:&quot;1&quot;}\" data-image-title=\"agrund-Iggy-Azalea-Cosmopolitan-8\" data-image-description=\"\" data-image-caption=\"\" data-medium-file=\"https:\/\/i0.wp.com\/agrund.com\/wp-content\/uploads\/sites\/6\/2019\/08\/agrund-Iggy-Azalea-Cosmopolitan-8.jpg?fit=212%2C300&amp;ssl=1\" data-large-file=\"https:\/\/i0.wp.com\/agrund.com\/wp-content\/uploads\/sites\/6\/2019\/08\/agrund-Iggy-Azalea-Cosmopolitan-8.jpg?fit=600%2C848&amp;ssl=1\" decoding=\"async\" loading=\"lazy\" width=\"600\" height=\"848\" src=\"https:\/\/i0.wp.com\/www.agrund.com\/wp-content\/uploads\/sites\/6\/2019\/08\/agrund-Iggy-Azalea-Cosmopolitan-8.jpg?resize=600%2C848&#038;ssl=1\" alt=\"\" class=\"wp-image-200649\" srcset=\"https:\/\/i0.wp.com\/agrund.com\/wp-content\/uploads\/sites\/6\/2019\/08\/agrund-Iggy-Azalea-Cosmopolitan-8.jpg?w=600&amp;ssl=1 600w, https:\/\/i0.wp.com\/agrund.com\/wp-content\/uploads\/sites\/6\/2019\/08\/agrund-Iggy-Azalea-Cosmopolitan-8.jpg?resize=212%2C300&amp;ssl=1 212w\" sizes=\"(max-width: 600px) 100vw, 600px\" data-recalc-dims=\"1\" \/><figcaption>Iggy Azalea na capa da &#8216;Cosmopolitan&#8217; <\/figcaption><\/figure><\/div>\n\n\n\n<p>Fotos: Reprodu\u00e7\u00e3o\/ Cosmopolitan. <\/p>\n","protected":false},"excerpt":{"rendered":"<p>Iggy Azalea est\u00e1 de volta aos holofotes, estrelando a capa de setembro de 2019 da &#8216;Cosmopolitan&#8217; americana. No clique principal, ela usa um vestido pink estilo blazer de Jay Godfrey e joias de Yeprem. A mesma inspira\u00e7\u00e3o colorida e retr\u00f4, que tem tudo a ver com Iggy, tamb\u00e9m aparece no editorial interno fotografado no Brooklyn, [&hellip;]<\/p>\n","protected":false},"author":8,"featured_media":200650,"comment_status":"open","ping_status":"open","sticky":false,"template":"","format":"standard","meta":{"jetpack_post_was_ever_published":false,"_jetpack_newsletter_access":"","jetpack_publicize_message":"","jetpack_is_tweetstorm":false,"jetpack_publicize_feature_enabled":true,"jetpack_social_post_already_shared":true,"jetpack_social_options":{"image_generator_settings":{"template":"highway","enabled":false}}},"categories":[2],"tags":[395,375,580,347,632,493,67,495],"jetpack_publicize_connections":[],"jetpack_featured_media_url":"https:\/\/i0.wp.com\/agrund.com\/wp-content\/uploads\/sites\/6\/2019\/08\/s-24.jpg?fit=960%2C300&ssl=1","jetpack_sharing_enabled":true,"jetpack_shortlink":"https:\/\/wp.me\/p3Hz0n-Qc9","jetpack_likes_enabled":true,"_links":{"self":[{"href":"https:\/\/agrund.com\/index.php\/wp-json\/wp\/v2\/posts\/200641"}],"collection":[{"href":"https:\/\/agrund.com\/index.php\/wp-json\/wp\/v2\/posts"}],"about":[{"href":"https:\/\/agrund.com\/index.php\/wp-json\/wp\/v2\/types\/post"}],"author":[{"embeddable":true,"href":"https:\/\/agrund.com\/index.php\/wp-json\/wp\/v2\/users\/8"}],"replies":[{"embeddable":true,"href":"https:\/\/agrund.com\/index.php\/wp-json\/wp\/v2\/comments?post=200641"}],"version-history":[{"count":1,"href":"https:\/\/agrund.com\/index.php\/wp-json\/wp\/v2\/posts\/200641\/revisions"}],"predecessor-version":[{"id":200651,"href":"https:\/\/agrund.com\/index.php\/wp-json\/wp\/v2\/posts\/200641\/revisions\/200651"}],"wp:featuredmedia":[{"embeddable":true,"href":"https:\/\/agrund.com\/index.php\/wp-json\/wp\/v2\/media\/200650"}],"wp:attachment":[{"href":"https:\/\/agrund.com\/index.php\/wp-json\/wp\/v2\/media?parent=200641"}],"wp:term":[{"taxonomy":"category","embeddable":true,"href":"https:\/\/agrund.com\/index.php\/wp-json\/wp\/v2\/categories?post=200641"},{"taxonomy":"post_tag","embeddable":true,"href":"https:\/\/agrund.com\/index.php\/wp-json\/wp\/v2\/tags?post=200641"}],"curies":[{"name":"wp","href":"https:\/\/api.w.org\/{rel}","templated":true}]}}