{"id":200621,"date":"2019-08-06T15:00:37","date_gmt":"2019-08-06T18:00:37","guid":{"rendered":"http:\/\/www.agrund.com\/?p=200621"},"modified":"2019-08-06T15:50:27","modified_gmt":"2019-08-06T18:50:27","slug":"look-do-dia-anos-80-5","status":"publish","type":"post","link":"https:\/\/agrund.com\/index.php\/look-do-dia-anos-80-5\/","title":{"rendered":"Look do Dia :: Anos 80"},"content":{"rendered":"\n<p>Eu com um look bem anos 80 e o Feij\u00e3o cheio de eleg\u00e2ncia. Styling de Fabio Paiva e Murilo Mahler. <\/p>\n\n\n\n<p>Blusa Gola Alta e Sapatos Gucci <\/p>\n\n\n\n<p>Blazer Zegna<\/p>\n\n\n\n<p>Cal\u00e7a \u00c0 La Gar\u00e7onne<\/p>\n\n\n\n<figure class=\"wp-block-image\"><img data-attachment-id=\"200623\" data-permalink=\"https:\/\/agrund.com\/index.php\/look-do-dia-anos-80-5\/agrund-look-arlindo-grund-3-2\/\" data-orig-file=\"https:\/\/i0.wp.com\/agrund.com\/wp-content\/uploads\/sites\/6\/2019\/08\/agrund-look-arlindo-grund-3.jpg?fit=600%2C599&amp;ssl=1\" data-orig-size=\"600,599\" data-comments-opened=\"1\" data-image-meta=\"{&quot;aperture&quot;:&quot;0&quot;,&quot;credit&quot;:&quot;&quot;,&quot;camera&quot;:&quot;&quot;,&quot;caption&quot;:&quot;&quot;,&quot;created_timestamp&quot;:&quot;0&quot;,&quot;copyright&quot;:&quot;&quot;,&quot;focal_length&quot;:&quot;0&quot;,&quot;iso&quot;:&quot;0&quot;,&quot;shutter_speed&quot;:&quot;0&quot;,&quot;title&quot;:&quot;&quot;,&quot;orientation&quot;:&quot;1&quot;}\" data-image-title=\"agrund-look-arlindo-grund-3\" data-image-description=\"\" data-image-caption=\"\" data-medium-file=\"https:\/\/i0.wp.com\/agrund.com\/wp-content\/uploads\/sites\/6\/2019\/08\/agrund-look-arlindo-grund-3.jpg?fit=300%2C300&amp;ssl=1\" data-large-file=\"https:\/\/i0.wp.com\/agrund.com\/wp-content\/uploads\/sites\/6\/2019\/08\/agrund-look-arlindo-grund-3.jpg?fit=600%2C599&amp;ssl=1\" decoding=\"async\" loading=\"lazy\" width=\"600\" height=\"599\" src=\"https:\/\/i0.wp.com\/www.agrund.com\/wp-content\/uploads\/sites\/6\/2019\/08\/agrund-look-arlindo-grund-3.jpg?resize=600%2C599&#038;ssl=1\" alt=\"\" class=\"wp-image-200623\" srcset=\"https:\/\/i0.wp.com\/agrund.com\/wp-content\/uploads\/sites\/6\/2019\/08\/agrund-look-arlindo-grund-3.jpg?w=600&amp;ssl=1 600w, https:\/\/i0.wp.com\/agrund.com\/wp-content\/uploads\/sites\/6\/2019\/08\/agrund-look-arlindo-grund-3.jpg?resize=150%2C150&amp;ssl=1 150w, https:\/\/i0.wp.com\/agrund.com\/wp-content\/uploads\/sites\/6\/2019\/08\/agrund-look-arlindo-grund-3.jpg?resize=300%2C300&amp;ssl=1 300w\" sizes=\"(max-width: 600px) 100vw, 600px\" data-recalc-dims=\"1\" \/><figcaption>Look do Dia :: Anos 80<\/figcaption><\/figure>\n\n\n\n<p>Foto: Agrund.com <\/p>\n","protected":false},"excerpt":{"rendered":"<p>Eu com um look bem anos 80 e o Feij\u00e3o cheio de eleg\u00e2ncia. Styling de Fabio Paiva e Murilo Mahler. Blusa Gola Alta e Sapatos Gucci Blazer Zegna Cal\u00e7a \u00c0 La Gar\u00e7onne Foto: Agrund.com<\/p>\n","protected":false},"author":8,"featured_media":200622,"comment_status":"open","ping_status":"open","sticky":false,"template":"","format":"standard","meta":{"jetpack_post_was_ever_published":false,"_jetpack_newsletter_access":"","jetpack_publicize_message":"","jetpack_is_tweetstorm":false,"jetpack_publicize_feature_enabled":true,"jetpack_social_post_already_shared":true,"jetpack_social_options":{"image_generator_settings":{"template":"highway","enabled":false}}},"categories":[346,7,6],"tags":[395,375,347,72,379,631,382,67,148],"jetpack_publicize_connections":[],"jetpack_featured_media_url":"https:\/\/i0.wp.com\/agrund.com\/wp-content\/uploads\/sites\/6\/2019\/08\/s-21.jpg?fit=960%2C300&ssl=1","jetpack_sharing_enabled":true,"jetpack_shortlink":"https:\/\/wp.me\/p3Hz0n-QbP","jetpack_likes_enabled":true,"_links":{"self":[{"href":"https:\/\/agrund.com\/index.php\/wp-json\/wp\/v2\/posts\/200621"}],"collection":[{"href":"https:\/\/agrund.com\/index.php\/wp-json\/wp\/v2\/posts"}],"about":[{"href":"https:\/\/agrund.com\/index.php\/wp-json\/wp\/v2\/types\/post"}],"author":[{"embeddable":true,"href":"https:\/\/agrund.com\/index.php\/wp-json\/wp\/v2\/users\/8"}],"replies":[{"embeddable":true,"href":"https:\/\/agrund.com\/index.php\/wp-json\/wp\/v2\/comments?post=200621"}],"version-history":[{"count":1,"href":"https:\/\/agrund.com\/index.php\/wp-json\/wp\/v2\/posts\/200621\/revisions"}],"predecessor-version":[{"id":200624,"href":"https:\/\/agrund.com\/index.php\/wp-json\/wp\/v2\/posts\/200621\/revisions\/200624"}],"wp:featuredmedia":[{"embeddable":true,"href":"https:\/\/agrund.com\/index.php\/wp-json\/wp\/v2\/media\/200622"}],"wp:attachment":[{"href":"https:\/\/agrund.com\/index.php\/wp-json\/wp\/v2\/media?parent=200621"}],"wp:term":[{"taxonomy":"category","embeddable":true,"href":"https:\/\/agrund.com\/index.php\/wp-json\/wp\/v2\/categories?post=200621"},{"taxonomy":"post_tag","embeddable":true,"href":"https:\/\/agrund.com\/index.php\/wp-json\/wp\/v2\/tags?post=200621"}],"curies":[{"name":"wp","href":"https:\/\/api.w.org\/{rel}","templated":true}]}}