{"id":200585,"date":"2019-08-05T18:00:59","date_gmt":"2019-08-05T21:00:59","guid":{"rendered":"http:\/\/www.agrund.com\/?p=200585"},"modified":"2019-08-05T16:40:37","modified_gmt":"2019-08-05T19:40:37","slug":"aline-weber-estrela-campanha-da-balmain","status":"publish","type":"post","link":"https:\/\/agrund.com\/index.php\/aline-weber-estrela-campanha-da-balmain\/","title":{"rendered":"Aline Weber estrela campanha da Balmain"},"content":{"rendered":"\n<p>A Balmain acaba de divulgar sua campanha outono\/inverno 2019 da linha Hair Couture e ela \u00e9 estrelada por um rosto muito conhecido por n\u00f3s, brasileiros.<\/p>\n\n\n\n<p>Aline Weber posou para as lentes de An Le com tr\u00eas apliques de cabelos diferentes, todos com seus fios platinados, por\u00e9m com texturas, comprimentos e volumes diferentes. Quem a\u00ed queria um cabelo assinado pela Balmain?<\/p>\n\n\n\n<p>Como de costume, a campanha \u00e9 toda em preto e branco. Confira:<\/p>\n\n\n\n<div class=\"wp-block-image\"><figure class=\"aligncenter\"><img data-attachment-id=\"200586\" data-permalink=\"https:\/\/agrund.com\/index.php\/aline-weber-estrela-campanha-da-balmain\/agrund-balmain-hair-couture-fall-2019\/\" data-orig-file=\"https:\/\/i0.wp.com\/agrund.com\/wp-content\/uploads\/sites\/6\/2019\/08\/agrund-Balmain-Hair-Couture-Fall-2019.jpg?fit=600%2C758&amp;ssl=1\" data-orig-size=\"600,758\" data-comments-opened=\"1\" data-image-meta=\"{&quot;aperture&quot;:&quot;0&quot;,&quot;credit&quot;:&quot;&quot;,&quot;camera&quot;:&quot;&quot;,&quot;caption&quot;:&quot;&quot;,&quot;created_timestamp&quot;:&quot;0&quot;,&quot;copyright&quot;:&quot;&quot;,&quot;focal_length&quot;:&quot;0&quot;,&quot;iso&quot;:&quot;0&quot;,&quot;shutter_speed&quot;:&quot;0&quot;,&quot;title&quot;:&quot;&quot;,&quot;orientation&quot;:&quot;1&quot;}\" data-image-title=\"agrund-Balmain-Hair-Couture-Fall-2019\" data-image-description=\"\" data-image-caption=\"\" data-medium-file=\"https:\/\/i0.wp.com\/agrund.com\/wp-content\/uploads\/sites\/6\/2019\/08\/agrund-Balmain-Hair-Couture-Fall-2019.jpg?fit=237%2C300&amp;ssl=1\" data-large-file=\"https:\/\/i0.wp.com\/agrund.com\/wp-content\/uploads\/sites\/6\/2019\/08\/agrund-Balmain-Hair-Couture-Fall-2019.jpg?fit=600%2C758&amp;ssl=1\" decoding=\"async\" loading=\"lazy\" width=\"600\" height=\"758\" src=\"https:\/\/i0.wp.com\/www.agrund.com\/wp-content\/uploads\/sites\/6\/2019\/08\/agrund-Balmain-Hair-Couture-Fall-2019.jpg?resize=600%2C758&#038;ssl=1\" alt=\"\" class=\"wp-image-200586\" srcset=\"https:\/\/i0.wp.com\/agrund.com\/wp-content\/uploads\/sites\/6\/2019\/08\/agrund-Balmain-Hair-Couture-Fall-2019.jpg?w=600&amp;ssl=1 600w, https:\/\/i0.wp.com\/agrund.com\/wp-content\/uploads\/sites\/6\/2019\/08\/agrund-Balmain-Hair-Couture-Fall-2019.jpg?resize=237%2C300&amp;ssl=1 237w\" sizes=\"(max-width: 600px) 100vw, 600px\" data-recalc-dims=\"1\" \/><figcaption>Aline Weber estrela campanha da Balmain<\/figcaption><\/figure><\/div>\n\n\n\n<div class=\"wp-block-image\"><figure class=\"aligncenter\"><img data-attachment-id=\"200587\" data-permalink=\"https:\/\/agrund.com\/index.php\/aline-weber-estrela-campanha-da-balmain\/agrund-balmain-hair-couture-fall-2019-2\/\" data-orig-file=\"https:\/\/i0.wp.com\/agrund.com\/wp-content\/uploads\/sites\/6\/2019\/08\/agrund-Balmain-Hair-Couture-Fall-2019-2.jpg?fit=600%2C758&amp;ssl=1\" data-orig-size=\"600,758\" data-comments-opened=\"1\" data-image-meta=\"{&quot;aperture&quot;:&quot;0&quot;,&quot;credit&quot;:&quot;&quot;,&quot;camera&quot;:&quot;&quot;,&quot;caption&quot;:&quot;&quot;,&quot;created_timestamp&quot;:&quot;0&quot;,&quot;copyright&quot;:&quot;&quot;,&quot;focal_length&quot;:&quot;0&quot;,&quot;iso&quot;:&quot;0&quot;,&quot;shutter_speed&quot;:&quot;0&quot;,&quot;title&quot;:&quot;&quot;,&quot;orientation&quot;:&quot;1&quot;}\" data-image-title=\"agrund-Balmain-Hair-Couture-Fall-2019-2\" data-image-description=\"\" data-image-caption=\"\" data-medium-file=\"https:\/\/i0.wp.com\/agrund.com\/wp-content\/uploads\/sites\/6\/2019\/08\/agrund-Balmain-Hair-Couture-Fall-2019-2.jpg?fit=237%2C300&amp;ssl=1\" data-large-file=\"https:\/\/i0.wp.com\/agrund.com\/wp-content\/uploads\/sites\/6\/2019\/08\/agrund-Balmain-Hair-Couture-Fall-2019-2.jpg?fit=600%2C758&amp;ssl=1\" decoding=\"async\" loading=\"lazy\" width=\"600\" height=\"758\" src=\"https:\/\/i0.wp.com\/www.agrund.com\/wp-content\/uploads\/sites\/6\/2019\/08\/agrund-Balmain-Hair-Couture-Fall-2019-2.jpg?resize=600%2C758&#038;ssl=1\" alt=\"\" class=\"wp-image-200587\" srcset=\"https:\/\/i0.wp.com\/agrund.com\/wp-content\/uploads\/sites\/6\/2019\/08\/agrund-Balmain-Hair-Couture-Fall-2019-2.jpg?w=600&amp;ssl=1 600w, https:\/\/i0.wp.com\/agrund.com\/wp-content\/uploads\/sites\/6\/2019\/08\/agrund-Balmain-Hair-Couture-Fall-2019-2.jpg?resize=237%2C300&amp;ssl=1 237w\" sizes=\"(max-width: 600px) 100vw, 600px\" data-recalc-dims=\"1\" \/><figcaption>Aline Weber estrela campanha da Balmain<\/figcaption><\/figure><\/div>\n\n\n\n<div class=\"wp-block-image\"><figure class=\"aligncenter\"><img data-attachment-id=\"200588\" data-permalink=\"https:\/\/agrund.com\/index.php\/aline-weber-estrela-campanha-da-balmain\/agrund-balmain-hair-couture-fall-2019-3\/\" data-orig-file=\"https:\/\/i0.wp.com\/agrund.com\/wp-content\/uploads\/sites\/6\/2019\/08\/agrund-Balmain-Hair-Couture-Fall-2019-3.jpg?fit=600%2C758&amp;ssl=1\" data-orig-size=\"600,758\" data-comments-opened=\"1\" data-image-meta=\"{&quot;aperture&quot;:&quot;0&quot;,&quot;credit&quot;:&quot;&quot;,&quot;camera&quot;:&quot;&quot;,&quot;caption&quot;:&quot;&quot;,&quot;created_timestamp&quot;:&quot;0&quot;,&quot;copyright&quot;:&quot;&quot;,&quot;focal_length&quot;:&quot;0&quot;,&quot;iso&quot;:&quot;0&quot;,&quot;shutter_speed&quot;:&quot;0&quot;,&quot;title&quot;:&quot;&quot;,&quot;orientation&quot;:&quot;1&quot;}\" data-image-title=\"agrund-Balmain-Hair-Couture-Fall-2019-3\" data-image-description=\"\" data-image-caption=\"\" data-medium-file=\"https:\/\/i0.wp.com\/agrund.com\/wp-content\/uploads\/sites\/6\/2019\/08\/agrund-Balmain-Hair-Couture-Fall-2019-3.jpg?fit=237%2C300&amp;ssl=1\" data-large-file=\"https:\/\/i0.wp.com\/agrund.com\/wp-content\/uploads\/sites\/6\/2019\/08\/agrund-Balmain-Hair-Couture-Fall-2019-3.jpg?fit=600%2C758&amp;ssl=1\" decoding=\"async\" loading=\"lazy\" width=\"600\" height=\"758\" src=\"https:\/\/i0.wp.com\/www.agrund.com\/wp-content\/uploads\/sites\/6\/2019\/08\/agrund-Balmain-Hair-Couture-Fall-2019-3.jpg?resize=600%2C758&#038;ssl=1\" alt=\"\" class=\"wp-image-200588\" srcset=\"https:\/\/i0.wp.com\/agrund.com\/wp-content\/uploads\/sites\/6\/2019\/08\/agrund-Balmain-Hair-Couture-Fall-2019-3.jpg?w=600&amp;ssl=1 600w, https:\/\/i0.wp.com\/agrund.com\/wp-content\/uploads\/sites\/6\/2019\/08\/agrund-Balmain-Hair-Couture-Fall-2019-3.jpg?resize=237%2C300&amp;ssl=1 237w\" sizes=\"(max-width: 600px) 100vw, 600px\" data-recalc-dims=\"1\" \/><figcaption>Aline Weber estrela campanha da Balmain<\/figcaption><\/figure><\/div>\n\n\n\n<p>Fotos: Reprodu\u00e7\u00e3o\/ Balmain. <\/p>\n","protected":false},"excerpt":{"rendered":"<p>A Balmain acaba de divulgar sua campanha outono\/inverno 2019 da linha Hair Couture e ela \u00e9 estrelada por um rosto muito conhecido por n\u00f3s, brasileiros. Aline Weber posou para as lentes de An Le com tr\u00eas apliques de cabelos diferentes, todos com seus fios platinados, por\u00e9m com texturas, comprimentos e volumes diferentes. Quem a\u00ed queria [&hellip;]<\/p>\n","protected":false},"author":8,"featured_media":200589,"comment_status":"open","ping_status":"open","sticky":false,"template":"","format":"standard","meta":{"jetpack_post_was_ever_published":false,"_jetpack_newsletter_access":"","jetpack_publicize_message":"","jetpack_is_tweetstorm":false,"jetpack_publicize_feature_enabled":true,"jetpack_social_post_already_shared":true,"jetpack_social_options":{"image_generator_settings":{"template":"highway","enabled":false}}},"categories":[2],"tags":[395,375,244,624,353,352,623,347,622,67],"jetpack_publicize_connections":[],"jetpack_featured_media_url":"https:\/\/i0.wp.com\/agrund.com\/wp-content\/uploads\/sites\/6\/2019\/08\/s-18.jpg?fit=960%2C300&ssl=1","jetpack_sharing_enabled":true,"jetpack_shortlink":"https:\/\/wp.me\/p3Hz0n-Qbf","jetpack_likes_enabled":true,"_links":{"self":[{"href":"https:\/\/agrund.com\/index.php\/wp-json\/wp\/v2\/posts\/200585"}],"collection":[{"href":"https:\/\/agrund.com\/index.php\/wp-json\/wp\/v2\/posts"}],"about":[{"href":"https:\/\/agrund.com\/index.php\/wp-json\/wp\/v2\/types\/post"}],"author":[{"embeddable":true,"href":"https:\/\/agrund.com\/index.php\/wp-json\/wp\/v2\/users\/8"}],"replies":[{"embeddable":true,"href":"https:\/\/agrund.com\/index.php\/wp-json\/wp\/v2\/comments?post=200585"}],"version-history":[{"count":1,"href":"https:\/\/agrund.com\/index.php\/wp-json\/wp\/v2\/posts\/200585\/revisions"}],"predecessor-version":[{"id":200590,"href":"https:\/\/agrund.com\/index.php\/wp-json\/wp\/v2\/posts\/200585\/revisions\/200590"}],"wp:featuredmedia":[{"embeddable":true,"href":"https:\/\/agrund.com\/index.php\/wp-json\/wp\/v2\/media\/200589"}],"wp:attachment":[{"href":"https:\/\/agrund.com\/index.php\/wp-json\/wp\/v2\/media?parent=200585"}],"wp:term":[{"taxonomy":"category","embeddable":true,"href":"https:\/\/agrund.com\/index.php\/wp-json\/wp\/v2\/categories?post=200585"},{"taxonomy":"post_tag","embeddable":true,"href":"https:\/\/agrund.com\/index.php\/wp-json\/wp\/v2\/tags?post=200585"}],"curies":[{"name":"wp","href":"https:\/\/api.w.org\/{rel}","templated":true}]}}