{"id":200577,"date":"2019-08-05T15:00:20","date_gmt":"2019-08-05T18:00:20","guid":{"rendered":"http:\/\/www.agrund.com\/?p=200577"},"modified":"2019-08-05T13:48:15","modified_gmt":"2019-08-05T16:48:15","slug":"look-do-dia-o-blazer-xadrez","status":"publish","type":"post","link":"https:\/\/agrund.com\/index.php\/look-do-dia-o-blazer-xadrez\/","title":{"rendered":"Look do Dia :: O blazer xadrez"},"content":{"rendered":"\n<p>Come\u00e7amos a semana apostando no cl\u00e1ssico com o jeans. Aten\u00e7\u00e3o aos detalhes nos punhos: 3 texturas. Pronto para gravar o &#8216;Esquadr\u00e3o da Moda&#8217; com styling de Fabio Paiva e Murilo Mahler. <\/p>\n\n\n\n<p>Blazer Ricardo Almeida<\/p>\n\n\n\n<p>Su\u00e9ter Marc Jacobs<\/p>\n\n\n\n<p>Cal\u00e7a Gucci <\/p>\n\n\n\n<p>Sapatos Prada <\/p>\n\n\n\n<div class=\"wp-block-image\"><figure class=\"aligncenter\"><img data-attachment-id=\"200578\" data-permalink=\"https:\/\/agrund.com\/index.php\/look-do-dia-o-blazer-xadrez\/agrund-look-arlindo-grund-2-2\/\" data-orig-file=\"https:\/\/i0.wp.com\/agrund.com\/wp-content\/uploads\/sites\/6\/2019\/08\/agrund-look-arlindo-grund-2.jpg?fit=550%2C658&amp;ssl=1\" data-orig-size=\"550,658\" data-comments-opened=\"1\" data-image-meta=\"{&quot;aperture&quot;:&quot;0&quot;,&quot;credit&quot;:&quot;&quot;,&quot;camera&quot;:&quot;&quot;,&quot;caption&quot;:&quot;&quot;,&quot;created_timestamp&quot;:&quot;0&quot;,&quot;copyright&quot;:&quot;&quot;,&quot;focal_length&quot;:&quot;0&quot;,&quot;iso&quot;:&quot;0&quot;,&quot;shutter_speed&quot;:&quot;0&quot;,&quot;title&quot;:&quot;&quot;,&quot;orientation&quot;:&quot;1&quot;}\" data-image-title=\"agrund-look-arlindo-grund-2\" data-image-description=\"\" data-image-caption=\"\" data-medium-file=\"https:\/\/i0.wp.com\/agrund.com\/wp-content\/uploads\/sites\/6\/2019\/08\/agrund-look-arlindo-grund-2.jpg?fit=251%2C300&amp;ssl=1\" data-large-file=\"https:\/\/i0.wp.com\/agrund.com\/wp-content\/uploads\/sites\/6\/2019\/08\/agrund-look-arlindo-grund-2.jpg?fit=550%2C658&amp;ssl=1\" decoding=\"async\" loading=\"lazy\" width=\"550\" height=\"658\" src=\"https:\/\/i0.wp.com\/www.agrund.com\/wp-content\/uploads\/sites\/6\/2019\/08\/agrund-look-arlindo-grund-2.jpg?resize=550%2C658&#038;ssl=1\" alt=\"\" class=\"wp-image-200578\" srcset=\"https:\/\/i0.wp.com\/agrund.com\/wp-content\/uploads\/sites\/6\/2019\/08\/agrund-look-arlindo-grund-2.jpg?w=550&amp;ssl=1 550w, https:\/\/i0.wp.com\/agrund.com\/wp-content\/uploads\/sites\/6\/2019\/08\/agrund-look-arlindo-grund-2.jpg?resize=251%2C300&amp;ssl=1 251w\" sizes=\"(max-width: 550px) 100vw, 550px\" data-recalc-dims=\"1\" \/><figcaption>Look do Dia :: O blazer xadrez<\/figcaption><\/figure><\/div>\n\n\n\n<p>Foto: Agrund.com <\/p>\n","protected":false},"excerpt":{"rendered":"<p>Come\u00e7amos a semana apostando no cl\u00e1ssico com o jeans. Aten\u00e7\u00e3o aos detalhes nos punhos: 3 texturas. Pronto para gravar o &#8216;Esquadr\u00e3o da Moda&#8217; com styling de Fabio Paiva e Murilo Mahler. Blazer Ricardo Almeida Su\u00e9ter Marc Jacobs Cal\u00e7a Gucci Sapatos Prada Foto: Agrund.com<\/p>\n","protected":false},"author":8,"featured_media":200579,"comment_status":"open","ping_status":"open","sticky":false,"template":"","format":"standard","meta":{"jetpack_post_was_ever_published":false,"_jetpack_newsletter_access":"","jetpack_publicize_message":"","jetpack_is_tweetstorm":false,"jetpack_publicize_feature_enabled":true,"jetpack_social_post_already_shared":true,"jetpack_social_options":{"image_generator_settings":{"template":"highway","enabled":false}}},"categories":[346,7,6,2],"tags":[395,375,423,347,72,379,380,382,67,148,424],"jetpack_publicize_connections":[],"jetpack_featured_media_url":"https:\/\/i0.wp.com\/agrund.com\/wp-content\/uploads\/sites\/6\/2019\/08\/s-16.jpg?fit=960%2C300&ssl=1","jetpack_sharing_enabled":true,"jetpack_shortlink":"https:\/\/wp.me\/p3Hz0n-Qb7","jetpack_likes_enabled":true,"_links":{"self":[{"href":"https:\/\/agrund.com\/index.php\/wp-json\/wp\/v2\/posts\/200577"}],"collection":[{"href":"https:\/\/agrund.com\/index.php\/wp-json\/wp\/v2\/posts"}],"about":[{"href":"https:\/\/agrund.com\/index.php\/wp-json\/wp\/v2\/types\/post"}],"author":[{"embeddable":true,"href":"https:\/\/agrund.com\/index.php\/wp-json\/wp\/v2\/users\/8"}],"replies":[{"embeddable":true,"href":"https:\/\/agrund.com\/index.php\/wp-json\/wp\/v2\/comments?post=200577"}],"version-history":[{"count":1,"href":"https:\/\/agrund.com\/index.php\/wp-json\/wp\/v2\/posts\/200577\/revisions"}],"predecessor-version":[{"id":200580,"href":"https:\/\/agrund.com\/index.php\/wp-json\/wp\/v2\/posts\/200577\/revisions\/200580"}],"wp:featuredmedia":[{"embeddable":true,"href":"https:\/\/agrund.com\/index.php\/wp-json\/wp\/v2\/media\/200579"}],"wp:attachment":[{"href":"https:\/\/agrund.com\/index.php\/wp-json\/wp\/v2\/media?parent=200577"}],"wp:term":[{"taxonomy":"category","embeddable":true,"href":"https:\/\/agrund.com\/index.php\/wp-json\/wp\/v2\/categories?post=200577"},{"taxonomy":"post_tag","embeddable":true,"href":"https:\/\/agrund.com\/index.php\/wp-json\/wp\/v2\/tags?post=200577"}],"curies":[{"name":"wp","href":"https:\/\/api.w.org\/{rel}","templated":true}]}}