{"id":200572,"date":"2019-08-05T13:00:50","date_gmt":"2019-08-05T16:00:50","guid":{"rendered":"http:\/\/www.agrund.com\/?p=200572"},"modified":"2019-08-05T13:00:30","modified_gmt":"2019-08-05T16:00:30","slug":"harry-styles-de-volta-a-gucci-2","status":"publish","type":"post","link":"https:\/\/agrund.com\/index.php\/harry-styles-de-volta-a-gucci-2\/","title":{"rendered":"Harry Styles de volta \u00e0 Gucci"},"content":{"rendered":"\n<p>O relacionamento entre a Gucci e Harry Styles est\u00e1 colhendo bons frutos e a prova disso \u00e9 que o cantor est\u00e1 de volta em mais uma campanha da marca. Desta vez, ele apresenta a primeira fragr\u00e2ncia sem g\u00eanero da grife, a Gucci M\u00e9moire d\u2019une Odeur, ao lado de um grande casting.<\/p>\n\n\n\n<p>Modelos como Aaron Sirainen, Cheikh Tall, Elibeidy Dani Martinez e Ellia, Sophia, assim como os designers Harris Reed e Zumi Rosow, as artistas Ariana Papademetropoulos e Olimpia Dior, e os m\u00fasicos Stanislas Klossowski de Rola e Leslie Winer posaram para fotos e v\u00eddeos nas ru\u00ednas de Canale Monterano.\u00a0<\/p>\n\n\n\n<p>A ideia da grife \u00e9 traduzir o poder das mem\u00f3rias e das fam\u00edlias de esp\u00edrito livre.\u00a0 A fotografia \u00e9 de Glen Luchford e voc\u00ea confere aqui:<\/p>\n\n\n\n<div class=\"wp-block-image\"><figure class=\"aligncenter\"><img data-attachment-id=\"200573\" data-permalink=\"https:\/\/agrund.com\/index.php\/harry-styles-de-volta-a-gucci-2\/agrund-gucci-memoire-dune-odeur-2019\/\" data-orig-file=\"https:\/\/i0.wp.com\/agrund.com\/wp-content\/uploads\/sites\/6\/2019\/08\/agrund-Gucci-Memoire-dune-Odeur-2019-.jpg?fit=600%2C383&amp;ssl=1\" data-orig-size=\"600,383\" data-comments-opened=\"1\" data-image-meta=\"{&quot;aperture&quot;:&quot;0&quot;,&quot;credit&quot;:&quot;&quot;,&quot;camera&quot;:&quot;&quot;,&quot;caption&quot;:&quot;&quot;,&quot;created_timestamp&quot;:&quot;0&quot;,&quot;copyright&quot;:&quot;&quot;,&quot;focal_length&quot;:&quot;0&quot;,&quot;iso&quot;:&quot;0&quot;,&quot;shutter_speed&quot;:&quot;0&quot;,&quot;title&quot;:&quot;&quot;,&quot;orientation&quot;:&quot;1&quot;}\" data-image-title=\"agrund-Gucci-Memoire-dune-Odeur-2019-\" data-image-description=\"\" data-image-caption=\"\" data-medium-file=\"https:\/\/i0.wp.com\/agrund.com\/wp-content\/uploads\/sites\/6\/2019\/08\/agrund-Gucci-Memoire-dune-Odeur-2019-.jpg?fit=300%2C192&amp;ssl=1\" data-large-file=\"https:\/\/i0.wp.com\/agrund.com\/wp-content\/uploads\/sites\/6\/2019\/08\/agrund-Gucci-Memoire-dune-Odeur-2019-.jpg?fit=600%2C383&amp;ssl=1\" decoding=\"async\" loading=\"lazy\" width=\"600\" height=\"383\" src=\"https:\/\/i0.wp.com\/www.agrund.com\/wp-content\/uploads\/sites\/6\/2019\/08\/agrund-Gucci-Memoire-dune-Odeur-2019-.jpg?resize=600%2C383&#038;ssl=1\" alt=\"\" class=\"wp-image-200573\" srcset=\"https:\/\/i0.wp.com\/agrund.com\/wp-content\/uploads\/sites\/6\/2019\/08\/agrund-Gucci-Memoire-dune-Odeur-2019-.jpg?w=600&amp;ssl=1 600w, https:\/\/i0.wp.com\/agrund.com\/wp-content\/uploads\/sites\/6\/2019\/08\/agrund-Gucci-Memoire-dune-Odeur-2019-.jpg?resize=300%2C192&amp;ssl=1 300w\" sizes=\"(max-width: 600px) 100vw, 600px\" data-recalc-dims=\"1\" \/><figcaption>Harry Styles de volta \u00e0 Gucci  <\/figcaption><\/figure><\/div>\n\n\n\n<div class=\"wp-block-image\"><figure class=\"aligncenter\"><img data-attachment-id=\"200574\" data-permalink=\"https:\/\/agrund.com\/index.php\/harry-styles-de-volta-a-gucci-2\/agrund-gucci-memoire-dune-odeur-2019-2\/\" data-orig-file=\"https:\/\/i0.wp.com\/agrund.com\/wp-content\/uploads\/sites\/6\/2019\/08\/agrund-Gucci-Memoire-dune-Odeur-2019-2.jpg?fit=600%2C383&amp;ssl=1\" data-orig-size=\"600,383\" data-comments-opened=\"1\" data-image-meta=\"{&quot;aperture&quot;:&quot;0&quot;,&quot;credit&quot;:&quot;&quot;,&quot;camera&quot;:&quot;&quot;,&quot;caption&quot;:&quot;&quot;,&quot;created_timestamp&quot;:&quot;0&quot;,&quot;copyright&quot;:&quot;&quot;,&quot;focal_length&quot;:&quot;0&quot;,&quot;iso&quot;:&quot;0&quot;,&quot;shutter_speed&quot;:&quot;0&quot;,&quot;title&quot;:&quot;&quot;,&quot;orientation&quot;:&quot;1&quot;}\" data-image-title=\"agrund-Gucci-Memoire-dune-Odeur-2019-2\" data-image-description=\"\" data-image-caption=\"\" data-medium-file=\"https:\/\/i0.wp.com\/agrund.com\/wp-content\/uploads\/sites\/6\/2019\/08\/agrund-Gucci-Memoire-dune-Odeur-2019-2.jpg?fit=300%2C192&amp;ssl=1\" data-large-file=\"https:\/\/i0.wp.com\/agrund.com\/wp-content\/uploads\/sites\/6\/2019\/08\/agrund-Gucci-Memoire-dune-Odeur-2019-2.jpg?fit=600%2C383&amp;ssl=1\" decoding=\"async\" loading=\"lazy\" width=\"600\" height=\"383\" src=\"https:\/\/i0.wp.com\/www.agrund.com\/wp-content\/uploads\/sites\/6\/2019\/08\/agrund-Gucci-Memoire-dune-Odeur-2019-2.jpg?resize=600%2C383&#038;ssl=1\" alt=\"\" class=\"wp-image-200574\" srcset=\"https:\/\/i0.wp.com\/agrund.com\/wp-content\/uploads\/sites\/6\/2019\/08\/agrund-Gucci-Memoire-dune-Odeur-2019-2.jpg?w=600&amp;ssl=1 600w, https:\/\/i0.wp.com\/agrund.com\/wp-content\/uploads\/sites\/6\/2019\/08\/agrund-Gucci-Memoire-dune-Odeur-2019-2.jpg?resize=300%2C192&amp;ssl=1 300w\" sizes=\"(max-width: 600px) 100vw, 600px\" data-recalc-dims=\"1\" \/><figcaption>Harry Styles de volta \u00e0 Gucci  <\/figcaption><\/figure><\/div>\n\n\n\n<figure class=\"wp-block-embed-youtube aligncenter wp-block-embed is-type-video is-provider-youtube wp-embed-aspect-16-9 wp-has-aspect-ratio\"><div class=\"wp-block-embed__wrapper\">\n<span class=\"embed-youtube\" style=\"text-align:center; display: block;\"><iframe loading=\"lazy\" class=\"youtube-player\" width=\"640\" height=\"360\" src=\"https:\/\/www.youtube.com\/embed\/-lEfgbkpOSg?version=3&#038;rel=1&#038;showsearch=0&#038;showinfo=1&#038;iv_load_policy=1&#038;fs=1&#038;hl=pt-BR&#038;autohide=2&#038;wmode=transparent\" allowfullscreen=\"true\" style=\"border:0;\" sandbox=\"allow-scripts allow-same-origin allow-popups allow-presentation\"><\/iframe><\/span>\n<\/div><\/figure>\n\n\n\n<p><\/p>\n\n\n\n<p>Fotos e V\u00eddeo: Reprodu\u00e7\u00e3o\/ Gucci. <\/p>\n","protected":false},"excerpt":{"rendered":"<p>O relacionamento entre a Gucci e Harry Styles est\u00e1 colhendo bons frutos e a prova disso \u00e9 que o cantor est\u00e1 de volta em mais uma campanha da marca. Desta vez, ele apresenta a primeira fragr\u00e2ncia sem g\u00eanero da grife, a Gucci M\u00e9moire d\u2019une Odeur, ao lado de um grande casting. Modelos como Aaron Sirainen, [&hellip;]<\/p>\n","protected":false},"author":8,"featured_media":200575,"comment_status":"open","ping_status":"open","sticky":false,"template":"","format":"standard","meta":{"jetpack_post_was_ever_published":false,"_jetpack_newsletter_access":"","jetpack_publicize_message":"","jetpack_is_tweetstorm":false,"jetpack_publicize_feature_enabled":true,"jetpack_social_post_already_shared":true,"jetpack_social_options":{"image_generator_settings":{"template":"highway","enabled":false}}},"categories":[2],"tags":[395,375,445,390,347,75,620,67],"jetpack_publicize_connections":[],"jetpack_featured_media_url":"https:\/\/i0.wp.com\/agrund.com\/wp-content\/uploads\/sites\/6\/2019\/08\/s-15.jpg?fit=960%2C300&ssl=1","jetpack_sharing_enabled":true,"jetpack_shortlink":"https:\/\/wp.me\/p3Hz0n-Qb2","jetpack_likes_enabled":true,"_links":{"self":[{"href":"https:\/\/agrund.com\/index.php\/wp-json\/wp\/v2\/posts\/200572"}],"collection":[{"href":"https:\/\/agrund.com\/index.php\/wp-json\/wp\/v2\/posts"}],"about":[{"href":"https:\/\/agrund.com\/index.php\/wp-json\/wp\/v2\/types\/post"}],"author":[{"embeddable":true,"href":"https:\/\/agrund.com\/index.php\/wp-json\/wp\/v2\/users\/8"}],"replies":[{"embeddable":true,"href":"https:\/\/agrund.com\/index.php\/wp-json\/wp\/v2\/comments?post=200572"}],"version-history":[{"count":1,"href":"https:\/\/agrund.com\/index.php\/wp-json\/wp\/v2\/posts\/200572\/revisions"}],"predecessor-version":[{"id":200576,"href":"https:\/\/agrund.com\/index.php\/wp-json\/wp\/v2\/posts\/200572\/revisions\/200576"}],"wp:featuredmedia":[{"embeddable":true,"href":"https:\/\/agrund.com\/index.php\/wp-json\/wp\/v2\/media\/200575"}],"wp:attachment":[{"href":"https:\/\/agrund.com\/index.php\/wp-json\/wp\/v2\/media?parent=200572"}],"wp:term":[{"taxonomy":"category","embeddable":true,"href":"https:\/\/agrund.com\/index.php\/wp-json\/wp\/v2\/categories?post=200572"},{"taxonomy":"post_tag","embeddable":true,"href":"https:\/\/agrund.com\/index.php\/wp-json\/wp\/v2\/tags?post=200572"}],"curies":[{"name":"wp","href":"https:\/\/api.w.org\/{rel}","templated":true}]}}