{"id":200516,"date":"2019-08-02T15:00:46","date_gmt":"2019-08-02T18:00:46","guid":{"rendered":"http:\/\/www.agrund.com\/?p=200516"},"modified":"2019-08-02T15:43:29","modified_gmt":"2019-08-02T18:43:29","slug":"as-supermodelos-estao-de-volta-a-vogue-italia","status":"publish","type":"post","link":"https:\/\/agrund.com\/index.php\/as-supermodelos-estao-de-volta-a-vogue-italia\/","title":{"rendered":"As supermodelos est\u00e3o de volta \u00e0 &#8216;Vogue It\u00e1lia&#8217;"},"content":{"rendered":"\n<p>A &#8216;Vogue&#8217; italiana divulgou as capas de sua edi\u00e7\u00e3o de agosto 2019 e elas est\u00e3o muito especiais. Isso porque as supermodelos Claudia Schiffer e Stephanie Seymour est\u00e3o de volta \u00e0 capa da revista ap\u00f3s 25 e 32 anos, respectivamente.<\/p>\n\n\n\n<p>Para ficar ainda mais especial, a edi\u00e7\u00e3o celebra Helmut Newton, ic\u00f4nico fot\u00f3grafo de moda dos anos 70, e o empoderamento feminino &#8211; assim, a dupla posou para autorretratos com supervis\u00e3o de Collier Schorr. Incr\u00edvel!&nbsp;<\/p>\n\n\n\n<p>Veja o resultado na galeria abaixo:&nbsp;<\/p>\n\n\n\n<div class=\"wp-block-image\"><figure class=\"aligncenter\"><img data-attachment-id=\"200524\" data-permalink=\"https:\/\/agrund.com\/index.php\/as-supermodelos-estao-de-volta-a-vogue-italia\/agrund-vogue-italia-4\/\" data-orig-file=\"https:\/\/i0.wp.com\/agrund.com\/wp-content\/uploads\/sites\/6\/2019\/08\/agrund-vogue-italia-4.jpg?fit=550%2C685&amp;ssl=1\" data-orig-size=\"550,685\" data-comments-opened=\"1\" data-image-meta=\"{&quot;aperture&quot;:&quot;0&quot;,&quot;credit&quot;:&quot;&quot;,&quot;camera&quot;:&quot;&quot;,&quot;caption&quot;:&quot;&quot;,&quot;created_timestamp&quot;:&quot;0&quot;,&quot;copyright&quot;:&quot;&quot;,&quot;focal_length&quot;:&quot;0&quot;,&quot;iso&quot;:&quot;0&quot;,&quot;shutter_speed&quot;:&quot;0&quot;,&quot;title&quot;:&quot;&quot;,&quot;orientation&quot;:&quot;1&quot;}\" data-image-title=\"agrund-vogue-italia-4\" data-image-description=\"\" data-image-caption=\"\" data-medium-file=\"https:\/\/i0.wp.com\/agrund.com\/wp-content\/uploads\/sites\/6\/2019\/08\/agrund-vogue-italia-4.jpg?fit=241%2C300&amp;ssl=1\" data-large-file=\"https:\/\/i0.wp.com\/agrund.com\/wp-content\/uploads\/sites\/6\/2019\/08\/agrund-vogue-italia-4.jpg?fit=550%2C685&amp;ssl=1\" decoding=\"async\" loading=\"lazy\" width=\"550\" height=\"685\" src=\"https:\/\/i0.wp.com\/www.agrund.com\/wp-content\/uploads\/sites\/6\/2019\/08\/agrund-vogue-italia-4.jpg?resize=550%2C685&#038;ssl=1\" alt=\"\" class=\"wp-image-200524\" srcset=\"https:\/\/i0.wp.com\/agrund.com\/wp-content\/uploads\/sites\/6\/2019\/08\/agrund-vogue-italia-4.jpg?w=550&amp;ssl=1 550w, https:\/\/i0.wp.com\/agrund.com\/wp-content\/uploads\/sites\/6\/2019\/08\/agrund-vogue-italia-4.jpg?resize=241%2C300&amp;ssl=1 241w\" sizes=\"(max-width: 550px) 100vw, 550px\" data-recalc-dims=\"1\" \/><figcaption>As supermodelos est\u00e3o de volta \u00e0 &#8216;Vogue It\u00e1lia&#8217;<\/figcaption><\/figure><\/div>\n\n\n\n<div class=\"wp-block-image\"><figure class=\"aligncenter\"><img data-attachment-id=\"200525\" data-permalink=\"https:\/\/agrund.com\/index.php\/as-supermodelos-estao-de-volta-a-vogue-italia\/agrund-vogue-italia-3\/\" data-orig-file=\"https:\/\/i0.wp.com\/agrund.com\/wp-content\/uploads\/sites\/6\/2019\/08\/agrund-vogue-italia-3.jpg?fit=550%2C692&amp;ssl=1\" data-orig-size=\"550,692\" data-comments-opened=\"1\" data-image-meta=\"{&quot;aperture&quot;:&quot;0&quot;,&quot;credit&quot;:&quot;&quot;,&quot;camera&quot;:&quot;&quot;,&quot;caption&quot;:&quot;&quot;,&quot;created_timestamp&quot;:&quot;0&quot;,&quot;copyright&quot;:&quot;&quot;,&quot;focal_length&quot;:&quot;0&quot;,&quot;iso&quot;:&quot;0&quot;,&quot;shutter_speed&quot;:&quot;0&quot;,&quot;title&quot;:&quot;&quot;,&quot;orientation&quot;:&quot;1&quot;}\" data-image-title=\"agrund-vogue-italia-3\" data-image-description=\"\" data-image-caption=\"\" data-medium-file=\"https:\/\/i0.wp.com\/agrund.com\/wp-content\/uploads\/sites\/6\/2019\/08\/agrund-vogue-italia-3.jpg?fit=238%2C300&amp;ssl=1\" data-large-file=\"https:\/\/i0.wp.com\/agrund.com\/wp-content\/uploads\/sites\/6\/2019\/08\/agrund-vogue-italia-3.jpg?fit=550%2C692&amp;ssl=1\" decoding=\"async\" loading=\"lazy\" width=\"550\" height=\"692\" src=\"https:\/\/i0.wp.com\/www.agrund.com\/wp-content\/uploads\/sites\/6\/2019\/08\/agrund-vogue-italia-3.jpg?resize=550%2C692&#038;ssl=1\" alt=\"\" class=\"wp-image-200525\" srcset=\"https:\/\/i0.wp.com\/agrund.com\/wp-content\/uploads\/sites\/6\/2019\/08\/agrund-vogue-italia-3.jpg?w=550&amp;ssl=1 550w, https:\/\/i0.wp.com\/agrund.com\/wp-content\/uploads\/sites\/6\/2019\/08\/agrund-vogue-italia-3.jpg?resize=238%2C300&amp;ssl=1 238w\" sizes=\"(max-width: 550px) 100vw, 550px\" data-recalc-dims=\"1\" \/><figcaption>As supermodelos est\u00e3o de volta \u00e0 &#8216;Vogue It\u00e1lia&#8217;<\/figcaption><\/figure><\/div>\n\n\n\n<div class=\"wp-block-image\"><figure class=\"aligncenter\"><img data-attachment-id=\"200526\" data-permalink=\"https:\/\/agrund.com\/index.php\/as-supermodelos-estao-de-volta-a-vogue-italia\/agrund-vogue-italia\/\" data-orig-file=\"https:\/\/i0.wp.com\/agrund.com\/wp-content\/uploads\/sites\/6\/2019\/08\/agrund-vogue-italia.jpg?fit=550%2C688&amp;ssl=1\" data-orig-size=\"550,688\" data-comments-opened=\"1\" data-image-meta=\"{&quot;aperture&quot;:&quot;0&quot;,&quot;credit&quot;:&quot;&quot;,&quot;camera&quot;:&quot;&quot;,&quot;caption&quot;:&quot;&quot;,&quot;created_timestamp&quot;:&quot;0&quot;,&quot;copyright&quot;:&quot;&quot;,&quot;focal_length&quot;:&quot;0&quot;,&quot;iso&quot;:&quot;0&quot;,&quot;shutter_speed&quot;:&quot;0&quot;,&quot;title&quot;:&quot;&quot;,&quot;orientation&quot;:&quot;1&quot;}\" data-image-title=\"agrund-vogue-italia\" data-image-description=\"\" data-image-caption=\"\" data-medium-file=\"https:\/\/i0.wp.com\/agrund.com\/wp-content\/uploads\/sites\/6\/2019\/08\/agrund-vogue-italia.jpg?fit=240%2C300&amp;ssl=1\" data-large-file=\"https:\/\/i0.wp.com\/agrund.com\/wp-content\/uploads\/sites\/6\/2019\/08\/agrund-vogue-italia.jpg?fit=550%2C688&amp;ssl=1\" decoding=\"async\" loading=\"lazy\" width=\"550\" height=\"688\" src=\"https:\/\/i0.wp.com\/www.agrund.com\/wp-content\/uploads\/sites\/6\/2019\/08\/agrund-vogue-italia.jpg?resize=550%2C688&#038;ssl=1\" alt=\"\" class=\"wp-image-200526\" srcset=\"https:\/\/i0.wp.com\/agrund.com\/wp-content\/uploads\/sites\/6\/2019\/08\/agrund-vogue-italia.jpg?w=550&amp;ssl=1 550w, https:\/\/i0.wp.com\/agrund.com\/wp-content\/uploads\/sites\/6\/2019\/08\/agrund-vogue-italia.jpg?resize=240%2C300&amp;ssl=1 240w\" sizes=\"(max-width: 550px) 100vw, 550px\" data-recalc-dims=\"1\" \/><figcaption>As supermodelos est\u00e3o de volta \u00e0 &#8216;Vogue It\u00e1lia&#8217;<\/figcaption><\/figure><\/div>\n\n\n\n<div class=\"wp-block-image\"><figure class=\"aligncenter\"><img data-attachment-id=\"200527\" data-permalink=\"https:\/\/agrund.com\/index.php\/as-supermodelos-estao-de-volta-a-vogue-italia\/agrund-vogue-italia-2\/\" data-orig-file=\"https:\/\/i0.wp.com\/agrund.com\/wp-content\/uploads\/sites\/6\/2019\/08\/agrund-vogue-italia-2.jpg?fit=550%2C694&amp;ssl=1\" data-orig-size=\"550,694\" data-comments-opened=\"1\" data-image-meta=\"{&quot;aperture&quot;:&quot;0&quot;,&quot;credit&quot;:&quot;&quot;,&quot;camera&quot;:&quot;&quot;,&quot;caption&quot;:&quot;&quot;,&quot;created_timestamp&quot;:&quot;0&quot;,&quot;copyright&quot;:&quot;&quot;,&quot;focal_length&quot;:&quot;0&quot;,&quot;iso&quot;:&quot;0&quot;,&quot;shutter_speed&quot;:&quot;0&quot;,&quot;title&quot;:&quot;&quot;,&quot;orientation&quot;:&quot;1&quot;}\" data-image-title=\"agrund-vogue-italia-2\" data-image-description=\"\" data-image-caption=\"\" data-medium-file=\"https:\/\/i0.wp.com\/agrund.com\/wp-content\/uploads\/sites\/6\/2019\/08\/agrund-vogue-italia-2.jpg?fit=238%2C300&amp;ssl=1\" data-large-file=\"https:\/\/i0.wp.com\/agrund.com\/wp-content\/uploads\/sites\/6\/2019\/08\/agrund-vogue-italia-2.jpg?fit=550%2C694&amp;ssl=1\" decoding=\"async\" loading=\"lazy\" width=\"550\" height=\"694\" src=\"https:\/\/i0.wp.com\/www.agrund.com\/wp-content\/uploads\/sites\/6\/2019\/08\/agrund-vogue-italia-2.jpg?resize=550%2C694&#038;ssl=1\" alt=\"\" class=\"wp-image-200527\" srcset=\"https:\/\/i0.wp.com\/agrund.com\/wp-content\/uploads\/sites\/6\/2019\/08\/agrund-vogue-italia-2.jpg?w=550&amp;ssl=1 550w, https:\/\/i0.wp.com\/agrund.com\/wp-content\/uploads\/sites\/6\/2019\/08\/agrund-vogue-italia-2.jpg?resize=238%2C300&amp;ssl=1 238w\" sizes=\"(max-width: 550px) 100vw, 550px\" data-recalc-dims=\"1\" \/><\/figure><\/div>\n\n\n\n<p>Fotos: Reprodu\u00e7\u00e3o\/ Vogue It\u00e1lia. <\/p>\n","protected":false},"excerpt":{"rendered":"<p>A &#8216;Vogue&#8217; italiana divulgou as capas de sua edi\u00e7\u00e3o de agosto 2019 e elas est\u00e3o muito especiais. Isso porque as supermodelos Claudia Schiffer e Stephanie Seymour est\u00e3o de volta \u00e0 capa da revista ap\u00f3s 25 e 32 anos, respectivamente. Para ficar ainda mais especial, a edi\u00e7\u00e3o celebra Helmut Newton, ic\u00f4nico fot\u00f3grafo de moda dos anos [&hellip;]<\/p>\n","protected":false},"author":8,"featured_media":200522,"comment_status":"open","ping_status":"open","sticky":false,"template":"","format":"standard","meta":{"jetpack_post_was_ever_published":false,"_jetpack_newsletter_access":"","jetpack_publicize_message":"","jetpack_is_tweetstorm":false,"jetpack_publicize_feature_enabled":true,"jetpack_social_post_already_shared":true,"jetpack_social_options":{"image_generator_settings":{"template":"highway","enabled":false}}},"categories":[2],"tags":[395,375,347,493,67,495,408,609],"jetpack_publicize_connections":[],"jetpack_featured_media_url":"https:\/\/i0.wp.com\/agrund.com\/wp-content\/uploads\/sites\/6\/2019\/08\/s-11.jpg?fit=960%2C300&ssl=1","jetpack_sharing_enabled":true,"jetpack_shortlink":"https:\/\/wp.me\/p3Hz0n-Qa8","jetpack_likes_enabled":true,"_links":{"self":[{"href":"https:\/\/agrund.com\/index.php\/wp-json\/wp\/v2\/posts\/200516"}],"collection":[{"href":"https:\/\/agrund.com\/index.php\/wp-json\/wp\/v2\/posts"}],"about":[{"href":"https:\/\/agrund.com\/index.php\/wp-json\/wp\/v2\/types\/post"}],"author":[{"embeddable":true,"href":"https:\/\/agrund.com\/index.php\/wp-json\/wp\/v2\/users\/8"}],"replies":[{"embeddable":true,"href":"https:\/\/agrund.com\/index.php\/wp-json\/wp\/v2\/comments?post=200516"}],"version-history":[{"count":3,"href":"https:\/\/agrund.com\/index.php\/wp-json\/wp\/v2\/posts\/200516\/revisions"}],"predecessor-version":[{"id":200528,"href":"https:\/\/agrund.com\/index.php\/wp-json\/wp\/v2\/posts\/200516\/revisions\/200528"}],"wp:featuredmedia":[{"embeddable":true,"href":"https:\/\/agrund.com\/index.php\/wp-json\/wp\/v2\/media\/200522"}],"wp:attachment":[{"href":"https:\/\/agrund.com\/index.php\/wp-json\/wp\/v2\/media?parent=200516"}],"wp:term":[{"taxonomy":"category","embeddable":true,"href":"https:\/\/agrund.com\/index.php\/wp-json\/wp\/v2\/categories?post=200516"},{"taxonomy":"post_tag","embeddable":true,"href":"https:\/\/agrund.com\/index.php\/wp-json\/wp\/v2\/tags?post=200516"}],"curies":[{"name":"wp","href":"https:\/\/api.w.org\/{rel}","templated":true}]}}