{"id":200484,"date":"2019-08-02T11:00:26","date_gmt":"2019-08-02T14:00:26","guid":{"rendered":"http:\/\/www.agrund.com\/?p=200484"},"modified":"2019-08-02T09:38:22","modified_gmt":"2019-08-02T12:38:22","slug":"dua-lipa-e-o-rosto-da-nova-fragrancia-da-ysl-beauty","status":"publish","type":"post","link":"https:\/\/agrund.com\/index.php\/dua-lipa-e-o-rosto-da-nova-fragrancia-da-ysl-beauty\/","title":{"rendered":"Dua Lipa \u00e9 o rosto da nova fragr\u00e2ncia da YSL Beauty"},"content":{"rendered":"\n<p>Voc\u00ea se lembra quando contamos que Dua Lipa seria a nova garota-propaganda da Yves Saint Laurent Beauty?\u00a0<\/p>\n\n\n\n<p>Agora, a marca finalmente revelou que a primeira campanha da cantora ser\u00e1 de uma nova fragr\u00e2ncia chamada \u2018Libre\u2019. Descrito como o aroma da liberdade, o perfume ganhou um frasco transparente com tampa preta e o logo YSL em uma aplica\u00e7\u00e3o de metal. Chique!<\/p>\n\n\n\n<p>Os detalhes sobre a composi\u00e7\u00e3o ainda n\u00e3o foram divulgados, mas a primeira imagem de Dua na campanha j\u00e1 est\u00e1 entre n\u00f3s. Confira:&nbsp;<\/p>\n\n\n\n<div class=\"wp-block-image\"><figure class=\"aligncenter\"><img data-attachment-id=\"200485\" data-permalink=\"https:\/\/agrund.com\/index.php\/dua-lipa-e-o-rosto-da-nova-fragrancia-da-ysl-beauty\/agrund-dua-lipa-ysl-3\/\" data-orig-file=\"https:\/\/i0.wp.com\/agrund.com\/wp-content\/uploads\/sites\/6\/2019\/08\/agrund-dua-lipa-ysl-3.jpg?fit=600%2C420&amp;ssl=1\" data-orig-size=\"600,420\" data-comments-opened=\"1\" data-image-meta=\"{&quot;aperture&quot;:&quot;0&quot;,&quot;credit&quot;:&quot;&quot;,&quot;camera&quot;:&quot;&quot;,&quot;caption&quot;:&quot;&quot;,&quot;created_timestamp&quot;:&quot;0&quot;,&quot;copyright&quot;:&quot;&quot;,&quot;focal_length&quot;:&quot;0&quot;,&quot;iso&quot;:&quot;0&quot;,&quot;shutter_speed&quot;:&quot;0&quot;,&quot;title&quot;:&quot;&quot;,&quot;orientation&quot;:&quot;1&quot;}\" data-image-title=\"agrund-dua-lipa-ysl-3\" data-image-description=\"\" data-image-caption=\"\" data-medium-file=\"https:\/\/i0.wp.com\/agrund.com\/wp-content\/uploads\/sites\/6\/2019\/08\/agrund-dua-lipa-ysl-3.jpg?fit=300%2C210&amp;ssl=1\" data-large-file=\"https:\/\/i0.wp.com\/agrund.com\/wp-content\/uploads\/sites\/6\/2019\/08\/agrund-dua-lipa-ysl-3.jpg?fit=600%2C420&amp;ssl=1\" decoding=\"async\" loading=\"lazy\" width=\"600\" height=\"420\" src=\"https:\/\/i0.wp.com\/www.agrund.com\/wp-content\/uploads\/sites\/6\/2019\/08\/agrund-dua-lipa-ysl-3.jpg?resize=600%2C420&#038;ssl=1\" alt=\"\" class=\"wp-image-200485\" srcset=\"https:\/\/i0.wp.com\/agrund.com\/wp-content\/uploads\/sites\/6\/2019\/08\/agrund-dua-lipa-ysl-3.jpg?w=600&amp;ssl=1 600w, https:\/\/i0.wp.com\/agrund.com\/wp-content\/uploads\/sites\/6\/2019\/08\/agrund-dua-lipa-ysl-3.jpg?resize=300%2C210&amp;ssl=1 300w\" sizes=\"(max-width: 600px) 100vw, 600px\" data-recalc-dims=\"1\" \/><figcaption>Dua Lipa \u00e9 o rosto da nova fragr\u00e2ncia da YSL Beauty  <\/figcaption><\/figure><\/div>\n\n\n\n<div class=\"wp-block-image\"><figure class=\"aligncenter\"><img data-attachment-id=\"200486\" data-permalink=\"https:\/\/agrund.com\/index.php\/dua-lipa-e-o-rosto-da-nova-fragrancia-da-ysl-beauty\/agrund-dua-lipa-ysl\/\" data-orig-file=\"https:\/\/i0.wp.com\/agrund.com\/wp-content\/uploads\/sites\/6\/2019\/08\/agrund-dua-lipa-ysl.jpg?fit=600%2C600&amp;ssl=1\" data-orig-size=\"600,600\" data-comments-opened=\"1\" data-image-meta=\"{&quot;aperture&quot;:&quot;0&quot;,&quot;credit&quot;:&quot;&quot;,&quot;camera&quot;:&quot;&quot;,&quot;caption&quot;:&quot;&quot;,&quot;created_timestamp&quot;:&quot;0&quot;,&quot;copyright&quot;:&quot;&quot;,&quot;focal_length&quot;:&quot;0&quot;,&quot;iso&quot;:&quot;0&quot;,&quot;shutter_speed&quot;:&quot;0&quot;,&quot;title&quot;:&quot;&quot;,&quot;orientation&quot;:&quot;1&quot;}\" data-image-title=\"agrund-dua-lipa-ysl\" data-image-description=\"\" data-image-caption=\"\" data-medium-file=\"https:\/\/i0.wp.com\/agrund.com\/wp-content\/uploads\/sites\/6\/2019\/08\/agrund-dua-lipa-ysl.jpg?fit=300%2C300&amp;ssl=1\" data-large-file=\"https:\/\/i0.wp.com\/agrund.com\/wp-content\/uploads\/sites\/6\/2019\/08\/agrund-dua-lipa-ysl.jpg?fit=600%2C600&amp;ssl=1\" decoding=\"async\" loading=\"lazy\" width=\"600\" height=\"600\" src=\"https:\/\/i0.wp.com\/www.agrund.com\/wp-content\/uploads\/sites\/6\/2019\/08\/agrund-dua-lipa-ysl.jpg?resize=600%2C600&#038;ssl=1\" alt=\"\" class=\"wp-image-200486\" srcset=\"https:\/\/i0.wp.com\/agrund.com\/wp-content\/uploads\/sites\/6\/2019\/08\/agrund-dua-lipa-ysl.jpg?w=600&amp;ssl=1 600w, https:\/\/i0.wp.com\/agrund.com\/wp-content\/uploads\/sites\/6\/2019\/08\/agrund-dua-lipa-ysl.jpg?resize=150%2C150&amp;ssl=1 150w, https:\/\/i0.wp.com\/agrund.com\/wp-content\/uploads\/sites\/6\/2019\/08\/agrund-dua-lipa-ysl.jpg?resize=300%2C300&amp;ssl=1 300w\" sizes=\"(max-width: 600px) 100vw, 600px\" data-recalc-dims=\"1\" \/><figcaption>Dua Lipa \u00e9 o rosto da nova fragr\u00e2ncia da YSL Beauty  <\/figcaption><\/figure><\/div>\n\n\n\n<div class=\"wp-block-image\"><figure class=\"aligncenter\"><img data-attachment-id=\"200487\" data-permalink=\"https:\/\/agrund.com\/index.php\/dua-lipa-e-o-rosto-da-nova-fragrancia-da-ysl-beauty\/agrund-dua-lipa-ysl-2\/\" data-orig-file=\"https:\/\/i0.wp.com\/agrund.com\/wp-content\/uploads\/sites\/6\/2019\/08\/agrund-dua-lipa-ysl-2.jpg?fit=600%2C598&amp;ssl=1\" data-orig-size=\"600,598\" data-comments-opened=\"1\" data-image-meta=\"{&quot;aperture&quot;:&quot;0&quot;,&quot;credit&quot;:&quot;&quot;,&quot;camera&quot;:&quot;&quot;,&quot;caption&quot;:&quot;&quot;,&quot;created_timestamp&quot;:&quot;0&quot;,&quot;copyright&quot;:&quot;&quot;,&quot;focal_length&quot;:&quot;0&quot;,&quot;iso&quot;:&quot;0&quot;,&quot;shutter_speed&quot;:&quot;0&quot;,&quot;title&quot;:&quot;&quot;,&quot;orientation&quot;:&quot;1&quot;}\" data-image-title=\"agrund-dua-lipa-ysl-2\" data-image-description=\"\" data-image-caption=\"\" data-medium-file=\"https:\/\/i0.wp.com\/agrund.com\/wp-content\/uploads\/sites\/6\/2019\/08\/agrund-dua-lipa-ysl-2.jpg?fit=300%2C300&amp;ssl=1\" data-large-file=\"https:\/\/i0.wp.com\/agrund.com\/wp-content\/uploads\/sites\/6\/2019\/08\/agrund-dua-lipa-ysl-2.jpg?fit=600%2C598&amp;ssl=1\" decoding=\"async\" loading=\"lazy\" width=\"600\" height=\"598\" src=\"https:\/\/i0.wp.com\/www.agrund.com\/wp-content\/uploads\/sites\/6\/2019\/08\/agrund-dua-lipa-ysl-2.jpg?resize=600%2C598&#038;ssl=1\" alt=\"\" class=\"wp-image-200487\" srcset=\"https:\/\/i0.wp.com\/agrund.com\/wp-content\/uploads\/sites\/6\/2019\/08\/agrund-dua-lipa-ysl-2.jpg?w=600&amp;ssl=1 600w, https:\/\/i0.wp.com\/agrund.com\/wp-content\/uploads\/sites\/6\/2019\/08\/agrund-dua-lipa-ysl-2.jpg?resize=150%2C150&amp;ssl=1 150w, https:\/\/i0.wp.com\/agrund.com\/wp-content\/uploads\/sites\/6\/2019\/08\/agrund-dua-lipa-ysl-2.jpg?resize=300%2C300&amp;ssl=1 300w\" sizes=\"(max-width: 600px) 100vw, 600px\" data-recalc-dims=\"1\" \/><figcaption>Dua Lipa \u00e9 o rosto da nova fragr\u00e2ncia da YSL Beauty  <\/figcaption><\/figure><\/div>\n\n\n\n<p>Fotos: Reprodu\u00e7\u00e3o\/ YSL Beauty. <\/p>\n","protected":false},"excerpt":{"rendered":"<p>Voc\u00ea se lembra quando contamos que Dua Lipa seria a nova garota-propaganda da Yves Saint Laurent Beauty?\u00a0 Agora, a marca finalmente revelou que a primeira campanha da cantora ser\u00e1 de uma nova fragr\u00e2ncia chamada \u2018Libre\u2019. Descrito como o aroma da liberdade, o perfume ganhou um frasco transparente com tampa preta e o logo YSL em [&hellip;]<\/p>\n","protected":false},"author":8,"featured_media":200488,"comment_status":"open","ping_status":"open","sticky":false,"template":"","format":"standard","meta":{"jetpack_post_was_ever_published":false,"_jetpack_newsletter_access":"","jetpack_publicize_message":"","jetpack_is_tweetstorm":false,"jetpack_publicize_feature_enabled":true,"jetpack_social_post_already_shared":true,"jetpack_social_options":{"image_generator_settings":{"template":"highway","enabled":false}}},"categories":[2],"tags":[395,375,353,352,604,347,67,503,602,603],"jetpack_publicize_connections":[],"jetpack_featured_media_url":"https:\/\/i0.wp.com\/agrund.com\/wp-content\/uploads\/sites\/6\/2019\/08\/s-7.jpg?fit=960%2C300&ssl=1","jetpack_sharing_enabled":true,"jetpack_shortlink":"https:\/\/wp.me\/p3Hz0n-Q9C","jetpack_likes_enabled":true,"_links":{"self":[{"href":"https:\/\/agrund.com\/index.php\/wp-json\/wp\/v2\/posts\/200484"}],"collection":[{"href":"https:\/\/agrund.com\/index.php\/wp-json\/wp\/v2\/posts"}],"about":[{"href":"https:\/\/agrund.com\/index.php\/wp-json\/wp\/v2\/types\/post"}],"author":[{"embeddable":true,"href":"https:\/\/agrund.com\/index.php\/wp-json\/wp\/v2\/users\/8"}],"replies":[{"embeddable":true,"href":"https:\/\/agrund.com\/index.php\/wp-json\/wp\/v2\/comments?post=200484"}],"version-history":[{"count":1,"href":"https:\/\/agrund.com\/index.php\/wp-json\/wp\/v2\/posts\/200484\/revisions"}],"predecessor-version":[{"id":200489,"href":"https:\/\/agrund.com\/index.php\/wp-json\/wp\/v2\/posts\/200484\/revisions\/200489"}],"wp:featuredmedia":[{"embeddable":true,"href":"https:\/\/agrund.com\/index.php\/wp-json\/wp\/v2\/media\/200488"}],"wp:attachment":[{"href":"https:\/\/agrund.com\/index.php\/wp-json\/wp\/v2\/media?parent=200484"}],"wp:term":[{"taxonomy":"category","embeddable":true,"href":"https:\/\/agrund.com\/index.php\/wp-json\/wp\/v2\/categories?post=200484"},{"taxonomy":"post_tag","embeddable":true,"href":"https:\/\/agrund.com\/index.php\/wp-json\/wp\/v2\/tags?post=200484"}],"curies":[{"name":"wp","href":"https:\/\/api.w.org\/{rel}","templated":true}]}}