{"id":200452,"date":"2019-08-01T13:00:40","date_gmt":"2019-08-01T16:00:40","guid":{"rendered":"http:\/\/www.agrund.com\/?p=200452"},"modified":"2019-08-01T12:40:40","modified_gmt":"2019-08-01T15:40:40","slug":"dior-confirma-desfile-em-miami","status":"publish","type":"post","link":"https:\/\/agrund.com\/index.php\/dior-confirma-desfile-em-miami\/","title":{"rendered":"Dior confirma desfile em Miami"},"content":{"rendered":"\n<p>A Dior anunciou que sua cole\u00e7\u00e3o masculina pre-fall 2020 (pr\u00e9-outono) ser\u00e1 apresentada no dia 3 de dezembro em um desfile em Miami.\u00a0<\/p>\n\n\n\n<p>O dia escolhido \u00e9 pr\u00f3ximo ao in\u00edcio da Art base Miami, um dos mais famosos eventos de arte do mundo, e n\u00f3s acreditamos que isso n\u00e3o \u00e9 uma coincid\u00eancia, j\u00e1 que as \u00faltimas cole\u00e7\u00f5es da Dior Homme contaram com parceria de artistas como KAWS e Hajime Sorayama.\u00a0<\/p>\n\n\n\n<p>O que ser\u00e1 que Kim Jones, diretor criativo da marca, est\u00e1 preparando?\u00a0<\/p>\n\n\n\n<div class=\"wp-block-image\"><figure class=\"aligncenter\"><img data-attachment-id=\"200453\" data-permalink=\"https:\/\/agrund.com\/index.php\/dior-confirma-desfile-em-miami\/agrund-dior-homme-miami\/\" data-orig-file=\"https:\/\/i0.wp.com\/agrund.com\/wp-content\/uploads\/sites\/6\/2019\/08\/agrund-dior-homme-miami.jpg?fit=600%2C337&amp;ssl=1\" data-orig-size=\"600,337\" data-comments-opened=\"1\" data-image-meta=\"{&quot;aperture&quot;:&quot;0&quot;,&quot;credit&quot;:&quot;&quot;,&quot;camera&quot;:&quot;&quot;,&quot;caption&quot;:&quot;&quot;,&quot;created_timestamp&quot;:&quot;0&quot;,&quot;copyright&quot;:&quot;&quot;,&quot;focal_length&quot;:&quot;0&quot;,&quot;iso&quot;:&quot;0&quot;,&quot;shutter_speed&quot;:&quot;0&quot;,&quot;title&quot;:&quot;&quot;,&quot;orientation&quot;:&quot;1&quot;}\" data-image-title=\"agrund-dior-homme-miami\" data-image-description=\"\" data-image-caption=\"\" data-medium-file=\"https:\/\/i0.wp.com\/agrund.com\/wp-content\/uploads\/sites\/6\/2019\/08\/agrund-dior-homme-miami.jpg?fit=300%2C169&amp;ssl=1\" data-large-file=\"https:\/\/i0.wp.com\/agrund.com\/wp-content\/uploads\/sites\/6\/2019\/08\/agrund-dior-homme-miami.jpg?fit=600%2C337&amp;ssl=1\" decoding=\"async\" loading=\"lazy\" width=\"600\" height=\"337\" src=\"https:\/\/i0.wp.com\/www.agrund.com\/wp-content\/uploads\/sites\/6\/2019\/08\/agrund-dior-homme-miami.jpg?resize=600%2C337&#038;ssl=1\" alt=\"\" class=\"wp-image-200453\" srcset=\"https:\/\/i0.wp.com\/agrund.com\/wp-content\/uploads\/sites\/6\/2019\/08\/agrund-dior-homme-miami.jpg?w=600&amp;ssl=1 600w, https:\/\/i0.wp.com\/agrund.com\/wp-content\/uploads\/sites\/6\/2019\/08\/agrund-dior-homme-miami.jpg?resize=300%2C169&amp;ssl=1 300w\" sizes=\"(max-width: 600px) 100vw, 600px\" data-recalc-dims=\"1\" \/><figcaption>Dior confirma desfile em Miami  <\/figcaption><\/figure><\/div>\n\n\n\n<p>Foto: Reprodu\u00e7\u00e3o\/ Dior. <\/p>\n","protected":false},"excerpt":{"rendered":"<p>A Dior anunciou que sua cole\u00e7\u00e3o masculina pre-fall 2020 (pr\u00e9-outono) ser\u00e1 apresentada no dia 3 de dezembro em um desfile em Miami.\u00a0 O dia escolhido \u00e9 pr\u00f3ximo ao in\u00edcio da Art base Miami, um dos mais famosos eventos de arte do mundo, e n\u00f3s acreditamos que isso n\u00e3o \u00e9 uma coincid\u00eancia, j\u00e1 que as \u00faltimas [&hellip;]<\/p>\n","protected":false},"author":8,"featured_media":200454,"comment_status":"open","ping_status":"open","sticky":false,"template":"","format":"standard","meta":{"jetpack_post_was_ever_published":false,"_jetpack_newsletter_access":"","jetpack_publicize_message":"","jetpack_is_tweetstorm":false,"jetpack_publicize_feature_enabled":true,"jetpack_social_post_already_shared":true,"jetpack_social_options":{"image_generator_settings":{"template":"highway","enabled":false}}},"categories":[2],"tags":[395,375,64,145,423,347,374,72,380,382,67,148,424],"jetpack_publicize_connections":[],"jetpack_featured_media_url":"https:\/\/i0.wp.com\/agrund.com\/wp-content\/uploads\/sites\/6\/2019\/08\/s-3.jpg?fit=960%2C300&ssl=1","jetpack_sharing_enabled":true,"jetpack_shortlink":"https:\/\/wp.me\/p3Hz0n-Q96","jetpack_likes_enabled":true,"_links":{"self":[{"href":"https:\/\/agrund.com\/index.php\/wp-json\/wp\/v2\/posts\/200452"}],"collection":[{"href":"https:\/\/agrund.com\/index.php\/wp-json\/wp\/v2\/posts"}],"about":[{"href":"https:\/\/agrund.com\/index.php\/wp-json\/wp\/v2\/types\/post"}],"author":[{"embeddable":true,"href":"https:\/\/agrund.com\/index.php\/wp-json\/wp\/v2\/users\/8"}],"replies":[{"embeddable":true,"href":"https:\/\/agrund.com\/index.php\/wp-json\/wp\/v2\/comments?post=200452"}],"version-history":[{"count":1,"href":"https:\/\/agrund.com\/index.php\/wp-json\/wp\/v2\/posts\/200452\/revisions"}],"predecessor-version":[{"id":200455,"href":"https:\/\/agrund.com\/index.php\/wp-json\/wp\/v2\/posts\/200452\/revisions\/200455"}],"wp:featuredmedia":[{"embeddable":true,"href":"https:\/\/agrund.com\/index.php\/wp-json\/wp\/v2\/media\/200454"}],"wp:attachment":[{"href":"https:\/\/agrund.com\/index.php\/wp-json\/wp\/v2\/media?parent=200452"}],"wp:term":[{"taxonomy":"category","embeddable":true,"href":"https:\/\/agrund.com\/index.php\/wp-json\/wp\/v2\/categories?post=200452"},{"taxonomy":"post_tag","embeddable":true,"href":"https:\/\/agrund.com\/index.php\/wp-json\/wp\/v2\/tags?post=200452"}],"curies":[{"name":"wp","href":"https:\/\/api.w.org\/{rel}","templated":true}]}}