{"id":200427,"date":"2019-08-01T11:00:55","date_gmt":"2019-08-01T14:00:55","guid":{"rendered":"http:\/\/www.agrund.com\/?p=200427"},"modified":"2019-08-01T10:52:02","modified_gmt":"2019-08-01T13:52:02","slug":"karl-lagerfeld-deve-ser-tema-de-exposicao-do-met","status":"publish","type":"post","link":"https:\/\/agrund.com\/index.php\/karl-lagerfeld-deve-ser-tema-de-exposicao-do-met\/","title":{"rendered":"Karl Lagerfeld deve ser tema de exposi\u00e7\u00e3o do MET"},"content":{"rendered":"\n<p>Parece que a carreira de Karl Lagerfeld e seu legado no mundo da moda ser\u00e1 celebrado mais uma vez.\u00a0<\/p>\n\n\n\n<p>De acordo com o portal WWD, o estilista ser\u00e1 tema da exposi\u00e7\u00e3o de 2022, organizada pelo Costume Institute no Metropolitan Museum of Art.<\/p>\n\n\n\n<p>Se isso for confirmado, significa que o ic\u00f4nico Baile do MET, realizado para celebrar o in\u00edcio da exposi\u00e7\u00e3o anual, ter\u00e1 Karl como inspira\u00e7\u00e3o para o feeds code.\u00a0Como seria o seu look?\u00a0<\/p>\n\n\n\n<div class=\"wp-block-image\"><figure class=\"aligncenter\"><img data-attachment-id=\"200428\" data-permalink=\"https:\/\/agrund.com\/index.php\/karl-lagerfeld-deve-ser-tema-de-exposicao-do-met\/agrund-karl-2\/\" data-orig-file=\"https:\/\/i0.wp.com\/agrund.com\/wp-content\/uploads\/sites\/6\/2019\/08\/agrund-karl.jpg?fit=600%2C338&amp;ssl=1\" data-orig-size=\"600,338\" data-comments-opened=\"1\" data-image-meta=\"{&quot;aperture&quot;:&quot;0&quot;,&quot;credit&quot;:&quot;&quot;,&quot;camera&quot;:&quot;&quot;,&quot;caption&quot;:&quot;&quot;,&quot;created_timestamp&quot;:&quot;0&quot;,&quot;copyright&quot;:&quot;&quot;,&quot;focal_length&quot;:&quot;0&quot;,&quot;iso&quot;:&quot;0&quot;,&quot;shutter_speed&quot;:&quot;0&quot;,&quot;title&quot;:&quot;&quot;,&quot;orientation&quot;:&quot;1&quot;}\" data-image-title=\"agrund-karl\" data-image-description=\"\" data-image-caption=\"\" data-medium-file=\"https:\/\/i0.wp.com\/agrund.com\/wp-content\/uploads\/sites\/6\/2019\/08\/agrund-karl.jpg?fit=300%2C169&amp;ssl=1\" data-large-file=\"https:\/\/i0.wp.com\/agrund.com\/wp-content\/uploads\/sites\/6\/2019\/08\/agrund-karl.jpg?fit=600%2C338&amp;ssl=1\" decoding=\"async\" loading=\"lazy\" width=\"600\" height=\"338\" src=\"https:\/\/i0.wp.com\/www.agrund.com\/wp-content\/uploads\/sites\/6\/2019\/08\/agrund-karl.jpg?resize=600%2C338&#038;ssl=1\" alt=\"\" class=\"wp-image-200428\" srcset=\"https:\/\/i0.wp.com\/agrund.com\/wp-content\/uploads\/sites\/6\/2019\/08\/agrund-karl.jpg?w=600&amp;ssl=1 600w, https:\/\/i0.wp.com\/agrund.com\/wp-content\/uploads\/sites\/6\/2019\/08\/agrund-karl.jpg?resize=300%2C169&amp;ssl=1 300w\" sizes=\"(max-width: 600px) 100vw, 600px\" data-recalc-dims=\"1\" \/><figcaption>Karl Lagerfeld deve ser tema de exposi\u00e7\u00e3o do MET  <\/figcaption><\/figure><\/div>\n\n\n\n<p>Foto: Reprodu\u00e7\u00e3o\/ Pinterest. <\/p>\n","protected":false},"excerpt":{"rendered":"<p>Parece que a carreira de Karl Lagerfeld e seu legado no mundo da moda ser\u00e1 celebrado mais uma vez.\u00a0 De acordo com o portal WWD, o estilista ser\u00e1 tema da exposi\u00e7\u00e3o de 2022, organizada pelo Costume Institute no Metropolitan Museum of Art. Se isso for confirmado, significa que o ic\u00f4nico Baile do MET, realizado para [&hellip;]<\/p>\n","protected":false},"author":8,"featured_media":200429,"comment_status":"open","ping_status":"open","sticky":false,"template":"","format":"standard","meta":{"jetpack_post_was_ever_published":false,"_jetpack_newsletter_access":"","jetpack_publicize_message":"","jetpack_is_tweetstorm":false,"jetpack_publicize_feature_enabled":true,"jetpack_social_post_already_shared":true,"jetpack_social_options":{"image_generator_settings":{"template":"highway","enabled":false}}},"categories":[2],"tags":[395,375,399,347,57,592,593,67],"jetpack_publicize_connections":[],"jetpack_featured_media_url":"https:\/\/i0.wp.com\/agrund.com\/wp-content\/uploads\/sites\/6\/2019\/08\/s.jpg?fit=960%2C300&ssl=1","jetpack_sharing_enabled":true,"jetpack_shortlink":"https:\/\/wp.me\/p3Hz0n-Q8H","jetpack_likes_enabled":true,"_links":{"self":[{"href":"https:\/\/agrund.com\/index.php\/wp-json\/wp\/v2\/posts\/200427"}],"collection":[{"href":"https:\/\/agrund.com\/index.php\/wp-json\/wp\/v2\/posts"}],"about":[{"href":"https:\/\/agrund.com\/index.php\/wp-json\/wp\/v2\/types\/post"}],"author":[{"embeddable":true,"href":"https:\/\/agrund.com\/index.php\/wp-json\/wp\/v2\/users\/8"}],"replies":[{"embeddable":true,"href":"https:\/\/agrund.com\/index.php\/wp-json\/wp\/v2\/comments?post=200427"}],"version-history":[{"count":1,"href":"https:\/\/agrund.com\/index.php\/wp-json\/wp\/v2\/posts\/200427\/revisions"}],"predecessor-version":[{"id":200430,"href":"https:\/\/agrund.com\/index.php\/wp-json\/wp\/v2\/posts\/200427\/revisions\/200430"}],"wp:featuredmedia":[{"embeddable":true,"href":"https:\/\/agrund.com\/index.php\/wp-json\/wp\/v2\/media\/200429"}],"wp:attachment":[{"href":"https:\/\/agrund.com\/index.php\/wp-json\/wp\/v2\/media?parent=200427"}],"wp:term":[{"taxonomy":"category","embeddable":true,"href":"https:\/\/agrund.com\/index.php\/wp-json\/wp\/v2\/categories?post=200427"},{"taxonomy":"post_tag","embeddable":true,"href":"https:\/\/agrund.com\/index.php\/wp-json\/wp\/v2\/tags?post=200427"}],"curies":[{"name":"wp","href":"https:\/\/api.w.org\/{rel}","templated":true}]}}