{"id":200403,"date":"2019-07-31T17:00:54","date_gmt":"2019-07-31T20:00:54","guid":{"rendered":"http:\/\/www.agrund.com\/?p=200403"},"modified":"2019-07-31T16:48:50","modified_gmt":"2019-07-31T19:48:50","slug":"pesquisa-revela-a-marca-mais-desejada-do-momento","status":"publish","type":"post","link":"https:\/\/agrund.com\/index.php\/pesquisa-revela-a-marca-mais-desejada-do-momento\/","title":{"rendered":"Pesquisa revela a marca mais desejada do momento"},"content":{"rendered":"\n<p>A empresa Lyst acaba de divulgar sua pesquisa trimestral que revela informa\u00e7\u00f5es do mercado de moda nos \u00faltimos tr\u00eas meses, incluindo a marca mais desejada pelos consumidores.\u00a0Algum palpite de qual est\u00e1 no topo da lista? Se voc\u00ea disse Gucci, acertou!<\/p>\n\n\n\n<p>A grife comandada por Alessandro Michele ultrapassou a Off-White, que ficou em primeiro lugar na pesquisa do trimestre passado, e agora ficou em segundo. O top five fica completo com Balenciaga, Valentino e Prada.\u00a0<\/p>\n\n\n\n<p>A pesquisa Lyst Index completa d\u00e1 outras informa\u00e7\u00f5es, como quais s\u00e3o as pe\u00e7as masculinas e femininas mais desejadas. Clique AQUI para conferir tudo.\u00a0<\/p>\n\n\n\n<div class=\"wp-block-image\"><figure class=\"aligncenter\"><img data-attachment-id=\"200404\" data-permalink=\"https:\/\/agrund.com\/index.php\/pesquisa-revela-a-marca-mais-desejada-do-momento\/q\/\" data-orig-file=\"https:\/\/i0.wp.com\/agrund.com\/wp-content\/uploads\/sites\/6\/2019\/07\/q.jpg?fit=600%2C899&amp;ssl=1\" data-orig-size=\"600,899\" data-comments-opened=\"1\" data-image-meta=\"{&quot;aperture&quot;:&quot;0&quot;,&quot;credit&quot;:&quot;&quot;,&quot;camera&quot;:&quot;&quot;,&quot;caption&quot;:&quot;&quot;,&quot;created_timestamp&quot;:&quot;0&quot;,&quot;copyright&quot;:&quot;&quot;,&quot;focal_length&quot;:&quot;0&quot;,&quot;iso&quot;:&quot;0&quot;,&quot;shutter_speed&quot;:&quot;0&quot;,&quot;title&quot;:&quot;&quot;,&quot;orientation&quot;:&quot;1&quot;}\" data-image-title=\"q\" data-image-description=\"\" data-image-caption=\"\" data-medium-file=\"https:\/\/i0.wp.com\/agrund.com\/wp-content\/uploads\/sites\/6\/2019\/07\/q.jpg?fit=200%2C300&amp;ssl=1\" data-large-file=\"https:\/\/i0.wp.com\/agrund.com\/wp-content\/uploads\/sites\/6\/2019\/07\/q.jpg?fit=600%2C899&amp;ssl=1\" decoding=\"async\" loading=\"lazy\" width=\"600\" height=\"899\" src=\"https:\/\/i0.wp.com\/www.agrund.com\/wp-content\/uploads\/sites\/6\/2019\/07\/q.jpg?resize=600%2C899&#038;ssl=1\" alt=\"\" class=\"wp-image-200404\" srcset=\"https:\/\/i0.wp.com\/agrund.com\/wp-content\/uploads\/sites\/6\/2019\/07\/q.jpg?w=600&amp;ssl=1 600w, https:\/\/i0.wp.com\/agrund.com\/wp-content\/uploads\/sites\/6\/2019\/07\/q.jpg?resize=200%2C300&amp;ssl=1 200w\" sizes=\"(max-width: 600px) 100vw, 600px\" data-recalc-dims=\"1\" \/><figcaption>Pesquisa revela a marca mais desejada do momento <\/figcaption><\/figure><\/div>\n\n\n\n<p><\/p>\n\n\n\n<p>Foto: Reprodu\u00e7\u00e3o\/ Pinterest. <\/p>\n","protected":false},"excerpt":{"rendered":"<p>A empresa Lyst acaba de divulgar sua pesquisa trimestral que revela informa\u00e7\u00f5es do mercado de moda nos \u00faltimos tr\u00eas meses, incluindo a marca mais desejada pelos consumidores.\u00a0Algum palpite de qual est\u00e1 no topo da lista? Se voc\u00ea disse Gucci, acertou! A grife comandada por Alessandro Michele ultrapassou a Off-White, que ficou em primeiro lugar na [&hellip;]<\/p>\n","protected":false},"author":8,"featured_media":200405,"comment_status":"open","ping_status":"open","sticky":false,"template":"","format":"standard","meta":{"jetpack_post_was_ever_published":false,"_jetpack_newsletter_access":"","jetpack_publicize_message":"","jetpack_is_tweetstorm":false,"jetpack_publicize_feature_enabled":true,"jetpack_social_post_already_shared":true,"jetpack_social_options":{"image_generator_settings":{"template":"highway","enabled":false}}},"categories":[2],"tags":[395,375,347,75,72,438,67],"jetpack_publicize_connections":[],"jetpack_featured_media_url":"https:\/\/i0.wp.com\/agrund.com\/wp-content\/uploads\/sites\/6\/2019\/07\/s-107.jpg?fit=960%2C300&ssl=1","jetpack_sharing_enabled":true,"jetpack_shortlink":"https:\/\/wp.me\/p3Hz0n-Q8j","jetpack_likes_enabled":true,"_links":{"self":[{"href":"https:\/\/agrund.com\/index.php\/wp-json\/wp\/v2\/posts\/200403"}],"collection":[{"href":"https:\/\/agrund.com\/index.php\/wp-json\/wp\/v2\/posts"}],"about":[{"href":"https:\/\/agrund.com\/index.php\/wp-json\/wp\/v2\/types\/post"}],"author":[{"embeddable":true,"href":"https:\/\/agrund.com\/index.php\/wp-json\/wp\/v2\/users\/8"}],"replies":[{"embeddable":true,"href":"https:\/\/agrund.com\/index.php\/wp-json\/wp\/v2\/comments?post=200403"}],"version-history":[{"count":1,"href":"https:\/\/agrund.com\/index.php\/wp-json\/wp\/v2\/posts\/200403\/revisions"}],"predecessor-version":[{"id":200406,"href":"https:\/\/agrund.com\/index.php\/wp-json\/wp\/v2\/posts\/200403\/revisions\/200406"}],"wp:featuredmedia":[{"embeddable":true,"href":"https:\/\/agrund.com\/index.php\/wp-json\/wp\/v2\/media\/200405"}],"wp:attachment":[{"href":"https:\/\/agrund.com\/index.php\/wp-json\/wp\/v2\/media?parent=200403"}],"wp:term":[{"taxonomy":"category","embeddable":true,"href":"https:\/\/agrund.com\/index.php\/wp-json\/wp\/v2\/categories?post=200403"},{"taxonomy":"post_tag","embeddable":true,"href":"https:\/\/agrund.com\/index.php\/wp-json\/wp\/v2\/tags?post=200403"}],"curies":[{"name":"wp","href":"https:\/\/api.w.org\/{rel}","templated":true}]}}