{"id":200377,"date":"2019-07-31T12:00:57","date_gmt":"2019-07-31T15:00:57","guid":{"rendered":"http:\/\/www.agrund.com\/?p=200377"},"modified":"2019-07-31T11:38:14","modified_gmt":"2019-07-31T14:38:14","slug":"reebok-anuncia-seu-primeiro-diretor-artistico","status":"publish","type":"post","link":"https:\/\/agrund.com\/index.php\/reebok-anuncia-seu-primeiro-diretor-artistico\/","title":{"rendered":"Reebok anuncia seu primeiro diretor art\u00edstico"},"content":{"rendered":"\n<p>Em 2017, a Reebok lan\u00e7ou uma parceria com Kerby Jean-Raymond, da Pyer Moss, e parece que deu t\u00e3o certo que a marca decidiu torn\u00e1-lo seu novo diretor art\u00edstico.\u00a0<\/p>\n\n\n\n<p>Este \u00e9 um an\u00fancio in\u00e9dito na marca de sportswear, o que nos faz acreditar que muitas novidades est\u00e3o por vir. Kerby ser\u00e1 o diretor da Reebok Studies, uma divis\u00e3o criada pelo pr\u00f3prio designer, que funcionar\u00e1 como um laborat\u00f3rio de novos talentos e ideias.\u00a0<\/p>\n\n\n\n<p>Em um comunicado oficial, ele confirmou que pretende trazer novos estilistas cool para contribuir em parceria da marca. Vamos aguardar!<\/p>\n\n\n\n<div class=\"wp-block-image\"><figure class=\"aligncenter\"><img data-attachment-id=\"200378\" data-permalink=\"https:\/\/agrund.com\/index.php\/reebok-anuncia-seu-primeiro-diretor-artistico\/agrund-kerby-jean-raymond-reebok\/\" data-orig-file=\"https:\/\/i0.wp.com\/agrund.com\/wp-content\/uploads\/sites\/6\/2019\/07\/agrund-Kerby-Jean-Raymond-reebok.jpg?fit=600%2C314&amp;ssl=1\" data-orig-size=\"600,314\" data-comments-opened=\"1\" data-image-meta=\"{&quot;aperture&quot;:&quot;0&quot;,&quot;credit&quot;:&quot;&quot;,&quot;camera&quot;:&quot;&quot;,&quot;caption&quot;:&quot;&quot;,&quot;created_timestamp&quot;:&quot;0&quot;,&quot;copyright&quot;:&quot;&quot;,&quot;focal_length&quot;:&quot;0&quot;,&quot;iso&quot;:&quot;0&quot;,&quot;shutter_speed&quot;:&quot;0&quot;,&quot;title&quot;:&quot;&quot;,&quot;orientation&quot;:&quot;1&quot;}\" data-image-title=\"agrund-Kerby-Jean-Raymond-reebok\" data-image-description=\"\" data-image-caption=\"\" data-medium-file=\"https:\/\/i0.wp.com\/agrund.com\/wp-content\/uploads\/sites\/6\/2019\/07\/agrund-Kerby-Jean-Raymond-reebok.jpg?fit=300%2C157&amp;ssl=1\" data-large-file=\"https:\/\/i0.wp.com\/agrund.com\/wp-content\/uploads\/sites\/6\/2019\/07\/agrund-Kerby-Jean-Raymond-reebok.jpg?fit=600%2C314&amp;ssl=1\" decoding=\"async\" loading=\"lazy\" width=\"600\" height=\"314\" src=\"https:\/\/i0.wp.com\/www.agrund.com\/wp-content\/uploads\/sites\/6\/2019\/07\/agrund-Kerby-Jean-Raymond-reebok.jpg?resize=600%2C314&#038;ssl=1\" alt=\"\" class=\"wp-image-200378\" srcset=\"https:\/\/i0.wp.com\/agrund.com\/wp-content\/uploads\/sites\/6\/2019\/07\/agrund-Kerby-Jean-Raymond-reebok.jpg?w=600&amp;ssl=1 600w, https:\/\/i0.wp.com\/agrund.com\/wp-content\/uploads\/sites\/6\/2019\/07\/agrund-Kerby-Jean-Raymond-reebok.jpg?resize=300%2C157&amp;ssl=1 300w\" sizes=\"(max-width: 600px) 100vw, 600px\" data-recalc-dims=\"1\" \/><figcaption>Reebok anuncia seu primeiro diretor art\u00edstico <\/figcaption><\/figure><\/div>\n\n\n\n<p>Foto: Reprodu\u00e7\u00e3o. <\/p>\n","protected":false},"excerpt":{"rendered":"<p>Em 2017, a Reebok lan\u00e7ou uma parceria com Kerby Jean-Raymond, da Pyer Moss, e parece que deu t\u00e3o certo que a marca decidiu torn\u00e1-lo seu novo diretor art\u00edstico.\u00a0 Este \u00e9 um an\u00fancio in\u00e9dito na marca de sportswear, o que nos faz acreditar que muitas novidades est\u00e3o por vir. Kerby ser\u00e1 o diretor da Reebok Studies, [&hellip;]<\/p>\n","protected":false},"author":8,"featured_media":200379,"comment_status":"open","ping_status":"open","sticky":false,"template":"","format":"standard","meta":{"jetpack_post_was_ever_published":false,"_jetpack_newsletter_access":"","jetpack_publicize_message":"","jetpack_is_tweetstorm":false,"jetpack_publicize_feature_enabled":true,"jetpack_social_post_already_shared":true,"jetpack_social_options":{"image_generator_settings":{"template":"highway","enabled":false}}},"categories":[2],"tags":[395,375,423,347,585,67,584,394,424],"jetpack_publicize_connections":[],"jetpack_featured_media_url":"https:\/\/i0.wp.com\/agrund.com\/wp-content\/uploads\/sites\/6\/2019\/07\/sr.jpg?fit=960%2C300&ssl=1","jetpack_sharing_enabled":true,"jetpack_shortlink":"https:\/\/wp.me\/p3Hz0n-Q7T","jetpack_likes_enabled":true,"_links":{"self":[{"href":"https:\/\/agrund.com\/index.php\/wp-json\/wp\/v2\/posts\/200377"}],"collection":[{"href":"https:\/\/agrund.com\/index.php\/wp-json\/wp\/v2\/posts"}],"about":[{"href":"https:\/\/agrund.com\/index.php\/wp-json\/wp\/v2\/types\/post"}],"author":[{"embeddable":true,"href":"https:\/\/agrund.com\/index.php\/wp-json\/wp\/v2\/users\/8"}],"replies":[{"embeddable":true,"href":"https:\/\/agrund.com\/index.php\/wp-json\/wp\/v2\/comments?post=200377"}],"version-history":[{"count":1,"href":"https:\/\/agrund.com\/index.php\/wp-json\/wp\/v2\/posts\/200377\/revisions"}],"predecessor-version":[{"id":200380,"href":"https:\/\/agrund.com\/index.php\/wp-json\/wp\/v2\/posts\/200377\/revisions\/200380"}],"wp:featuredmedia":[{"embeddable":true,"href":"https:\/\/agrund.com\/index.php\/wp-json\/wp\/v2\/media\/200379"}],"wp:attachment":[{"href":"https:\/\/agrund.com\/index.php\/wp-json\/wp\/v2\/media?parent=200377"}],"wp:term":[{"taxonomy":"category","embeddable":true,"href":"https:\/\/agrund.com\/index.php\/wp-json\/wp\/v2\/categories?post=200377"},{"taxonomy":"post_tag","embeddable":true,"href":"https:\/\/agrund.com\/index.php\/wp-json\/wp\/v2\/tags?post=200377"}],"curies":[{"name":"wp","href":"https:\/\/api.w.org\/{rel}","templated":true}]}}