{"id":200374,"date":"2019-07-31T13:00:03","date_gmt":"2019-07-31T16:00:03","guid":{"rendered":"http:\/\/www.agrund.com\/?p=200374"},"modified":"2019-07-31T12:37:20","modified_gmt":"2019-07-31T15:37:20","slug":"marc-jacobs-recebera-premio-da-mtv","status":"publish","type":"post","link":"https:\/\/agrund.com\/index.php\/marc-jacobs-recebera-premio-da-mtv\/","title":{"rendered":"Marc Jacobs receber\u00e1 pr\u00eamio da MTV"},"content":{"rendered":"\n<p>A MTV americana acaba de anunciar que Marc Jacobs receber\u00e1 o primeiro &#8216;Fashion Trailblazer Awards&#8217; durante o MTV VMA deste ano.\u00a0<\/p>\n\n\n\n<p>Criado em parceria com o CFDA (Council of Fashion Designers of America), o pr\u00eamio pretende celebrar anualmente um nome da moda que promoveu um impacto entre o mundo fashion e a m\u00fasica.\u00a0<\/p>\n\n\n\n<p>N\u00e3o \u00e9 segredo nenhum que Marc j\u00e1 vestiu diversas cantoras para o red carpet e que muitas de suas cole\u00e7\u00f5es possuem refer\u00eancias musicais.<\/p>\n\n\n\n<p>Junto da emissora, Marc criar\u00e1 um espa\u00e7o multim\u00eddia interativo para receber os convidados da premia\u00e7\u00e3o. Alguma d\u00favida de que isso far\u00e1 sucesso no Instagram?\u00a0O MTV VMA ser\u00e1 no dia 26 de agosto.\u00a0<\/p>\n\n\n\n<div class=\"wp-block-image\"><figure class=\"aligncenter\"><img data-attachment-id=\"200381\" data-permalink=\"https:\/\/agrund.com\/index.php\/marc-jacobs-recebera-premio-da-mtv\/agrund-marc-jacobs-2-2\/\" data-orig-file=\"https:\/\/i0.wp.com\/agrund.com\/wp-content\/uploads\/sites\/6\/2019\/07\/agrund-marc-jacobs-2.jpg?fit=600%2C387&amp;ssl=1\" data-orig-size=\"600,387\" data-comments-opened=\"1\" data-image-meta=\"{&quot;aperture&quot;:&quot;0&quot;,&quot;credit&quot;:&quot;&quot;,&quot;camera&quot;:&quot;&quot;,&quot;caption&quot;:&quot;&quot;,&quot;created_timestamp&quot;:&quot;0&quot;,&quot;copyright&quot;:&quot;&quot;,&quot;focal_length&quot;:&quot;0&quot;,&quot;iso&quot;:&quot;0&quot;,&quot;shutter_speed&quot;:&quot;0&quot;,&quot;title&quot;:&quot;&quot;,&quot;orientation&quot;:&quot;1&quot;}\" data-image-title=\"agrund-marc-jacobs-2\" data-image-description=\"\" data-image-caption=\"\" data-medium-file=\"https:\/\/i0.wp.com\/agrund.com\/wp-content\/uploads\/sites\/6\/2019\/07\/agrund-marc-jacobs-2.jpg?fit=300%2C194&amp;ssl=1\" data-large-file=\"https:\/\/i0.wp.com\/agrund.com\/wp-content\/uploads\/sites\/6\/2019\/07\/agrund-marc-jacobs-2.jpg?fit=600%2C387&amp;ssl=1\" decoding=\"async\" loading=\"lazy\" width=\"600\" height=\"387\" src=\"https:\/\/i0.wp.com\/www.agrund.com\/wp-content\/uploads\/sites\/6\/2019\/07\/agrund-marc-jacobs-2.jpg?resize=600%2C387&#038;ssl=1\" alt=\"\" class=\"wp-image-200381\" srcset=\"https:\/\/i0.wp.com\/agrund.com\/wp-content\/uploads\/sites\/6\/2019\/07\/agrund-marc-jacobs-2.jpg?w=600&amp;ssl=1 600w, https:\/\/i0.wp.com\/agrund.com\/wp-content\/uploads\/sites\/6\/2019\/07\/agrund-marc-jacobs-2.jpg?resize=300%2C194&amp;ssl=1 300w\" sizes=\"(max-width: 600px) 100vw, 600px\" data-recalc-dims=\"1\" \/><figcaption>Marc Jacobs receber\u00e1 pr\u00eamio da MTV <\/figcaption><\/figure><\/div>\n\n\n\n<p><\/p>\n\n\n\n<p>Foto: Reprodu\u00e7\u00e3o. <\/p>\n","protected":false},"excerpt":{"rendered":"<p>A MTV americana acaba de anunciar que Marc Jacobs receber\u00e1 o primeiro &#8216;Fashion Trailblazer Awards&#8217; durante o MTV VMA deste ano.\u00a0 Criado em parceria com o CFDA (Council of Fashion Designers of America), o pr\u00eamio pretende celebrar anualmente um nome da moda que promoveu um impacto entre o mundo fashion e a m\u00fasica.\u00a0 N\u00e3o \u00e9 [&hellip;]<\/p>\n","protected":false},"author":8,"featured_media":200375,"comment_status":"open","ping_status":"open","sticky":false,"template":"","format":"standard","meta":{"jetpack_post_was_ever_published":false,"_jetpack_newsletter_access":"","jetpack_publicize_message":"","jetpack_is_tweetstorm":false,"jetpack_publicize_feature_enabled":true,"jetpack_social_post_already_shared":true,"jetpack_social_options":{"image_generator_settings":{"template":"highway","enabled":false}}},"categories":[2],"tags":[395,375,423,347,81,67,583,424,582],"jetpack_publicize_connections":[],"jetpack_featured_media_url":"https:\/\/i0.wp.com\/agrund.com\/wp-content\/uploads\/sites\/6\/2019\/07\/s-104.jpg?fit=960%2C300&ssl=1","jetpack_sharing_enabled":true,"jetpack_shortlink":"https:\/\/wp.me\/p3Hz0n-Q7Q","jetpack_likes_enabled":true,"_links":{"self":[{"href":"https:\/\/agrund.com\/index.php\/wp-json\/wp\/v2\/posts\/200374"}],"collection":[{"href":"https:\/\/agrund.com\/index.php\/wp-json\/wp\/v2\/posts"}],"about":[{"href":"https:\/\/agrund.com\/index.php\/wp-json\/wp\/v2\/types\/post"}],"author":[{"embeddable":true,"href":"https:\/\/agrund.com\/index.php\/wp-json\/wp\/v2\/users\/8"}],"replies":[{"embeddable":true,"href":"https:\/\/agrund.com\/index.php\/wp-json\/wp\/v2\/comments?post=200374"}],"version-history":[{"count":2,"href":"https:\/\/agrund.com\/index.php\/wp-json\/wp\/v2\/posts\/200374\/revisions"}],"predecessor-version":[{"id":200382,"href":"https:\/\/agrund.com\/index.php\/wp-json\/wp\/v2\/posts\/200374\/revisions\/200382"}],"wp:featuredmedia":[{"embeddable":true,"href":"https:\/\/agrund.com\/index.php\/wp-json\/wp\/v2\/media\/200375"}],"wp:attachment":[{"href":"https:\/\/agrund.com\/index.php\/wp-json\/wp\/v2\/media?parent=200374"}],"wp:term":[{"taxonomy":"category","embeddable":true,"href":"https:\/\/agrund.com\/index.php\/wp-json\/wp\/v2\/categories?post=200374"},{"taxonomy":"post_tag","embeddable":true,"href":"https:\/\/agrund.com\/index.php\/wp-json\/wp\/v2\/tags?post=200374"}],"curies":[{"name":"wp","href":"https:\/\/api.w.org\/{rel}","templated":true}]}}