{"id":200359,"date":"2019-07-31T10:00:33","date_gmt":"2019-07-31T13:00:33","guid":{"rendered":"http:\/\/www.agrund.com\/?p=200359"},"modified":"2019-07-31T09:25:37","modified_gmt":"2019-07-31T12:25:37","slug":"gucci-anuncia-chefe-de-diversidade","status":"publish","type":"post","link":"https:\/\/agrund.com\/index.php\/gucci-anuncia-chefe-de-diversidade\/","title":{"rendered":"Gucci anuncia Chefe de Diversidade"},"content":{"rendered":"\n<p>Algumas semanas depois da Chanel, agora foi a Gucci que anunciou o nome que ocupar\u00e1 o cargo de Chefe de Diversidade dentro da grife.\u00a0 A advogada Ren\u00e9e Tirado, que j\u00e1 teve a mesma ocupa\u00e7\u00e3o na Liga Americana de Baseball (MLB), estar\u00e1 encarregada de desenvolver estrat\u00e9gias globais de diversidade e equidade dentro na empresa, o que inclui a forma\u00e7\u00e3o de uma equipe com novos valores.\u00a0<\/p>\n\n\n\n<p>&#8220;Essa posi\u00e7\u00e3o \u00e9 fundamental para aprofundar nosso compromisso e apoiar as iniciativas que j\u00e1 est\u00e3o em vigor. Como uma organiza\u00e7\u00e3o que est\u00e1 sempre aprendendo, nos desafiamos a, nos \u00faltimos meses, acelerar nossa vis\u00e3o de desenvolver uma organiza\u00e7\u00e3o mais forte. Estou confiante que Ren\u00e9e vai nos ajudar a criar a mudan\u00e7a t\u00e3o importante que queremos ver n\u00e3o apenas em nossa empresa, mas na ind\u00fastria da moda\u201d, declarou Marco Bizzarri, CEO da Gucci,\u00a0 entrevista ao portal WWD.<\/p>\n\n\n\n<p>Perceba que h\u00e1 uma mudan\u00e7a muito positiva acontecendo dentro do mundo da moda e este \u00e9 apenas o come\u00e7o.<\/p>\n\n\n\n<div class=\"wp-block-image\"><figure class=\"aligncenter\"><img data-attachment-id=\"200360\" data-permalink=\"https:\/\/agrund.com\/index.php\/gucci-anuncia-chefe-de-diversidade\/agrund-gucci-diversidade\/\" data-orig-file=\"https:\/\/i0.wp.com\/agrund.com\/wp-content\/uploads\/sites\/6\/2019\/07\/agrund-gucci-diversidade.jpeg?fit=600%2C603&amp;ssl=1\" data-orig-size=\"600,603\" data-comments-opened=\"1\" data-image-meta=\"{&quot;aperture&quot;:&quot;0&quot;,&quot;credit&quot;:&quot;&quot;,&quot;camera&quot;:&quot;&quot;,&quot;caption&quot;:&quot;&quot;,&quot;created_timestamp&quot;:&quot;0&quot;,&quot;copyright&quot;:&quot;&quot;,&quot;focal_length&quot;:&quot;0&quot;,&quot;iso&quot;:&quot;0&quot;,&quot;shutter_speed&quot;:&quot;0&quot;,&quot;title&quot;:&quot;&quot;,&quot;orientation&quot;:&quot;1&quot;}\" data-image-title=\"agrund-gucci-diversidade\" data-image-description=\"\" data-image-caption=\"\" data-medium-file=\"https:\/\/i0.wp.com\/agrund.com\/wp-content\/uploads\/sites\/6\/2019\/07\/agrund-gucci-diversidade.jpeg?fit=300%2C300&amp;ssl=1\" data-large-file=\"https:\/\/i0.wp.com\/agrund.com\/wp-content\/uploads\/sites\/6\/2019\/07\/agrund-gucci-diversidade.jpeg?fit=600%2C603&amp;ssl=1\" decoding=\"async\" loading=\"lazy\" width=\"600\" height=\"603\" src=\"https:\/\/i0.wp.com\/www.agrund.com\/wp-content\/uploads\/sites\/6\/2019\/07\/agrund-gucci-diversidade.jpeg?resize=600%2C603&#038;ssl=1\" alt=\"\" class=\"wp-image-200360\" srcset=\"https:\/\/i0.wp.com\/agrund.com\/wp-content\/uploads\/sites\/6\/2019\/07\/agrund-gucci-diversidade.jpeg?w=600&amp;ssl=1 600w, https:\/\/i0.wp.com\/agrund.com\/wp-content\/uploads\/sites\/6\/2019\/07\/agrund-gucci-diversidade.jpeg?resize=150%2C150&amp;ssl=1 150w\" sizes=\"(max-width: 600px) 100vw, 600px\" data-recalc-dims=\"1\" \/><figcaption>Gucci anuncia Chefe de Diversidade<\/figcaption><\/figure><\/div>\n\n\n\n<p>Foto: Reprodu\u00e7\u00e3o. <\/p>\n","protected":false},"excerpt":{"rendered":"<p>Algumas semanas depois da Chanel, agora foi a Gucci que anunciou o nome que ocupar\u00e1 o cargo de Chefe de Diversidade dentro da grife.\u00a0 A advogada Ren\u00e9e Tirado, que j\u00e1 teve a mesma ocupa\u00e7\u00e3o na Liga Americana de Baseball (MLB), estar\u00e1 encarregada de desenvolver estrat\u00e9gias globais de diversidade e equidade dentro na empresa, o que [&hellip;]<\/p>\n","protected":false},"author":8,"featured_media":200361,"comment_status":"open","ping_status":"open","sticky":false,"template":"","format":"standard","meta":{"jetpack_post_was_ever_published":false,"_jetpack_newsletter_access":"","jetpack_publicize_message":"","jetpack_is_tweetstorm":false,"jetpack_publicize_feature_enabled":true,"jetpack_social_post_already_shared":true,"jetpack_social_options":{"image_generator_settings":{"template":"highway","enabled":false}}},"categories":[2],"tags":[395,375,577,423,347,75,67,424],"jetpack_publicize_connections":[],"jetpack_featured_media_url":"https:\/\/i0.wp.com\/agrund.com\/wp-content\/uploads\/sites\/6\/2019\/07\/s-102.jpg?fit=960%2C300&ssl=1","jetpack_sharing_enabled":true,"jetpack_shortlink":"https:\/\/wp.me\/p3Hz0n-Q7B","jetpack_likes_enabled":true,"_links":{"self":[{"href":"https:\/\/agrund.com\/index.php\/wp-json\/wp\/v2\/posts\/200359"}],"collection":[{"href":"https:\/\/agrund.com\/index.php\/wp-json\/wp\/v2\/posts"}],"about":[{"href":"https:\/\/agrund.com\/index.php\/wp-json\/wp\/v2\/types\/post"}],"author":[{"embeddable":true,"href":"https:\/\/agrund.com\/index.php\/wp-json\/wp\/v2\/users\/8"}],"replies":[{"embeddable":true,"href":"https:\/\/agrund.com\/index.php\/wp-json\/wp\/v2\/comments?post=200359"}],"version-history":[{"count":1,"href":"https:\/\/agrund.com\/index.php\/wp-json\/wp\/v2\/posts\/200359\/revisions"}],"predecessor-version":[{"id":200362,"href":"https:\/\/agrund.com\/index.php\/wp-json\/wp\/v2\/posts\/200359\/revisions\/200362"}],"wp:featuredmedia":[{"embeddable":true,"href":"https:\/\/agrund.com\/index.php\/wp-json\/wp\/v2\/media\/200361"}],"wp:attachment":[{"href":"https:\/\/agrund.com\/index.php\/wp-json\/wp\/v2\/media?parent=200359"}],"wp:term":[{"taxonomy":"category","embeddable":true,"href":"https:\/\/agrund.com\/index.php\/wp-json\/wp\/v2\/categories?post=200359"},{"taxonomy":"post_tag","embeddable":true,"href":"https:\/\/agrund.com\/index.php\/wp-json\/wp\/v2\/tags?post=200359"}],"curies":[{"name":"wp","href":"https:\/\/api.w.org\/{rel}","templated":true}]}}