{"id":20035,"date":"2011-11-28T11:24:35","date_gmt":"2011-11-28T13:24:35","guid":{"rendered":"http:\/\/www.agrund.com\/blogs\/notas\/?p=20035"},"modified":"2011-11-28T11:24:35","modified_gmt":"2011-11-28T13:24:35","slug":"tecidos-vibrantes-para-a-estacao","status":"publish","type":"post","link":"https:\/\/agrund.com\/index.php\/tecidos-vibrantes-para-a-estacao\/","title":{"rendered":"Tecidos vibrantes para a esta\u00e7\u00e3o"},"content":{"rendered":"<p>Os contrastes ser\u00e3o os destaques para os tecidos usados nas cole\u00e7\u00f5es outono inverno 2011 2012. A <a href=\"http:\/\/www.texprima.com.br\">TexPrima<\/a>, refer\u00eancia quando o assunto \u00e9 tecido de alta qualidade, confirma as tend\u00eancias para a pr\u00f3xima esta\u00e7\u00e3o. Algod\u00e3o, os triacetados, crepes e sarjas al\u00e9m de\u00a0couros\u00a0ecol\u00f3gicos estar\u00e3o em alta. O mix de texturas em pe\u00e7as que resvalam na androgenia ganhar\u00e1 as ruas. As malhas tamb\u00e9m far\u00e3o parte desse jogo de brilho\/opacidade, brincando com o tato e a vis\u00e3o. E a julgar pela cartela de cores n\u00e3o vai ter ningu\u00e9m insatisfeito!<\/p>\n<p style=\"text-align: center\"><img decoding=\"async\" loading=\"lazy\" class=\"aligncenter size-full wp-image-20037\" src=\"https:\/\/i0.wp.com\/www.agrund.com\/arquivo\/notas\/files\/2011\/11\/2j.jpg?resize=371%2C246\" alt=\"\" width=\"371\" height=\"246\" data-recalc-dims=\"1\" \/><\/p>\n<p style=\"text-align: center\"><img decoding=\"async\" loading=\"lazy\" class=\"aligncenter size-full wp-image-20036\" src=\"https:\/\/i0.wp.com\/www.agrund.com\/arquivo\/notas\/files\/2011\/11\/1j.jpg?resize=394%2C307\" alt=\"\" width=\"394\" height=\"307\" data-recalc-dims=\"1\" \/><\/p>\n","protected":false},"excerpt":{"rendered":"<p>Os contrastes ser\u00e3o os destaques para os tecidos usados nas cole\u00e7\u00f5es outono inverno 2011 2012. A TexPrima, refer\u00eancia quando o assunto \u00e9 tecido de alta qualidade, confirma as tend\u00eancias para a pr\u00f3xima esta\u00e7\u00e3o. Algod\u00e3o, os triacetados, crepes e sarjas al\u00e9m de\u00a0couros\u00a0ecol\u00f3gicos estar\u00e3o em alta. O mix de texturas em pe\u00e7as que resvalam na androgenia ganhar\u00e1 [&hellip;]<\/p>\n","protected":false},"author":8,"featured_media":20037,"comment_status":"open","ping_status":"open","sticky":false,"template":"","format":"standard","meta":{"jetpack_post_was_ever_published":false,"_jetpack_newsletter_access":"","jetpack_publicize_message":"","jetpack_is_tweetstorm":false,"jetpack_publicize_feature_enabled":true,"jetpack_social_post_already_shared":false,"jetpack_social_options":{"image_generator_settings":{"template":"highway","enabled":false}}},"categories":[2],"tags":[],"jetpack_publicize_connections":[],"jetpack_featured_media_url":"","jetpack_sharing_enabled":true,"jetpack_shortlink":"https:\/\/wp.me\/p3Hz0n-5d9","jetpack_likes_enabled":true,"_links":{"self":[{"href":"https:\/\/agrund.com\/index.php\/wp-json\/wp\/v2\/posts\/20035"}],"collection":[{"href":"https:\/\/agrund.com\/index.php\/wp-json\/wp\/v2\/posts"}],"about":[{"href":"https:\/\/agrund.com\/index.php\/wp-json\/wp\/v2\/types\/post"}],"author":[{"embeddable":true,"href":"https:\/\/agrund.com\/index.php\/wp-json\/wp\/v2\/users\/8"}],"replies":[{"embeddable":true,"href":"https:\/\/agrund.com\/index.php\/wp-json\/wp\/v2\/comments?post=20035"}],"version-history":[{"count":0,"href":"https:\/\/agrund.com\/index.php\/wp-json\/wp\/v2\/posts\/20035\/revisions"}],"wp:featuredmedia":[{"embeddable":true,"href":"https:\/\/agrund.com\/index.php\/wp-json\/"}],"wp:attachment":[{"href":"https:\/\/agrund.com\/index.php\/wp-json\/wp\/v2\/media?parent=20035"}],"wp:term":[{"taxonomy":"category","embeddable":true,"href":"https:\/\/agrund.com\/index.php\/wp-json\/wp\/v2\/categories?post=20035"},{"taxonomy":"post_tag","embeddable":true,"href":"https:\/\/agrund.com\/index.php\/wp-json\/wp\/v2\/tags?post=20035"}],"curies":[{"name":"wp","href":"https:\/\/api.w.org\/{rel}","templated":true}]}}