{"id":200337,"date":"2019-07-30T15:00:35","date_gmt":"2019-07-30T18:00:35","guid":{"rendered":"http:\/\/www.agrund.com\/?p=200337"},"modified":"2019-07-30T16:29:14","modified_gmt":"2019-07-30T19:29:14","slug":"bella-hadid-e-adut-akech-para-a-versace","status":"publish","type":"post","link":"https:\/\/agrund.com\/index.php\/bella-hadid-e-adut-akech-para-a-versace\/","title":{"rendered":"Bella Hadid e Adut Akech para a Versace"},"content":{"rendered":"\n<p>Mais uma campanha saindo do forno!\u00a0 A Versace escolheu a Capad\u00f3cia, na Turquia, como cen\u00e1rio ideal para fotografar sua cole\u00e7\u00e3o outono\/inverno 2019.\u00a0<\/p>\n\n\n\n<p>A dupla Mert &amp; Marcus foi respons\u00e1vel por capturar imagens de Bella Hadid, Adut Akech, Alton Mason e Dong Su Moon entre rochas e esculturas de areia.<\/p>\n\n\n\n<p>Com um toque futurista, os tric\u00f4s multicoloridos e acess\u00f3rios da grife contrastaram perfeitamente com o local. Veja o resultado na galeria abaixo:\u00a0<\/p>\n\n\n\n<div class=\"wp-block-image\"><figure class=\"aligncenter\"><img data-attachment-id=\"200338\" data-permalink=\"https:\/\/agrund.com\/index.php\/bella-hadid-e-adut-akech-para-a-versace\/agrund-missoni-fall-winter-2019\/\" data-orig-file=\"https:\/\/i0.wp.com\/agrund.com\/wp-content\/uploads\/sites\/6\/2019\/07\/agrund-Missoni-Fall-Winter-2019.jpg?fit=600%2C365&amp;ssl=1\" data-orig-size=\"600,365\" data-comments-opened=\"1\" data-image-meta=\"{&quot;aperture&quot;:&quot;0&quot;,&quot;credit&quot;:&quot;&quot;,&quot;camera&quot;:&quot;&quot;,&quot;caption&quot;:&quot;&quot;,&quot;created_timestamp&quot;:&quot;0&quot;,&quot;copyright&quot;:&quot;&quot;,&quot;focal_length&quot;:&quot;0&quot;,&quot;iso&quot;:&quot;0&quot;,&quot;shutter_speed&quot;:&quot;0&quot;,&quot;title&quot;:&quot;&quot;,&quot;orientation&quot;:&quot;1&quot;}\" data-image-title=\"agrund-Missoni-Fall-Winter-2019\" data-image-description=\"\" data-image-caption=\"\" data-medium-file=\"https:\/\/i0.wp.com\/agrund.com\/wp-content\/uploads\/sites\/6\/2019\/07\/agrund-Missoni-Fall-Winter-2019.jpg?fit=300%2C183&amp;ssl=1\" data-large-file=\"https:\/\/i0.wp.com\/agrund.com\/wp-content\/uploads\/sites\/6\/2019\/07\/agrund-Missoni-Fall-Winter-2019.jpg?fit=600%2C365&amp;ssl=1\" decoding=\"async\" loading=\"lazy\" width=\"600\" height=\"365\" src=\"https:\/\/i0.wp.com\/www.agrund.com\/wp-content\/uploads\/sites\/6\/2019\/07\/agrund-Missoni-Fall-Winter-2019.jpg?resize=600%2C365&#038;ssl=1\" alt=\"\" class=\"wp-image-200338\" srcset=\"https:\/\/i0.wp.com\/agrund.com\/wp-content\/uploads\/sites\/6\/2019\/07\/agrund-Missoni-Fall-Winter-2019.jpg?w=600&amp;ssl=1 600w, https:\/\/i0.wp.com\/agrund.com\/wp-content\/uploads\/sites\/6\/2019\/07\/agrund-Missoni-Fall-Winter-2019.jpg?resize=300%2C183&amp;ssl=1 300w\" sizes=\"(max-width: 600px) 100vw, 600px\" data-recalc-dims=\"1\" \/><figcaption>Bella Hadid e Adut Akech para a Versace  <\/figcaption><\/figure><\/div>\n\n\n\n<div class=\"wp-block-image\"><figure class=\"aligncenter\"><img data-attachment-id=\"200339\" data-permalink=\"https:\/\/agrund.com\/index.php\/bella-hadid-e-adut-akech-para-a-versace\/agrund-missoni-fall-winter-2019-2\/\" data-orig-file=\"https:\/\/i0.wp.com\/agrund.com\/wp-content\/uploads\/sites\/6\/2019\/07\/agrund-Missoni-Fall-Winter-2019-2.jpg?fit=600%2C752&amp;ssl=1\" data-orig-size=\"600,752\" data-comments-opened=\"1\" data-image-meta=\"{&quot;aperture&quot;:&quot;0&quot;,&quot;credit&quot;:&quot;&quot;,&quot;camera&quot;:&quot;&quot;,&quot;caption&quot;:&quot;&quot;,&quot;created_timestamp&quot;:&quot;0&quot;,&quot;copyright&quot;:&quot;&quot;,&quot;focal_length&quot;:&quot;0&quot;,&quot;iso&quot;:&quot;0&quot;,&quot;shutter_speed&quot;:&quot;0&quot;,&quot;title&quot;:&quot;&quot;,&quot;orientation&quot;:&quot;1&quot;}\" data-image-title=\"agrund-Missoni-Fall-Winter-2019-2\" data-image-description=\"\" data-image-caption=\"\" data-medium-file=\"https:\/\/i0.wp.com\/agrund.com\/wp-content\/uploads\/sites\/6\/2019\/07\/agrund-Missoni-Fall-Winter-2019-2.jpg?fit=239%2C300&amp;ssl=1\" data-large-file=\"https:\/\/i0.wp.com\/agrund.com\/wp-content\/uploads\/sites\/6\/2019\/07\/agrund-Missoni-Fall-Winter-2019-2.jpg?fit=600%2C752&amp;ssl=1\" decoding=\"async\" loading=\"lazy\" width=\"600\" height=\"752\" src=\"https:\/\/i0.wp.com\/www.agrund.com\/wp-content\/uploads\/sites\/6\/2019\/07\/agrund-Missoni-Fall-Winter-2019-2.jpg?resize=600%2C752&#038;ssl=1\" alt=\"\" class=\"wp-image-200339\" srcset=\"https:\/\/i0.wp.com\/agrund.com\/wp-content\/uploads\/sites\/6\/2019\/07\/agrund-Missoni-Fall-Winter-2019-2.jpg?w=600&amp;ssl=1 600w, https:\/\/i0.wp.com\/agrund.com\/wp-content\/uploads\/sites\/6\/2019\/07\/agrund-Missoni-Fall-Winter-2019-2.jpg?resize=239%2C300&amp;ssl=1 239w\" sizes=\"(max-width: 600px) 100vw, 600px\" data-recalc-dims=\"1\" \/><figcaption>Bella Hadid e Adut Akech para a Versace  <\/figcaption><\/figure><\/div>\n\n\n\n<div class=\"wp-block-image\"><figure class=\"aligncenter\"><img data-attachment-id=\"200340\" data-permalink=\"https:\/\/agrund.com\/index.php\/bella-hadid-e-adut-akech-para-a-versace\/agrund-missoni-fall-winter-2019-4\/\" data-orig-file=\"https:\/\/i0.wp.com\/agrund.com\/wp-content\/uploads\/sites\/6\/2019\/07\/agrund-Missoni-Fall-Winter-2019-4.jpg?fit=600%2C752&amp;ssl=1\" data-orig-size=\"600,752\" data-comments-opened=\"1\" data-image-meta=\"{&quot;aperture&quot;:&quot;0&quot;,&quot;credit&quot;:&quot;&quot;,&quot;camera&quot;:&quot;&quot;,&quot;caption&quot;:&quot;&quot;,&quot;created_timestamp&quot;:&quot;0&quot;,&quot;copyright&quot;:&quot;&quot;,&quot;focal_length&quot;:&quot;0&quot;,&quot;iso&quot;:&quot;0&quot;,&quot;shutter_speed&quot;:&quot;0&quot;,&quot;title&quot;:&quot;&quot;,&quot;orientation&quot;:&quot;1&quot;}\" data-image-title=\"agrund-Missoni-Fall-Winter-2019-4\" data-image-description=\"\" data-image-caption=\"\" data-medium-file=\"https:\/\/i0.wp.com\/agrund.com\/wp-content\/uploads\/sites\/6\/2019\/07\/agrund-Missoni-Fall-Winter-2019-4.jpg?fit=239%2C300&amp;ssl=1\" data-large-file=\"https:\/\/i0.wp.com\/agrund.com\/wp-content\/uploads\/sites\/6\/2019\/07\/agrund-Missoni-Fall-Winter-2019-4.jpg?fit=600%2C752&amp;ssl=1\" decoding=\"async\" loading=\"lazy\" width=\"600\" height=\"752\" src=\"https:\/\/i0.wp.com\/www.agrund.com\/wp-content\/uploads\/sites\/6\/2019\/07\/agrund-Missoni-Fall-Winter-2019-4.jpg?resize=600%2C752&#038;ssl=1\" alt=\"\" class=\"wp-image-200340\" srcset=\"https:\/\/i0.wp.com\/agrund.com\/wp-content\/uploads\/sites\/6\/2019\/07\/agrund-Missoni-Fall-Winter-2019-4.jpg?w=600&amp;ssl=1 600w, https:\/\/i0.wp.com\/agrund.com\/wp-content\/uploads\/sites\/6\/2019\/07\/agrund-Missoni-Fall-Winter-2019-4.jpg?resize=239%2C300&amp;ssl=1 239w\" sizes=\"(max-width: 600px) 100vw, 600px\" data-recalc-dims=\"1\" \/><figcaption>Bella Hadid e Adut Akech para a Versace  <\/figcaption><\/figure><\/div>\n\n\n\n<div class=\"wp-block-image\"><figure class=\"aligncenter\"><img data-attachment-id=\"200341\" data-permalink=\"https:\/\/agrund.com\/index.php\/bella-hadid-e-adut-akech-para-a-versace\/agrund-missoni-fall-winter-2019-3\/\" data-orig-file=\"https:\/\/i0.wp.com\/agrund.com\/wp-content\/uploads\/sites\/6\/2019\/07\/agrund-Missoni-Fall-Winter-2019-3.jpg?fit=600%2C749&amp;ssl=1\" data-orig-size=\"600,749\" data-comments-opened=\"1\" data-image-meta=\"{&quot;aperture&quot;:&quot;0&quot;,&quot;credit&quot;:&quot;&quot;,&quot;camera&quot;:&quot;&quot;,&quot;caption&quot;:&quot;&quot;,&quot;created_timestamp&quot;:&quot;0&quot;,&quot;copyright&quot;:&quot;&quot;,&quot;focal_length&quot;:&quot;0&quot;,&quot;iso&quot;:&quot;0&quot;,&quot;shutter_speed&quot;:&quot;0&quot;,&quot;title&quot;:&quot;&quot;,&quot;orientation&quot;:&quot;1&quot;}\" data-image-title=\"agrund-Missoni-Fall-Winter-2019-3\" data-image-description=\"\" data-image-caption=\"\" data-medium-file=\"https:\/\/i0.wp.com\/agrund.com\/wp-content\/uploads\/sites\/6\/2019\/07\/agrund-Missoni-Fall-Winter-2019-3.jpg?fit=240%2C300&amp;ssl=1\" data-large-file=\"https:\/\/i0.wp.com\/agrund.com\/wp-content\/uploads\/sites\/6\/2019\/07\/agrund-Missoni-Fall-Winter-2019-3.jpg?fit=600%2C749&amp;ssl=1\" decoding=\"async\" loading=\"lazy\" width=\"600\" height=\"749\" src=\"https:\/\/i0.wp.com\/www.agrund.com\/wp-content\/uploads\/sites\/6\/2019\/07\/agrund-Missoni-Fall-Winter-2019-3.jpg?resize=600%2C749&#038;ssl=1\" alt=\"\" class=\"wp-image-200341\" srcset=\"https:\/\/i0.wp.com\/agrund.com\/wp-content\/uploads\/sites\/6\/2019\/07\/agrund-Missoni-Fall-Winter-2019-3.jpg?w=600&amp;ssl=1 600w, https:\/\/i0.wp.com\/agrund.com\/wp-content\/uploads\/sites\/6\/2019\/07\/agrund-Missoni-Fall-Winter-2019-3.jpg?resize=240%2C300&amp;ssl=1 240w\" sizes=\"(max-width: 600px) 100vw, 600px\" data-recalc-dims=\"1\" \/><figcaption>Bella Hadid e Adut Akech para a Versace  <\/figcaption><\/figure><\/div>\n\n\n\n<div class=\"wp-block-image\"><figure class=\"aligncenter\"><img data-attachment-id=\"200342\" data-permalink=\"https:\/\/agrund.com\/index.php\/bella-hadid-e-adut-akech-para-a-versace\/agrund-missoni-fall-winter-2019-5\/\" data-orig-file=\"https:\/\/i0.wp.com\/agrund.com\/wp-content\/uploads\/sites\/6\/2019\/07\/agrund-Missoni-Fall-Winter-2019-5.jpg?fit=600%2C691&amp;ssl=1\" data-orig-size=\"600,691\" data-comments-opened=\"1\" data-image-meta=\"{&quot;aperture&quot;:&quot;0&quot;,&quot;credit&quot;:&quot;&quot;,&quot;camera&quot;:&quot;&quot;,&quot;caption&quot;:&quot;&quot;,&quot;created_timestamp&quot;:&quot;0&quot;,&quot;copyright&quot;:&quot;&quot;,&quot;focal_length&quot;:&quot;0&quot;,&quot;iso&quot;:&quot;0&quot;,&quot;shutter_speed&quot;:&quot;0&quot;,&quot;title&quot;:&quot;&quot;,&quot;orientation&quot;:&quot;1&quot;}\" data-image-title=\"agrund-Missoni-Fall-Winter-2019-5\" data-image-description=\"\" data-image-caption=\"\" data-medium-file=\"https:\/\/i0.wp.com\/agrund.com\/wp-content\/uploads\/sites\/6\/2019\/07\/agrund-Missoni-Fall-Winter-2019-5.jpg?fit=260%2C300&amp;ssl=1\" data-large-file=\"https:\/\/i0.wp.com\/agrund.com\/wp-content\/uploads\/sites\/6\/2019\/07\/agrund-Missoni-Fall-Winter-2019-5.jpg?fit=600%2C691&amp;ssl=1\" decoding=\"async\" loading=\"lazy\" width=\"600\" height=\"691\" src=\"https:\/\/i0.wp.com\/www.agrund.com\/wp-content\/uploads\/sites\/6\/2019\/07\/agrund-Missoni-Fall-Winter-2019-5.jpg?resize=600%2C691&#038;ssl=1\" alt=\"\" class=\"wp-image-200342\" srcset=\"https:\/\/i0.wp.com\/agrund.com\/wp-content\/uploads\/sites\/6\/2019\/07\/agrund-Missoni-Fall-Winter-2019-5.jpg?w=600&amp;ssl=1 600w, https:\/\/i0.wp.com\/agrund.com\/wp-content\/uploads\/sites\/6\/2019\/07\/agrund-Missoni-Fall-Winter-2019-5.jpg?resize=260%2C300&amp;ssl=1 260w\" sizes=\"(max-width: 600px) 100vw, 600px\" data-recalc-dims=\"1\" \/><figcaption>Bella Hadid e Adut Akech para a Versace  <\/figcaption><\/figure><\/div>\n\n\n\n<p>Fotos: Reprodu\u00e7\u00e3o\/ Missoni. <\/p>\n","protected":false},"excerpt":{"rendered":"<p>Mais uma campanha saindo do forno!\u00a0 A Versace escolheu a Capad\u00f3cia, na Turquia, como cen\u00e1rio ideal para fotografar sua cole\u00e7\u00e3o outono\/inverno 2019.\u00a0 A dupla Mert &amp; Marcus foi respons\u00e1vel por capturar imagens de Bella Hadid, Adut Akech, Alton Mason e Dong Su Moon entre rochas e esculturas de areia. Com um toque futurista, os tric\u00f4s [&hellip;]<\/p>\n","protected":false},"author":8,"featured_media":200343,"comment_status":"open","ping_status":"open","sticky":false,"template":"","format":"standard","meta":{"jetpack_post_was_ever_published":false,"_jetpack_newsletter_access":"","jetpack_publicize_message":"","jetpack_is_tweetstorm":false,"jetpack_publicize_feature_enabled":true,"jetpack_social_post_already_shared":true,"jetpack_social_options":{"image_generator_settings":{"template":"highway","enabled":false}}},"categories":[2],"tags":[395,375,572,347,199,67],"jetpack_publicize_connections":[],"jetpack_featured_media_url":"https:\/\/i0.wp.com\/agrund.com\/wp-content\/uploads\/sites\/6\/2019\/07\/sm-3.jpg?fit=960%2C300&ssl=1","jetpack_sharing_enabled":true,"jetpack_shortlink":"https:\/\/wp.me\/p3Hz0n-Q7f","jetpack_likes_enabled":true,"_links":{"self":[{"href":"https:\/\/agrund.com\/index.php\/wp-json\/wp\/v2\/posts\/200337"}],"collection":[{"href":"https:\/\/agrund.com\/index.php\/wp-json\/wp\/v2\/posts"}],"about":[{"href":"https:\/\/agrund.com\/index.php\/wp-json\/wp\/v2\/types\/post"}],"author":[{"embeddable":true,"href":"https:\/\/agrund.com\/index.php\/wp-json\/wp\/v2\/users\/8"}],"replies":[{"embeddable":true,"href":"https:\/\/agrund.com\/index.php\/wp-json\/wp\/v2\/comments?post=200337"}],"version-history":[{"count":1,"href":"https:\/\/agrund.com\/index.php\/wp-json\/wp\/v2\/posts\/200337\/revisions"}],"predecessor-version":[{"id":200344,"href":"https:\/\/agrund.com\/index.php\/wp-json\/wp\/v2\/posts\/200337\/revisions\/200344"}],"wp:featuredmedia":[{"embeddable":true,"href":"https:\/\/agrund.com\/index.php\/wp-json\/wp\/v2\/media\/200343"}],"wp:attachment":[{"href":"https:\/\/agrund.com\/index.php\/wp-json\/wp\/v2\/media?parent=200337"}],"wp:term":[{"taxonomy":"category","embeddable":true,"href":"https:\/\/agrund.com\/index.php\/wp-json\/wp\/v2\/categories?post=200337"},{"taxonomy":"post_tag","embeddable":true,"href":"https:\/\/agrund.com\/index.php\/wp-json\/wp\/v2\/tags?post=200337"}],"curies":[{"name":"wp","href":"https:\/\/api.w.org\/{rel}","templated":true}]}}