{"id":200322,"date":"2019-07-30T11:00:01","date_gmt":"2019-07-30T14:00:01","guid":{"rendered":"http:\/\/www.agrund.com\/?p=200322"},"modified":"2019-07-30T10:51:49","modified_gmt":"2019-07-30T13:51:49","slug":"luke-evans-estrela-campanha-da-versace","status":"publish","type":"post","link":"https:\/\/agrund.com\/index.php\/luke-evans-estrela-campanha-da-versace\/","title":{"rendered":"Luke Evans estrela campanha da Versace"},"content":{"rendered":"\n<p>A Versace convocou Luke Evans para estrelar sua nova campanha eyewear. Fotografado pela dupla Mert &amp; Marcus, o ator faz as vezes de modelo ao posar com os \u00f3culos da cole\u00e7\u00e3o outono\/inverno 2018, chamada Grecamania.<\/p>\n\n\n\n<p>S\u00e3o modelos de sol e de grau, com arma\u00e7\u00f5es que lembram o cl\u00e1ssico aviador em uma vers\u00e3o oversized e outra menor.\u00a0<\/p>\n\n\n\n<p>Luke tamb\u00e9m estrela um fashion film colorido, gravado em um est\u00fadio. Aperte o play:<\/p>\n\n\n\n<div class=\"wp-block-image\"><figure class=\"aligncenter\"><img data-attachment-id=\"200323\" data-permalink=\"https:\/\/agrund.com\/index.php\/luke-evans-estrela-campanha-da-versace\/agrund-luke-evans-versace-eyewear-2\/\" data-orig-file=\"https:\/\/i0.wp.com\/agrund.com\/wp-content\/uploads\/sites\/6\/2019\/07\/agrund-Luke-Evans-Versace-Eyewear-2.jpg?fit=600%2C803&amp;ssl=1\" data-orig-size=\"600,803\" data-comments-opened=\"1\" data-image-meta=\"{&quot;aperture&quot;:&quot;0&quot;,&quot;credit&quot;:&quot;&quot;,&quot;camera&quot;:&quot;&quot;,&quot;caption&quot;:&quot;&quot;,&quot;created_timestamp&quot;:&quot;0&quot;,&quot;copyright&quot;:&quot;&quot;,&quot;focal_length&quot;:&quot;0&quot;,&quot;iso&quot;:&quot;0&quot;,&quot;shutter_speed&quot;:&quot;0&quot;,&quot;title&quot;:&quot;&quot;,&quot;orientation&quot;:&quot;1&quot;}\" data-image-title=\"agrund-Luke-Evans-Versace-Eyewear-2\" data-image-description=\"\" data-image-caption=\"\" data-medium-file=\"https:\/\/i0.wp.com\/agrund.com\/wp-content\/uploads\/sites\/6\/2019\/07\/agrund-Luke-Evans-Versace-Eyewear-2.jpg?fit=224%2C300&amp;ssl=1\" data-large-file=\"https:\/\/i0.wp.com\/agrund.com\/wp-content\/uploads\/sites\/6\/2019\/07\/agrund-Luke-Evans-Versace-Eyewear-2.jpg?fit=600%2C803&amp;ssl=1\" decoding=\"async\" loading=\"lazy\" width=\"600\" height=\"803\" src=\"https:\/\/i0.wp.com\/www.agrund.com\/wp-content\/uploads\/sites\/6\/2019\/07\/agrund-Luke-Evans-Versace-Eyewear-2.jpg?resize=600%2C803&#038;ssl=1\" alt=\"\" class=\"wp-image-200323\" srcset=\"https:\/\/i0.wp.com\/agrund.com\/wp-content\/uploads\/sites\/6\/2019\/07\/agrund-Luke-Evans-Versace-Eyewear-2.jpg?w=600&amp;ssl=1 600w, https:\/\/i0.wp.com\/agrund.com\/wp-content\/uploads\/sites\/6\/2019\/07\/agrund-Luke-Evans-Versace-Eyewear-2.jpg?resize=224%2C300&amp;ssl=1 224w\" sizes=\"(max-width: 600px) 100vw, 600px\" data-recalc-dims=\"1\" \/><figcaption>Luke Evans estrela campanha da Versace  <\/figcaption><\/figure><\/div>\n\n\n\n<div class=\"wp-block-image\"><figure class=\"aligncenter\"><img data-attachment-id=\"200324\" data-permalink=\"https:\/\/agrund.com\/index.php\/luke-evans-estrela-campanha-da-versace\/agrund-luke-evans-versace-eyewear-3\/\" data-orig-file=\"https:\/\/i0.wp.com\/agrund.com\/wp-content\/uploads\/sites\/6\/2019\/07\/agrund-Luke-Evans-Versace-Eyewear-3.jpg?fit=600%2C749&amp;ssl=1\" data-orig-size=\"600,749\" data-comments-opened=\"1\" data-image-meta=\"{&quot;aperture&quot;:&quot;0&quot;,&quot;credit&quot;:&quot;&quot;,&quot;camera&quot;:&quot;&quot;,&quot;caption&quot;:&quot;&quot;,&quot;created_timestamp&quot;:&quot;0&quot;,&quot;copyright&quot;:&quot;&quot;,&quot;focal_length&quot;:&quot;0&quot;,&quot;iso&quot;:&quot;0&quot;,&quot;shutter_speed&quot;:&quot;0&quot;,&quot;title&quot;:&quot;&quot;,&quot;orientation&quot;:&quot;1&quot;}\" data-image-title=\"agrund-Luke-Evans-Versace-Eyewear-3\" data-image-description=\"\" data-image-caption=\"\" data-medium-file=\"https:\/\/i0.wp.com\/agrund.com\/wp-content\/uploads\/sites\/6\/2019\/07\/agrund-Luke-Evans-Versace-Eyewear-3.jpg?fit=240%2C300&amp;ssl=1\" data-large-file=\"https:\/\/i0.wp.com\/agrund.com\/wp-content\/uploads\/sites\/6\/2019\/07\/agrund-Luke-Evans-Versace-Eyewear-3.jpg?fit=600%2C749&amp;ssl=1\" decoding=\"async\" loading=\"lazy\" width=\"600\" height=\"749\" src=\"https:\/\/i0.wp.com\/www.agrund.com\/wp-content\/uploads\/sites\/6\/2019\/07\/agrund-Luke-Evans-Versace-Eyewear-3.jpg?resize=600%2C749&#038;ssl=1\" alt=\"\" class=\"wp-image-200324\" srcset=\"https:\/\/i0.wp.com\/agrund.com\/wp-content\/uploads\/sites\/6\/2019\/07\/agrund-Luke-Evans-Versace-Eyewear-3.jpg?w=600&amp;ssl=1 600w, https:\/\/i0.wp.com\/agrund.com\/wp-content\/uploads\/sites\/6\/2019\/07\/agrund-Luke-Evans-Versace-Eyewear-3.jpg?resize=240%2C300&amp;ssl=1 240w\" sizes=\"(max-width: 600px) 100vw, 600px\" data-recalc-dims=\"1\" \/><figcaption>Luke Evans estrela campanha da Versace  <\/figcaption><\/figure><\/div>\n\n\n\n<div class=\"wp-block-image\"><figure class=\"aligncenter\"><img data-attachment-id=\"200325\" data-permalink=\"https:\/\/agrund.com\/index.php\/luke-evans-estrela-campanha-da-versace\/agrund-luke-evans-versace-eyewear-4\/\" data-orig-file=\"https:\/\/i0.wp.com\/agrund.com\/wp-content\/uploads\/sites\/6\/2019\/07\/agrund-Luke-Evans-Versace-Eyewear-4.jpg?fit=600%2C798&amp;ssl=1\" data-orig-size=\"600,798\" data-comments-opened=\"1\" data-image-meta=\"{&quot;aperture&quot;:&quot;0&quot;,&quot;credit&quot;:&quot;&quot;,&quot;camera&quot;:&quot;&quot;,&quot;caption&quot;:&quot;&quot;,&quot;created_timestamp&quot;:&quot;0&quot;,&quot;copyright&quot;:&quot;&quot;,&quot;focal_length&quot;:&quot;0&quot;,&quot;iso&quot;:&quot;0&quot;,&quot;shutter_speed&quot;:&quot;0&quot;,&quot;title&quot;:&quot;&quot;,&quot;orientation&quot;:&quot;1&quot;}\" data-image-title=\"agrund-Luke-Evans-Versace-Eyewear-4\" data-image-description=\"\" data-image-caption=\"\" data-medium-file=\"https:\/\/i0.wp.com\/agrund.com\/wp-content\/uploads\/sites\/6\/2019\/07\/agrund-Luke-Evans-Versace-Eyewear-4.jpg?fit=226%2C300&amp;ssl=1\" data-large-file=\"https:\/\/i0.wp.com\/agrund.com\/wp-content\/uploads\/sites\/6\/2019\/07\/agrund-Luke-Evans-Versace-Eyewear-4.jpg?fit=600%2C798&amp;ssl=1\" decoding=\"async\" loading=\"lazy\" width=\"600\" height=\"798\" src=\"https:\/\/i0.wp.com\/www.agrund.com\/wp-content\/uploads\/sites\/6\/2019\/07\/agrund-Luke-Evans-Versace-Eyewear-4.jpg?resize=600%2C798&#038;ssl=1\" alt=\"\" class=\"wp-image-200325\" srcset=\"https:\/\/i0.wp.com\/agrund.com\/wp-content\/uploads\/sites\/6\/2019\/07\/agrund-Luke-Evans-Versace-Eyewear-4.jpg?w=600&amp;ssl=1 600w, https:\/\/i0.wp.com\/agrund.com\/wp-content\/uploads\/sites\/6\/2019\/07\/agrund-Luke-Evans-Versace-Eyewear-4.jpg?resize=226%2C300&amp;ssl=1 226w\" sizes=\"(max-width: 600px) 100vw, 600px\" data-recalc-dims=\"1\" \/><figcaption>Luke Evans estrela campanha da Versace  <\/figcaption><\/figure><\/div>\n\n\n\n<div class=\"wp-block-image\"><figure class=\"aligncenter\"><img data-attachment-id=\"200326\" data-permalink=\"https:\/\/agrund.com\/index.php\/luke-evans-estrela-campanha-da-versace\/agrund-luke-evans-versace-eyewear-5\/\" data-orig-file=\"https:\/\/i0.wp.com\/agrund.com\/wp-content\/uploads\/sites\/6\/2019\/07\/agrund-Luke-Evans-Versace-Eyewear-5.jpg?fit=600%2C797&amp;ssl=1\" data-orig-size=\"600,797\" data-comments-opened=\"1\" data-image-meta=\"{&quot;aperture&quot;:&quot;0&quot;,&quot;credit&quot;:&quot;&quot;,&quot;camera&quot;:&quot;&quot;,&quot;caption&quot;:&quot;&quot;,&quot;created_timestamp&quot;:&quot;0&quot;,&quot;copyright&quot;:&quot;&quot;,&quot;focal_length&quot;:&quot;0&quot;,&quot;iso&quot;:&quot;0&quot;,&quot;shutter_speed&quot;:&quot;0&quot;,&quot;title&quot;:&quot;&quot;,&quot;orientation&quot;:&quot;1&quot;}\" data-image-title=\"agrund-Luke-Evans-Versace-Eyewear-5\" data-image-description=\"\" data-image-caption=\"\" data-medium-file=\"https:\/\/i0.wp.com\/agrund.com\/wp-content\/uploads\/sites\/6\/2019\/07\/agrund-Luke-Evans-Versace-Eyewear-5.jpg?fit=226%2C300&amp;ssl=1\" data-large-file=\"https:\/\/i0.wp.com\/agrund.com\/wp-content\/uploads\/sites\/6\/2019\/07\/agrund-Luke-Evans-Versace-Eyewear-5.jpg?fit=600%2C797&amp;ssl=1\" decoding=\"async\" loading=\"lazy\" width=\"600\" height=\"797\" src=\"https:\/\/i0.wp.com\/www.agrund.com\/wp-content\/uploads\/sites\/6\/2019\/07\/agrund-Luke-Evans-Versace-Eyewear-5.jpg?resize=600%2C797&#038;ssl=1\" alt=\"\" class=\"wp-image-200326\" srcset=\"https:\/\/i0.wp.com\/agrund.com\/wp-content\/uploads\/sites\/6\/2019\/07\/agrund-Luke-Evans-Versace-Eyewear-5.jpg?w=600&amp;ssl=1 600w, https:\/\/i0.wp.com\/agrund.com\/wp-content\/uploads\/sites\/6\/2019\/07\/agrund-Luke-Evans-Versace-Eyewear-5.jpg?resize=226%2C300&amp;ssl=1 226w\" sizes=\"(max-width: 600px) 100vw, 600px\" data-recalc-dims=\"1\" \/><figcaption>Luke Evans estrela campanha da Versace  <\/figcaption><\/figure><\/div>\n\n\n\n<div class=\"wp-block-image\"><figure class=\"aligncenter\"><img data-attachment-id=\"200327\" data-permalink=\"https:\/\/agrund.com\/index.php\/luke-evans-estrela-campanha-da-versace\/agrund-luke-evans-versace-eyewear-6\/\" data-orig-file=\"https:\/\/i0.wp.com\/agrund.com\/wp-content\/uploads\/sites\/6\/2019\/07\/agrund-Luke-Evans-Versace-Eyewear-6.jpg?fit=600%2C669&amp;ssl=1\" data-orig-size=\"600,669\" data-comments-opened=\"1\" data-image-meta=\"{&quot;aperture&quot;:&quot;0&quot;,&quot;credit&quot;:&quot;&quot;,&quot;camera&quot;:&quot;&quot;,&quot;caption&quot;:&quot;&quot;,&quot;created_timestamp&quot;:&quot;0&quot;,&quot;copyright&quot;:&quot;&quot;,&quot;focal_length&quot;:&quot;0&quot;,&quot;iso&quot;:&quot;0&quot;,&quot;shutter_speed&quot;:&quot;0&quot;,&quot;title&quot;:&quot;&quot;,&quot;orientation&quot;:&quot;1&quot;}\" data-image-title=\"agrund-Luke-Evans-Versace-Eyewear-6\" data-image-description=\"\" data-image-caption=\"\" data-medium-file=\"https:\/\/i0.wp.com\/agrund.com\/wp-content\/uploads\/sites\/6\/2019\/07\/agrund-Luke-Evans-Versace-Eyewear-6.jpg?fit=269%2C300&amp;ssl=1\" data-large-file=\"https:\/\/i0.wp.com\/agrund.com\/wp-content\/uploads\/sites\/6\/2019\/07\/agrund-Luke-Evans-Versace-Eyewear-6.jpg?fit=600%2C669&amp;ssl=1\" decoding=\"async\" loading=\"lazy\" width=\"600\" height=\"669\" src=\"https:\/\/i0.wp.com\/www.agrund.com\/wp-content\/uploads\/sites\/6\/2019\/07\/agrund-Luke-Evans-Versace-Eyewear-6.jpg?resize=600%2C669&#038;ssl=1\" alt=\"\" class=\"wp-image-200327\" srcset=\"https:\/\/i0.wp.com\/agrund.com\/wp-content\/uploads\/sites\/6\/2019\/07\/agrund-Luke-Evans-Versace-Eyewear-6.jpg?w=600&amp;ssl=1 600w, https:\/\/i0.wp.com\/agrund.com\/wp-content\/uploads\/sites\/6\/2019\/07\/agrund-Luke-Evans-Versace-Eyewear-6.jpg?resize=269%2C300&amp;ssl=1 269w\" sizes=\"(max-width: 600px) 100vw, 600px\" data-recalc-dims=\"1\" \/><figcaption>Luke Evans estrela campanha da Versace  <\/figcaption><\/figure><\/div>\n\n\n\n<div class=\"wp-block-image\"><figure class=\"aligncenter\"><img data-attachment-id=\"200328\" data-permalink=\"https:\/\/agrund.com\/index.php\/luke-evans-estrela-campanha-da-versace\/agrund-luke-evans-versace-eyewear\/\" data-orig-file=\"https:\/\/i0.wp.com\/agrund.com\/wp-content\/uploads\/sites\/6\/2019\/07\/agrund-Luke-Evans-Versace-Eyewear.jpg?fit=600%2C658&amp;ssl=1\" data-orig-size=\"600,658\" data-comments-opened=\"1\" data-image-meta=\"{&quot;aperture&quot;:&quot;0&quot;,&quot;credit&quot;:&quot;&quot;,&quot;camera&quot;:&quot;&quot;,&quot;caption&quot;:&quot;&quot;,&quot;created_timestamp&quot;:&quot;0&quot;,&quot;copyright&quot;:&quot;&quot;,&quot;focal_length&quot;:&quot;0&quot;,&quot;iso&quot;:&quot;0&quot;,&quot;shutter_speed&quot;:&quot;0&quot;,&quot;title&quot;:&quot;&quot;,&quot;orientation&quot;:&quot;1&quot;}\" data-image-title=\"agrund-Luke-Evans-Versace-Eyewear\" data-image-description=\"\" data-image-caption=\"\" data-medium-file=\"https:\/\/i0.wp.com\/agrund.com\/wp-content\/uploads\/sites\/6\/2019\/07\/agrund-Luke-Evans-Versace-Eyewear.jpg?fit=274%2C300&amp;ssl=1\" data-large-file=\"https:\/\/i0.wp.com\/agrund.com\/wp-content\/uploads\/sites\/6\/2019\/07\/agrund-Luke-Evans-Versace-Eyewear.jpg?fit=600%2C658&amp;ssl=1\" decoding=\"async\" loading=\"lazy\" width=\"600\" height=\"658\" src=\"https:\/\/i0.wp.com\/www.agrund.com\/wp-content\/uploads\/sites\/6\/2019\/07\/agrund-Luke-Evans-Versace-Eyewear.jpg?resize=600%2C658&#038;ssl=1\" alt=\"\" class=\"wp-image-200328\" srcset=\"https:\/\/i0.wp.com\/agrund.com\/wp-content\/uploads\/sites\/6\/2019\/07\/agrund-Luke-Evans-Versace-Eyewear.jpg?w=600&amp;ssl=1 600w, https:\/\/i0.wp.com\/agrund.com\/wp-content\/uploads\/sites\/6\/2019\/07\/agrund-Luke-Evans-Versace-Eyewear.jpg?resize=274%2C300&amp;ssl=1 274w\" sizes=\"(max-width: 600px) 100vw, 600px\" data-recalc-dims=\"1\" \/><figcaption>Luke Evans estrela campanha da Versace  <\/figcaption><\/figure><\/div>\n\n\n\n<p>Fotos: Reprodu\u00e7\u00e3o\/ Versace. <\/p>\n","protected":false},"excerpt":{"rendered":"<p>A Versace convocou Luke Evans para estrelar sua nova campanha eyewear. Fotografado pela dupla Mert &amp; Marcus, o ator faz as vezes de modelo ao posar com os \u00f3culos da cole\u00e7\u00e3o outono\/inverno 2018, chamada Grecamania. S\u00e3o modelos de sol e de grau, com arma\u00e7\u00f5es que lembram o cl\u00e1ssico aviador em uma vers\u00e3o oversized e outra [&hellip;]<\/p>\n","protected":false},"author":8,"featured_media":200329,"comment_status":"open","ping_status":"open","sticky":false,"template":"","format":"standard","meta":{"jetpack_post_was_ever_published":false,"_jetpack_newsletter_access":"","jetpack_publicize_message":"","jetpack_is_tweetstorm":false,"jetpack_publicize_feature_enabled":true,"jetpack_social_post_already_shared":true,"jetpack_social_options":{"image_generator_settings":{"template":"highway","enabled":false}}},"categories":[2],"tags":[395,375,423,568,347,382,67,148,569,570,502,424,239],"jetpack_publicize_connections":[],"jetpack_featured_media_url":"https:\/\/i0.wp.com\/agrund.com\/wp-content\/uploads\/sites\/6\/2019\/07\/s-99.jpg?fit=960%2C300&ssl=1","jetpack_sharing_enabled":true,"jetpack_shortlink":"https:\/\/wp.me\/p3Hz0n-Q70","jetpack_likes_enabled":true,"_links":{"self":[{"href":"https:\/\/agrund.com\/index.php\/wp-json\/wp\/v2\/posts\/200322"}],"collection":[{"href":"https:\/\/agrund.com\/index.php\/wp-json\/wp\/v2\/posts"}],"about":[{"href":"https:\/\/agrund.com\/index.php\/wp-json\/wp\/v2\/types\/post"}],"author":[{"embeddable":true,"href":"https:\/\/agrund.com\/index.php\/wp-json\/wp\/v2\/users\/8"}],"replies":[{"embeddable":true,"href":"https:\/\/agrund.com\/index.php\/wp-json\/wp\/v2\/comments?post=200322"}],"version-history":[{"count":1,"href":"https:\/\/agrund.com\/index.php\/wp-json\/wp\/v2\/posts\/200322\/revisions"}],"predecessor-version":[{"id":200330,"href":"https:\/\/agrund.com\/index.php\/wp-json\/wp\/v2\/posts\/200322\/revisions\/200330"}],"wp:featuredmedia":[{"embeddable":true,"href":"https:\/\/agrund.com\/index.php\/wp-json\/wp\/v2\/media\/200329"}],"wp:attachment":[{"href":"https:\/\/agrund.com\/index.php\/wp-json\/wp\/v2\/media?parent=200322"}],"wp:term":[{"taxonomy":"category","embeddable":true,"href":"https:\/\/agrund.com\/index.php\/wp-json\/wp\/v2\/categories?post=200322"},{"taxonomy":"post_tag","embeddable":true,"href":"https:\/\/agrund.com\/index.php\/wp-json\/wp\/v2\/tags?post=200322"}],"curies":[{"name":"wp","href":"https:\/\/api.w.org\/{rel}","templated":true}]}}