{"id":200301,"date":"2019-07-29T18:00:10","date_gmt":"2019-07-29T21:00:10","guid":{"rendered":"http:\/\/www.agrund.com\/?p=200301"},"modified":"2019-07-29T18:39:44","modified_gmt":"2019-07-29T21:39:44","slug":"look-do-dia-classico-e-contemporaneo","status":"publish","type":"post","link":"https:\/\/agrund.com\/index.php\/look-do-dia-classico-e-contemporaneo\/","title":{"rendered":"Look do Dia :: Cl\u00e1ssico e contempor\u00e2neo"},"content":{"rendered":"\n<p>Para a abordagem de hoje o casaco com costuras geom\u00e9tricas deixa o look cl\u00e1ssico mais contempor\u00e2neo. Styling de Fabio Paiva e Murilo Mahler. <\/p>\n\n\n\n<p>Camisa Ricardo Almeida<\/p>\n\n\n\n<p>Casaco Ellus<\/p>\n\n\n\n<p>Cal\u00e7a Alexandre Herchcovitch<\/p>\n\n\n\n<p>Cinto e Sapatos Gucci<\/p>\n\n\n\n<div class=\"wp-block-image\"><figure class=\"aligncenter\"><img data-attachment-id=\"200302\" data-permalink=\"https:\/\/agrund.com\/index.php\/look-do-dia-classico-e-contemporaneo\/agrund-look-arlindo-grund\/\" data-orig-file=\"https:\/\/i0.wp.com\/agrund.com\/wp-content\/uploads\/sites\/6\/2019\/07\/agrund-look-arlindo-grund.jpg?fit=600%2C601&amp;ssl=1\" data-orig-size=\"600,601\" data-comments-opened=\"1\" data-image-meta=\"{&quot;aperture&quot;:&quot;0&quot;,&quot;credit&quot;:&quot;&quot;,&quot;camera&quot;:&quot;&quot;,&quot;caption&quot;:&quot;&quot;,&quot;created_timestamp&quot;:&quot;0&quot;,&quot;copyright&quot;:&quot;&quot;,&quot;focal_length&quot;:&quot;0&quot;,&quot;iso&quot;:&quot;0&quot;,&quot;shutter_speed&quot;:&quot;0&quot;,&quot;title&quot;:&quot;&quot;,&quot;orientation&quot;:&quot;1&quot;}\" data-image-title=\"agrund-look-arlindo-grund\" data-image-description=\"\" data-image-caption=\"\" data-medium-file=\"https:\/\/i0.wp.com\/agrund.com\/wp-content\/uploads\/sites\/6\/2019\/07\/agrund-look-arlindo-grund.jpg?fit=300%2C300&amp;ssl=1\" data-large-file=\"https:\/\/i0.wp.com\/agrund.com\/wp-content\/uploads\/sites\/6\/2019\/07\/agrund-look-arlindo-grund.jpg?fit=600%2C601&amp;ssl=1\" decoding=\"async\" loading=\"lazy\" width=\"600\" height=\"601\" src=\"https:\/\/i0.wp.com\/www.agrund.com\/wp-content\/uploads\/sites\/6\/2019\/07\/agrund-look-arlindo-grund.jpg?resize=600%2C601&#038;ssl=1\" alt=\"\" class=\"wp-image-200302\" srcset=\"https:\/\/i0.wp.com\/agrund.com\/wp-content\/uploads\/sites\/6\/2019\/07\/agrund-look-arlindo-grund.jpg?w=600&amp;ssl=1 600w, https:\/\/i0.wp.com\/agrund.com\/wp-content\/uploads\/sites\/6\/2019\/07\/agrund-look-arlindo-grund.jpg?resize=150%2C150&amp;ssl=1 150w, https:\/\/i0.wp.com\/agrund.com\/wp-content\/uploads\/sites\/6\/2019\/07\/agrund-look-arlindo-grund.jpg?resize=300%2C300&amp;ssl=1 300w\" sizes=\"(max-width: 600px) 100vw, 600px\" data-recalc-dims=\"1\" \/><figcaption>Look do Dia :: Cl\u00e1ssico e contempor\u00e2neo<\/figcaption><\/figure><\/div>\n\n\n\n<p>Foto: Agrund.com <\/p>\n","protected":false},"excerpt":{"rendered":"<p>Para a abordagem de hoje o casaco com costuras geom\u00e9tricas deixa o look cl\u00e1ssico mais contempor\u00e2neo. Styling de Fabio Paiva e Murilo Mahler. Camisa Ricardo Almeida Casaco Ellus Cal\u00e7a Alexandre Herchcovitch Cinto e Sapatos Gucci Foto: Agrund.com<\/p>\n","protected":false},"author":8,"featured_media":200304,"comment_status":"open","ping_status":"open","sticky":false,"template":"","format":"standard","meta":{"jetpack_post_was_ever_published":false,"_jetpack_newsletter_access":"","jetpack_publicize_message":"","jetpack_is_tweetstorm":false,"jetpack_publicize_feature_enabled":true,"jetpack_social_post_already_shared":true,"jetpack_social_options":{"image_generator_settings":{"template":"highway","enabled":false}}},"categories":[346,7,6,2],"tags":[395,375,347,72,379,438,524,382,67,148],"jetpack_publicize_connections":[],"jetpack_featured_media_url":"https:\/\/i0.wp.com\/agrund.com\/wp-content\/uploads\/sites\/6\/2019\/07\/s-98.jpg?fit=960%2C300&ssl=1","jetpack_sharing_enabled":true,"jetpack_shortlink":"https:\/\/wp.me\/p3Hz0n-Q6F","jetpack_likes_enabled":true,"_links":{"self":[{"href":"https:\/\/agrund.com\/index.php\/wp-json\/wp\/v2\/posts\/200301"}],"collection":[{"href":"https:\/\/agrund.com\/index.php\/wp-json\/wp\/v2\/posts"}],"about":[{"href":"https:\/\/agrund.com\/index.php\/wp-json\/wp\/v2\/types\/post"}],"author":[{"embeddable":true,"href":"https:\/\/agrund.com\/index.php\/wp-json\/wp\/v2\/users\/8"}],"replies":[{"embeddable":true,"href":"https:\/\/agrund.com\/index.php\/wp-json\/wp\/v2\/comments?post=200301"}],"version-history":[{"count":1,"href":"https:\/\/agrund.com\/index.php\/wp-json\/wp\/v2\/posts\/200301\/revisions"}],"predecessor-version":[{"id":200305,"href":"https:\/\/agrund.com\/index.php\/wp-json\/wp\/v2\/posts\/200301\/revisions\/200305"}],"wp:featuredmedia":[{"embeddable":true,"href":"https:\/\/agrund.com\/index.php\/wp-json\/wp\/v2\/media\/200304"}],"wp:attachment":[{"href":"https:\/\/agrund.com\/index.php\/wp-json\/wp\/v2\/media?parent=200301"}],"wp:term":[{"taxonomy":"category","embeddable":true,"href":"https:\/\/agrund.com\/index.php\/wp-json\/wp\/v2\/categories?post=200301"},{"taxonomy":"post_tag","embeddable":true,"href":"https:\/\/agrund.com\/index.php\/wp-json\/wp\/v2\/tags?post=200301"}],"curies":[{"name":"wp","href":"https:\/\/api.w.org\/{rel}","templated":true}]}}