{"id":200296,"date":"2019-07-29T17:00:14","date_gmt":"2019-07-29T20:00:14","guid":{"rendered":"http:\/\/www.agrund.com\/?p=200296"},"modified":"2019-07-29T18:32:58","modified_gmt":"2019-07-29T21:32:58","slug":"eva-longoria-veste-look-de-estilista-brasileiro","status":"publish","type":"post","link":"https:\/\/agrund.com\/index.php\/eva-longoria-veste-look-de-estilista-brasileiro\/","title":{"rendered":"Eva Longoria veste look de estilista brasileiro"},"content":{"rendered":"\n<p>Ontem (28), aconteceu a premi\u00e8re do filme &#8216;Dora e a Cidade Perdida&#8217; em Los Angeles e a atriz Eva Longoria, que faz parte do elenco principal, marcou presen\u00e7a no red carpet.\u00a0<\/p>\n\n\n\n<p>Com sua beleza estonteante, a atriz j\u00e1 chama aten\u00e7\u00e3o por onde ela passa e o look que ela usou teve um destaque especial para n\u00f3s, brasileiros. Isso porque o vestido tomara-que-caia amarelo de comprimento midi foi criado por Vitor Zerbinato.\u00a0<\/p>\n\n\n\n<p>Esta \u00e9 a terceira vez que Eva veste um look do estilista brasileiro. O que voc\u00ea achou?<\/p>\n\n\n\n<div class=\"wp-block-image\"><figure class=\"aligncenter\"><img data-attachment-id=\"200297\" data-permalink=\"https:\/\/agrund.com\/index.php\/eva-longoria-veste-look-de-estilista-brasileiro\/agrund-eva-longoria-vitor-zerbinato-2\/\" data-orig-file=\"https:\/\/i0.wp.com\/agrund.com\/wp-content\/uploads\/sites\/6\/2019\/07\/agrund-eva-longoria-vitor-zerbinato-2.jpg?fit=550%2C825&amp;ssl=1\" data-orig-size=\"550,825\" data-comments-opened=\"1\" data-image-meta=\"{&quot;aperture&quot;:&quot;0&quot;,&quot;credit&quot;:&quot;&quot;,&quot;camera&quot;:&quot;&quot;,&quot;caption&quot;:&quot;&quot;,&quot;created_timestamp&quot;:&quot;0&quot;,&quot;copyright&quot;:&quot;&quot;,&quot;focal_length&quot;:&quot;0&quot;,&quot;iso&quot;:&quot;0&quot;,&quot;shutter_speed&quot;:&quot;0&quot;,&quot;title&quot;:&quot;&quot;,&quot;orientation&quot;:&quot;1&quot;}\" data-image-title=\"agrund-eva-longoria-vitor-zerbinato-2\" data-image-description=\"\" data-image-caption=\"\" data-medium-file=\"https:\/\/i0.wp.com\/agrund.com\/wp-content\/uploads\/sites\/6\/2019\/07\/agrund-eva-longoria-vitor-zerbinato-2.jpg?fit=200%2C300&amp;ssl=1\" data-large-file=\"https:\/\/i0.wp.com\/agrund.com\/wp-content\/uploads\/sites\/6\/2019\/07\/agrund-eva-longoria-vitor-zerbinato-2.jpg?fit=550%2C825&amp;ssl=1\" decoding=\"async\" loading=\"lazy\" width=\"550\" height=\"825\" src=\"https:\/\/i0.wp.com\/www.agrund.com\/wp-content\/uploads\/sites\/6\/2019\/07\/agrund-eva-longoria-vitor-zerbinato-2.jpg?resize=550%2C825&#038;ssl=1\" alt=\"\" class=\"wp-image-200297\" srcset=\"https:\/\/i0.wp.com\/agrund.com\/wp-content\/uploads\/sites\/6\/2019\/07\/agrund-eva-longoria-vitor-zerbinato-2.jpg?w=550&amp;ssl=1 550w, https:\/\/i0.wp.com\/agrund.com\/wp-content\/uploads\/sites\/6\/2019\/07\/agrund-eva-longoria-vitor-zerbinato-2.jpg?resize=200%2C300&amp;ssl=1 200w\" sizes=\"(max-width: 550px) 100vw, 550px\" data-recalc-dims=\"1\" \/><figcaption>Eva Longoria veste look de estilista brasileiro <\/figcaption><\/figure><\/div>\n\n\n\n<div class=\"wp-block-image\"><figure class=\"aligncenter\"><img data-attachment-id=\"200298\" data-permalink=\"https:\/\/agrund.com\/index.php\/eva-longoria-veste-look-de-estilista-brasileiro\/agrund-eva-longoria-vitor-zerbinato\/\" data-orig-file=\"https:\/\/i0.wp.com\/agrund.com\/wp-content\/uploads\/sites\/6\/2019\/07\/agrund-eva-longoria-vitor-zerbinato.png?fit=550%2C563&amp;ssl=1\" data-orig-size=\"550,563\" data-comments-opened=\"1\" data-image-meta=\"{&quot;aperture&quot;:&quot;0&quot;,&quot;credit&quot;:&quot;&quot;,&quot;camera&quot;:&quot;&quot;,&quot;caption&quot;:&quot;&quot;,&quot;created_timestamp&quot;:&quot;0&quot;,&quot;copyright&quot;:&quot;&quot;,&quot;focal_length&quot;:&quot;0&quot;,&quot;iso&quot;:&quot;0&quot;,&quot;shutter_speed&quot;:&quot;0&quot;,&quot;title&quot;:&quot;&quot;,&quot;orientation&quot;:&quot;0&quot;}\" data-image-title=\"agrund-eva-longoria-vitor-zerbinato\" data-image-description=\"\" data-image-caption=\"\" data-medium-file=\"https:\/\/i0.wp.com\/agrund.com\/wp-content\/uploads\/sites\/6\/2019\/07\/agrund-eva-longoria-vitor-zerbinato.png?fit=293%2C300&amp;ssl=1\" data-large-file=\"https:\/\/i0.wp.com\/agrund.com\/wp-content\/uploads\/sites\/6\/2019\/07\/agrund-eva-longoria-vitor-zerbinato.png?fit=550%2C563&amp;ssl=1\" decoding=\"async\" loading=\"lazy\" width=\"550\" height=\"563\" src=\"https:\/\/i0.wp.com\/www.agrund.com\/wp-content\/uploads\/sites\/6\/2019\/07\/agrund-eva-longoria-vitor-zerbinato.png?resize=550%2C563&#038;ssl=1\" alt=\"\" class=\"wp-image-200298\" srcset=\"https:\/\/i0.wp.com\/agrund.com\/wp-content\/uploads\/sites\/6\/2019\/07\/agrund-eva-longoria-vitor-zerbinato.png?w=550&amp;ssl=1 550w, https:\/\/i0.wp.com\/agrund.com\/wp-content\/uploads\/sites\/6\/2019\/07\/agrund-eva-longoria-vitor-zerbinato.png?resize=293%2C300&amp;ssl=1 293w\" sizes=\"(max-width: 550px) 100vw, 550px\" data-recalc-dims=\"1\" \/><figcaption>Eva Longoria veste look de estilista brasileiro <\/figcaption><\/figure><\/div>\n\n\n\n<p>Fotos: Divulga\u00e7\u00e3o. <\/p>\n","protected":false},"excerpt":{"rendered":"<p>Ontem (28), aconteceu a premi\u00e8re do filme &#8216;Dora e a Cidade Perdida&#8217; em Los Angeles e a atriz Eva Longoria, que faz parte do elenco principal, marcou presen\u00e7a no red carpet.\u00a0 Com sua beleza estonteante, a atriz j\u00e1 chama aten\u00e7\u00e3o por onde ela passa e o look que ela usou teve um destaque especial para [&hellip;]<\/p>\n","protected":false},"author":8,"featured_media":200299,"comment_status":"open","ping_status":"open","sticky":false,"template":"","format":"standard","meta":{"jetpack_post_was_ever_published":false,"_jetpack_newsletter_access":"","jetpack_publicize_message":"","jetpack_is_tweetstorm":false,"jetpack_publicize_feature_enabled":true,"jetpack_social_post_already_shared":true,"jetpack_social_options":{"image_generator_settings":{"template":"highway","enabled":false}}},"categories":[2],"tags":[395,375,563,347,72,438,377,67,386,564,286],"jetpack_publicize_connections":[],"jetpack_featured_media_url":"https:\/\/i0.wp.com\/agrund.com\/wp-content\/uploads\/sites\/6\/2019\/07\/s-97.jpg?fit=960%2C300&ssl=1","jetpack_sharing_enabled":true,"jetpack_shortlink":"https:\/\/wp.me\/p3Hz0n-Q6A","jetpack_likes_enabled":true,"_links":{"self":[{"href":"https:\/\/agrund.com\/index.php\/wp-json\/wp\/v2\/posts\/200296"}],"collection":[{"href":"https:\/\/agrund.com\/index.php\/wp-json\/wp\/v2\/posts"}],"about":[{"href":"https:\/\/agrund.com\/index.php\/wp-json\/wp\/v2\/types\/post"}],"author":[{"embeddable":true,"href":"https:\/\/agrund.com\/index.php\/wp-json\/wp\/v2\/users\/8"}],"replies":[{"embeddable":true,"href":"https:\/\/agrund.com\/index.php\/wp-json\/wp\/v2\/comments?post=200296"}],"version-history":[{"count":1,"href":"https:\/\/agrund.com\/index.php\/wp-json\/wp\/v2\/posts\/200296\/revisions"}],"predecessor-version":[{"id":200300,"href":"https:\/\/agrund.com\/index.php\/wp-json\/wp\/v2\/posts\/200296\/revisions\/200300"}],"wp:featuredmedia":[{"embeddable":true,"href":"https:\/\/agrund.com\/index.php\/wp-json\/wp\/v2\/media\/200299"}],"wp:attachment":[{"href":"https:\/\/agrund.com\/index.php\/wp-json\/wp\/v2\/media?parent=200296"}],"wp:term":[{"taxonomy":"category","embeddable":true,"href":"https:\/\/agrund.com\/index.php\/wp-json\/wp\/v2\/categories?post=200296"},{"taxonomy":"post_tag","embeddable":true,"href":"https:\/\/agrund.com\/index.php\/wp-json\/wp\/v2\/tags?post=200296"}],"curies":[{"name":"wp","href":"https:\/\/api.w.org\/{rel}","templated":true}]}}