{"id":200281,"date":"2019-07-29T13:00:27","date_gmt":"2019-07-29T16:00:27","guid":{"rendered":"http:\/\/www.agrund.com\/?p=200281"},"modified":"2019-07-29T11:14:22","modified_gmt":"2019-07-29T14:14:22","slug":"meghan-markle-e-a-editora-convidada-da-vogue-uk","status":"publish","type":"post","link":"https:\/\/agrund.com\/index.php\/meghan-markle-e-a-editora-convidada-da-vogue-uk\/","title":{"rendered":"Meghan Markle \u00e9 a editora convidada da &#8216;Vogue UK&#8217;"},"content":{"rendered":"\n<p>A &#8216;Vogue&#8217; brit\u00e2nica acaba de revelar que, neste ano, sua ic\u00f4nica edi\u00e7\u00e3o de setembro foi concebida com a ajuda de Meghan Markle.\u00a0<\/p>\n\n\n\n<p>Edward Enninful, editor-chefe da revista, convidou a Duquesa de Sussex para trabalhar ao seu lado como editora do m\u00eas. Juntos, eles fizeram a curadoria de todo o conte\u00fado da edi\u00e7\u00e3o que celebra as mulheres e foi nomeada &#8220;Forces for Change&#8221; (&#8220;For\u00e7as da Mudan\u00e7a&#8221;, em portugu\u00eas).\u00a0<\/p>\n\n\n\n<p>Na capa vemos 15 mulheres importantes representando as mais diversas \u00e1reas. S\u00e3o elas Adwoa Aboah,\u00a0Adut Akech, Ramla Ali,\u00a0Jacinda Ardern,\u00a0Sin\u00e9ad Burke,\u00a0Gemma Chan,\u00a0Laverne Cox,\u00a0Jane Fonda,\u00a0Salma Hayek,\u00a0Francesca Hayward,\u00a0Jameela Jamil,\u00a0Chimamanda Ngozi Adichie,\u00a0Yara Shahidi,\u00a0Greta Thunberg e\u00a0Christy Turlington Burns.\u00a0H\u00e1 tamb\u00e9m um d\u00e9cimo sexto espa\u00e7o da capa, com efeito de espelho, para que o leitor se vejo representado na edi\u00e7\u00e3o. Super bacana, n\u00e3o \u00e9 mesmo?<br><\/p>\n\n\n\n<p>\u201cEu espero que voc\u00ea sinta a for\u00e7a do coletivo na sele\u00e7\u00e3o diversificada de mulheres escolhidas para a capa, bem como na equipe de suporte que convoquei para fazer isso acontecer. Espero que os leitores se sintam t\u00e3o inspirados quanto eu.\u201d, declarou Meghan.\u00a0 \u2063<\/p>\n\n\n\n<p>Em um comunicado oficial no Instagram de Harry e Meghan, eles declararam que a Duquesa trabalhou nesse projeto pelos \u00faltimos sete meses. Uau!&nbsp;<\/p>\n\n\n\n<div class=\"wp-block-image\"><figure class=\"aligncenter\"><img data-attachment-id=\"200282\" data-permalink=\"https:\/\/agrund.com\/index.php\/meghan-markle-e-a-editora-convidada-da-vogue-uk\/agrund-meghan-markle-vogue-uk-2\/\" data-orig-file=\"https:\/\/i0.wp.com\/agrund.com\/wp-content\/uploads\/sites\/6\/2019\/07\/agrund-meghan-markle-vogue-uk-2.jpg?fit=600%2C389&amp;ssl=1\" data-orig-size=\"600,389\" data-comments-opened=\"1\" data-image-meta=\"{&quot;aperture&quot;:&quot;0&quot;,&quot;credit&quot;:&quot;&quot;,&quot;camera&quot;:&quot;&quot;,&quot;caption&quot;:&quot;&quot;,&quot;created_timestamp&quot;:&quot;0&quot;,&quot;copyright&quot;:&quot;&quot;,&quot;focal_length&quot;:&quot;0&quot;,&quot;iso&quot;:&quot;0&quot;,&quot;shutter_speed&quot;:&quot;0&quot;,&quot;title&quot;:&quot;&quot;,&quot;orientation&quot;:&quot;1&quot;}\" data-image-title=\"agrund-meghan-markle-vogue-uk-2\" data-image-description=\"\" data-image-caption=\"\" data-medium-file=\"https:\/\/i0.wp.com\/agrund.com\/wp-content\/uploads\/sites\/6\/2019\/07\/agrund-meghan-markle-vogue-uk-2.jpg?fit=300%2C195&amp;ssl=1\" data-large-file=\"https:\/\/i0.wp.com\/agrund.com\/wp-content\/uploads\/sites\/6\/2019\/07\/agrund-meghan-markle-vogue-uk-2.jpg?fit=600%2C389&amp;ssl=1\" decoding=\"async\" loading=\"lazy\" width=\"600\" height=\"389\" src=\"https:\/\/i0.wp.com\/www.agrund.com\/wp-content\/uploads\/sites\/6\/2019\/07\/agrund-meghan-markle-vogue-uk-2.jpg?resize=600%2C389&#038;ssl=1\" alt=\"\" class=\"wp-image-200282\" srcset=\"https:\/\/i0.wp.com\/agrund.com\/wp-content\/uploads\/sites\/6\/2019\/07\/agrund-meghan-markle-vogue-uk-2.jpg?w=600&amp;ssl=1 600w, https:\/\/i0.wp.com\/agrund.com\/wp-content\/uploads\/sites\/6\/2019\/07\/agrund-meghan-markle-vogue-uk-2.jpg?resize=300%2C195&amp;ssl=1 300w\" sizes=\"(max-width: 600px) 100vw, 600px\" data-recalc-dims=\"1\" \/><figcaption>Meghan Markle \u00e9 a editora convidada da &#8216;Vogue UK&#8217; <\/figcaption><\/figure><\/div>\n\n\n\n<div class=\"wp-block-image\"><figure class=\"aligncenter\"><img data-attachment-id=\"200283\" data-permalink=\"https:\/\/agrund.com\/index.php\/meghan-markle-e-a-editora-convidada-da-vogue-uk\/agrund-meghan-markle-vogue-uk\/\" data-orig-file=\"https:\/\/i0.wp.com\/agrund.com\/wp-content\/uploads\/sites\/6\/2019\/07\/agrund-meghan-markle-vogue-uk.jpg?fit=600%2C750&amp;ssl=1\" data-orig-size=\"600,750\" data-comments-opened=\"1\" data-image-meta=\"{&quot;aperture&quot;:&quot;0&quot;,&quot;credit&quot;:&quot;&quot;,&quot;camera&quot;:&quot;&quot;,&quot;caption&quot;:&quot;&quot;,&quot;created_timestamp&quot;:&quot;0&quot;,&quot;copyright&quot;:&quot;&quot;,&quot;focal_length&quot;:&quot;0&quot;,&quot;iso&quot;:&quot;0&quot;,&quot;shutter_speed&quot;:&quot;0&quot;,&quot;title&quot;:&quot;&quot;,&quot;orientation&quot;:&quot;1&quot;}\" data-image-title=\"agrund-meghan-markle-vogue-uk\" data-image-description=\"\" data-image-caption=\"\" data-medium-file=\"https:\/\/i0.wp.com\/agrund.com\/wp-content\/uploads\/sites\/6\/2019\/07\/agrund-meghan-markle-vogue-uk.jpg?fit=240%2C300&amp;ssl=1\" data-large-file=\"https:\/\/i0.wp.com\/agrund.com\/wp-content\/uploads\/sites\/6\/2019\/07\/agrund-meghan-markle-vogue-uk.jpg?fit=600%2C750&amp;ssl=1\" decoding=\"async\" loading=\"lazy\" width=\"600\" height=\"750\" src=\"https:\/\/i0.wp.com\/www.agrund.com\/wp-content\/uploads\/sites\/6\/2019\/07\/agrund-meghan-markle-vogue-uk.jpg?resize=600%2C750&#038;ssl=1\" alt=\"\" class=\"wp-image-200283\" srcset=\"https:\/\/i0.wp.com\/agrund.com\/wp-content\/uploads\/sites\/6\/2019\/07\/agrund-meghan-markle-vogue-uk.jpg?w=600&amp;ssl=1 600w, https:\/\/i0.wp.com\/agrund.com\/wp-content\/uploads\/sites\/6\/2019\/07\/agrund-meghan-markle-vogue-uk.jpg?resize=240%2C300&amp;ssl=1 240w\" sizes=\"(max-width: 600px) 100vw, 600px\" data-recalc-dims=\"1\" \/><figcaption>Meghan Markle \u00e9 a editora convidada da &#8216;Vogue UK&#8217; <\/figcaption><\/figure><\/div>\n\n\n\n<p>Fotos: Reprodu\u00e7\u00e3o\/ Vogue UK. <\/p>\n","protected":false},"excerpt":{"rendered":"<p>A &#8216;Vogue&#8217; brit\u00e2nica acaba de revelar que, neste ano, sua ic\u00f4nica edi\u00e7\u00e3o de setembro foi concebida com a ajuda de Meghan Markle.\u00a0 Edward Enninful, editor-chefe da revista, convidou a Duquesa de Sussex para trabalhar ao seu lado como editora do m\u00eas. Juntos, eles fizeram a curadoria de todo o conte\u00fado da edi\u00e7\u00e3o que celebra as [&hellip;]<\/p>\n","protected":false},"author":8,"featured_media":200284,"comment_status":"open","ping_status":"open","sticky":false,"template":"","format":"standard","meta":{"jetpack_post_was_ever_published":false,"_jetpack_newsletter_access":"","jetpack_publicize_message":"","jetpack_is_tweetstorm":false,"jetpack_publicize_feature_enabled":true,"jetpack_social_post_already_shared":true,"jetpack_social_options":{"image_generator_settings":{"template":"highway","enabled":false}}},"categories":[2],"tags":[395,375,347,493,428,67,495,408,562],"jetpack_publicize_connections":[],"jetpack_featured_media_url":"https:\/\/i0.wp.com\/agrund.com\/wp-content\/uploads\/sites\/6\/2019\/07\/s-96.jpg?fit=960%2C300&ssl=1","jetpack_sharing_enabled":true,"jetpack_shortlink":"https:\/\/wp.me\/p3Hz0n-Q6l","jetpack_likes_enabled":true,"_links":{"self":[{"href":"https:\/\/agrund.com\/index.php\/wp-json\/wp\/v2\/posts\/200281"}],"collection":[{"href":"https:\/\/agrund.com\/index.php\/wp-json\/wp\/v2\/posts"}],"about":[{"href":"https:\/\/agrund.com\/index.php\/wp-json\/wp\/v2\/types\/post"}],"author":[{"embeddable":true,"href":"https:\/\/agrund.com\/index.php\/wp-json\/wp\/v2\/users\/8"}],"replies":[{"embeddable":true,"href":"https:\/\/agrund.com\/index.php\/wp-json\/wp\/v2\/comments?post=200281"}],"version-history":[{"count":1,"href":"https:\/\/agrund.com\/index.php\/wp-json\/wp\/v2\/posts\/200281\/revisions"}],"predecessor-version":[{"id":200285,"href":"https:\/\/agrund.com\/index.php\/wp-json\/wp\/v2\/posts\/200281\/revisions\/200285"}],"wp:featuredmedia":[{"embeddable":true,"href":"https:\/\/agrund.com\/index.php\/wp-json\/wp\/v2\/media\/200284"}],"wp:attachment":[{"href":"https:\/\/agrund.com\/index.php\/wp-json\/wp\/v2\/media?parent=200281"}],"wp:term":[{"taxonomy":"category","embeddable":true,"href":"https:\/\/agrund.com\/index.php\/wp-json\/wp\/v2\/categories?post=200281"},{"taxonomy":"post_tag","embeddable":true,"href":"https:\/\/agrund.com\/index.php\/wp-json\/wp\/v2\/tags?post=200281"}],"curies":[{"name":"wp","href":"https:\/\/api.w.org\/{rel}","templated":true}]}}