{"id":200264,"date":"2019-07-29T11:00:17","date_gmt":"2019-07-29T14:00:17","guid":{"rendered":"http:\/\/www.agrund.com\/?p=200264"},"modified":"2019-07-29T10:27:03","modified_gmt":"2019-07-29T13:27:03","slug":"alessandra-ambrosio-e-capa-da-grazia-italia","status":"publish","type":"post","link":"https:\/\/agrund.com\/index.php\/alessandra-ambrosio-e-capa-da-grazia-italia\/","title":{"rendered":"Alessandra Ambrosio \u00e9 capa da &#8216;Grazia\u2019 It\u00e1lia"},"content":{"rendered":"\n<p>A &#8216;Grazia&#8217; It\u00e1lia acaba de divulgar a capa de sua mais nova edi\u00e7\u00e3o, estrelada por Alessandra Ambrosio.<\/p>\n\n\n\n<p>Fotografada por Eric Guillemain, a brasileira vestiu looks de alfaiataria super elegantes, desde conjuntos de ternos oversized a camisas e saia l\u00e1pis de marcas como Max Mara, Chanel, Chopard e Fendi.<\/p>\n\n\n\n<p>Adoramos o resultado, j\u00e1 que a revista escolheu uma proposta diferente do que estamos acostumados a ver, pois n\u00e3o explorou o lado a sexy de Alessandra. Confira:\u00a0<br><\/p>\n\n\n\n<div class=\"wp-block-image\"><figure class=\"aligncenter\"><img data-attachment-id=\"200265\" data-permalink=\"https:\/\/agrund.com\/index.php\/alessandra-ambrosio-e-capa-da-grazia-italia\/alessandra-ambrosio-grazia-italy-agrund\/\" data-orig-file=\"https:\/\/i0.wp.com\/agrund.com\/wp-content\/uploads\/sites\/6\/2019\/07\/Alessandra-Ambrosio-Grazia-Italy-agrund.jpg?fit=600%2C750&amp;ssl=1\" data-orig-size=\"600,750\" data-comments-opened=\"1\" data-image-meta=\"{&quot;aperture&quot;:&quot;0&quot;,&quot;credit&quot;:&quot;&quot;,&quot;camera&quot;:&quot;&quot;,&quot;caption&quot;:&quot;&quot;,&quot;created_timestamp&quot;:&quot;0&quot;,&quot;copyright&quot;:&quot;&quot;,&quot;focal_length&quot;:&quot;0&quot;,&quot;iso&quot;:&quot;0&quot;,&quot;shutter_speed&quot;:&quot;0&quot;,&quot;title&quot;:&quot;&quot;,&quot;orientation&quot;:&quot;1&quot;}\" data-image-title=\"Alessandra-Ambrosio-Grazia-Italy-agrund\" data-image-description=\"\" data-image-caption=\"\" data-medium-file=\"https:\/\/i0.wp.com\/agrund.com\/wp-content\/uploads\/sites\/6\/2019\/07\/Alessandra-Ambrosio-Grazia-Italy-agrund.jpg?fit=240%2C300&amp;ssl=1\" data-large-file=\"https:\/\/i0.wp.com\/agrund.com\/wp-content\/uploads\/sites\/6\/2019\/07\/Alessandra-Ambrosio-Grazia-Italy-agrund.jpg?fit=600%2C750&amp;ssl=1\" decoding=\"async\" loading=\"lazy\" width=\"600\" height=\"750\" src=\"https:\/\/i0.wp.com\/www.agrund.com\/wp-content\/uploads\/sites\/6\/2019\/07\/Alessandra-Ambrosio-Grazia-Italy-agrund.jpg?resize=600%2C750&#038;ssl=1\" alt=\"\" class=\"wp-image-200265\" srcset=\"https:\/\/i0.wp.com\/agrund.com\/wp-content\/uploads\/sites\/6\/2019\/07\/Alessandra-Ambrosio-Grazia-Italy-agrund.jpg?w=600&amp;ssl=1 600w, https:\/\/i0.wp.com\/agrund.com\/wp-content\/uploads\/sites\/6\/2019\/07\/Alessandra-Ambrosio-Grazia-Italy-agrund.jpg?resize=240%2C300&amp;ssl=1 240w\" sizes=\"(max-width: 600px) 100vw, 600px\" data-recalc-dims=\"1\" \/><figcaption>Alessandra Ambrosio \u00e9 capa da &#8216;Grazia\u2019 It\u00e1lia <\/figcaption><\/figure><\/div>\n\n\n\n<div class=\"wp-block-image\"><figure class=\"aligncenter\"><img data-attachment-id=\"200266\" data-permalink=\"https:\/\/agrund.com\/index.php\/alessandra-ambrosio-e-capa-da-grazia-italia\/alessandra-ambrosio-grazia-italy-agrund-2\/\" data-orig-file=\"https:\/\/i0.wp.com\/agrund.com\/wp-content\/uploads\/sites\/6\/2019\/07\/Alessandra-Ambrosio-Grazia-Italy-agrund-2.jpg?fit=600%2C770&amp;ssl=1\" data-orig-size=\"600,770\" data-comments-opened=\"1\" data-image-meta=\"{&quot;aperture&quot;:&quot;0&quot;,&quot;credit&quot;:&quot;&quot;,&quot;camera&quot;:&quot;&quot;,&quot;caption&quot;:&quot;&quot;,&quot;created_timestamp&quot;:&quot;0&quot;,&quot;copyright&quot;:&quot;&quot;,&quot;focal_length&quot;:&quot;0&quot;,&quot;iso&quot;:&quot;0&quot;,&quot;shutter_speed&quot;:&quot;0&quot;,&quot;title&quot;:&quot;&quot;,&quot;orientation&quot;:&quot;1&quot;}\" data-image-title=\"Alessandra-Ambrosio-Grazia-Italy-agrund-2\" data-image-description=\"\" data-image-caption=\"\" data-medium-file=\"https:\/\/i0.wp.com\/agrund.com\/wp-content\/uploads\/sites\/6\/2019\/07\/Alessandra-Ambrosio-Grazia-Italy-agrund-2.jpg?fit=234%2C300&amp;ssl=1\" data-large-file=\"https:\/\/i0.wp.com\/agrund.com\/wp-content\/uploads\/sites\/6\/2019\/07\/Alessandra-Ambrosio-Grazia-Italy-agrund-2.jpg?fit=600%2C770&amp;ssl=1\" decoding=\"async\" loading=\"lazy\" width=\"600\" height=\"770\" src=\"https:\/\/i0.wp.com\/www.agrund.com\/wp-content\/uploads\/sites\/6\/2019\/07\/Alessandra-Ambrosio-Grazia-Italy-agrund-2.jpg?resize=600%2C770&#038;ssl=1\" alt=\"\" class=\"wp-image-200266\" srcset=\"https:\/\/i0.wp.com\/agrund.com\/wp-content\/uploads\/sites\/6\/2019\/07\/Alessandra-Ambrosio-Grazia-Italy-agrund-2.jpg?w=600&amp;ssl=1 600w, https:\/\/i0.wp.com\/agrund.com\/wp-content\/uploads\/sites\/6\/2019\/07\/Alessandra-Ambrosio-Grazia-Italy-agrund-2.jpg?resize=234%2C300&amp;ssl=1 234w\" sizes=\"(max-width: 600px) 100vw, 600px\" data-recalc-dims=\"1\" \/><figcaption>Alessandra Ambrosio \u00e9 capa da &#8216;Grazia\u2019 It\u00e1lia <\/figcaption><\/figure><\/div>\n\n\n\n<div class=\"wp-block-image\"><figure class=\"aligncenter\"><img data-attachment-id=\"200267\" data-permalink=\"https:\/\/agrund.com\/index.php\/alessandra-ambrosio-e-capa-da-grazia-italia\/alessandra-ambrosio-grazia-italy-agrund-3\/\" data-orig-file=\"https:\/\/i0.wp.com\/agrund.com\/wp-content\/uploads\/sites\/6\/2019\/07\/Alessandra-Ambrosio-Grazia-Italy-agrund-3.jpg?fit=600%2C384&amp;ssl=1\" data-orig-size=\"600,384\" data-comments-opened=\"1\" data-image-meta=\"{&quot;aperture&quot;:&quot;0&quot;,&quot;credit&quot;:&quot;&quot;,&quot;camera&quot;:&quot;&quot;,&quot;caption&quot;:&quot;&quot;,&quot;created_timestamp&quot;:&quot;0&quot;,&quot;copyright&quot;:&quot;&quot;,&quot;focal_length&quot;:&quot;0&quot;,&quot;iso&quot;:&quot;0&quot;,&quot;shutter_speed&quot;:&quot;0&quot;,&quot;title&quot;:&quot;&quot;,&quot;orientation&quot;:&quot;1&quot;}\" data-image-title=\"Alessandra-Ambrosio-Grazia-Italy-agrund-3\" data-image-description=\"\" data-image-caption=\"\" data-medium-file=\"https:\/\/i0.wp.com\/agrund.com\/wp-content\/uploads\/sites\/6\/2019\/07\/Alessandra-Ambrosio-Grazia-Italy-agrund-3.jpg?fit=300%2C192&amp;ssl=1\" data-large-file=\"https:\/\/i0.wp.com\/agrund.com\/wp-content\/uploads\/sites\/6\/2019\/07\/Alessandra-Ambrosio-Grazia-Italy-agrund-3.jpg?fit=600%2C384&amp;ssl=1\" decoding=\"async\" loading=\"lazy\" width=\"600\" height=\"384\" src=\"https:\/\/i0.wp.com\/www.agrund.com\/wp-content\/uploads\/sites\/6\/2019\/07\/Alessandra-Ambrosio-Grazia-Italy-agrund-3.jpg?resize=600%2C384&#038;ssl=1\" alt=\"\" class=\"wp-image-200267\" srcset=\"https:\/\/i0.wp.com\/agrund.com\/wp-content\/uploads\/sites\/6\/2019\/07\/Alessandra-Ambrosio-Grazia-Italy-agrund-3.jpg?w=600&amp;ssl=1 600w, https:\/\/i0.wp.com\/agrund.com\/wp-content\/uploads\/sites\/6\/2019\/07\/Alessandra-Ambrosio-Grazia-Italy-agrund-3.jpg?resize=300%2C192&amp;ssl=1 300w\" sizes=\"(max-width: 600px) 100vw, 600px\" data-recalc-dims=\"1\" \/><figcaption>Alessandra Ambrosio \u00e9 capa da &#8216;Grazia\u2019 It\u00e1lia <\/figcaption><\/figure><\/div>\n\n\n\n<div class=\"wp-block-image\"><figure class=\"aligncenter\"><img data-attachment-id=\"200268\" data-permalink=\"https:\/\/agrund.com\/index.php\/alessandra-ambrosio-e-capa-da-grazia-italia\/alessandra-ambrosio-grazia-italy-agrund-4\/\" data-orig-file=\"https:\/\/i0.wp.com\/agrund.com\/wp-content\/uploads\/sites\/6\/2019\/07\/Alessandra-Ambrosio-Grazia-Italy-agrund-4.jpg?fit=600%2C770&amp;ssl=1\" data-orig-size=\"600,770\" data-comments-opened=\"1\" data-image-meta=\"{&quot;aperture&quot;:&quot;0&quot;,&quot;credit&quot;:&quot;&quot;,&quot;camera&quot;:&quot;&quot;,&quot;caption&quot;:&quot;&quot;,&quot;created_timestamp&quot;:&quot;0&quot;,&quot;copyright&quot;:&quot;&quot;,&quot;focal_length&quot;:&quot;0&quot;,&quot;iso&quot;:&quot;0&quot;,&quot;shutter_speed&quot;:&quot;0&quot;,&quot;title&quot;:&quot;&quot;,&quot;orientation&quot;:&quot;1&quot;}\" data-image-title=\"Alessandra-Ambrosio-Grazia-Italy-agrund-4\" data-image-description=\"\" data-image-caption=\"\" data-medium-file=\"https:\/\/i0.wp.com\/agrund.com\/wp-content\/uploads\/sites\/6\/2019\/07\/Alessandra-Ambrosio-Grazia-Italy-agrund-4.jpg?fit=234%2C300&amp;ssl=1\" data-large-file=\"https:\/\/i0.wp.com\/agrund.com\/wp-content\/uploads\/sites\/6\/2019\/07\/Alessandra-Ambrosio-Grazia-Italy-agrund-4.jpg?fit=600%2C770&amp;ssl=1\" decoding=\"async\" loading=\"lazy\" width=\"600\" height=\"770\" src=\"https:\/\/i0.wp.com\/www.agrund.com\/wp-content\/uploads\/sites\/6\/2019\/07\/Alessandra-Ambrosio-Grazia-Italy-agrund-4.jpg?resize=600%2C770&#038;ssl=1\" alt=\"\" class=\"wp-image-200268\" srcset=\"https:\/\/i0.wp.com\/agrund.com\/wp-content\/uploads\/sites\/6\/2019\/07\/Alessandra-Ambrosio-Grazia-Italy-agrund-4.jpg?w=600&amp;ssl=1 600w, https:\/\/i0.wp.com\/agrund.com\/wp-content\/uploads\/sites\/6\/2019\/07\/Alessandra-Ambrosio-Grazia-Italy-agrund-4.jpg?resize=234%2C300&amp;ssl=1 234w\" sizes=\"(max-width: 600px) 100vw, 600px\" data-recalc-dims=\"1\" \/><figcaption>Alessandra Ambrosio \u00e9 capa da &#8216;Grazia\u2019 It\u00e1lia <\/figcaption><\/figure><\/div>\n\n\n\n<div class=\"wp-block-image\"><figure class=\"aligncenter\"><img data-attachment-id=\"200269\" data-permalink=\"https:\/\/agrund.com\/index.php\/alessandra-ambrosio-e-capa-da-grazia-italia\/alessandra-ambrosio-grazia-italy-agrund-5\/\" data-orig-file=\"https:\/\/i0.wp.com\/agrund.com\/wp-content\/uploads\/sites\/6\/2019\/07\/Alessandra-Ambrosio-Grazia-Italy-agrund-5.jpg?fit=600%2C770&amp;ssl=1\" data-orig-size=\"600,770\" data-comments-opened=\"1\" data-image-meta=\"{&quot;aperture&quot;:&quot;0&quot;,&quot;credit&quot;:&quot;&quot;,&quot;camera&quot;:&quot;&quot;,&quot;caption&quot;:&quot;&quot;,&quot;created_timestamp&quot;:&quot;0&quot;,&quot;copyright&quot;:&quot;&quot;,&quot;focal_length&quot;:&quot;0&quot;,&quot;iso&quot;:&quot;0&quot;,&quot;shutter_speed&quot;:&quot;0&quot;,&quot;title&quot;:&quot;&quot;,&quot;orientation&quot;:&quot;1&quot;}\" data-image-title=\"Alessandra-Ambrosio-Grazia-Italy-agrund-5\" data-image-description=\"\" data-image-caption=\"\" data-medium-file=\"https:\/\/i0.wp.com\/agrund.com\/wp-content\/uploads\/sites\/6\/2019\/07\/Alessandra-Ambrosio-Grazia-Italy-agrund-5.jpg?fit=234%2C300&amp;ssl=1\" data-large-file=\"https:\/\/i0.wp.com\/agrund.com\/wp-content\/uploads\/sites\/6\/2019\/07\/Alessandra-Ambrosio-Grazia-Italy-agrund-5.jpg?fit=600%2C770&amp;ssl=1\" decoding=\"async\" loading=\"lazy\" width=\"600\" height=\"770\" src=\"https:\/\/i0.wp.com\/www.agrund.com\/wp-content\/uploads\/sites\/6\/2019\/07\/Alessandra-Ambrosio-Grazia-Italy-agrund-5.jpg?resize=600%2C770&#038;ssl=1\" alt=\"\" class=\"wp-image-200269\" srcset=\"https:\/\/i0.wp.com\/agrund.com\/wp-content\/uploads\/sites\/6\/2019\/07\/Alessandra-Ambrosio-Grazia-Italy-agrund-5.jpg?w=600&amp;ssl=1 600w, https:\/\/i0.wp.com\/agrund.com\/wp-content\/uploads\/sites\/6\/2019\/07\/Alessandra-Ambrosio-Grazia-Italy-agrund-5.jpg?resize=234%2C300&amp;ssl=1 234w\" sizes=\"(max-width: 600px) 100vw, 600px\" data-recalc-dims=\"1\" \/><figcaption>Alessandra Ambrosio \u00e9 capa da &#8216;Grazia\u2019 It\u00e1lia <\/figcaption><\/figure><\/div>\n\n\n\n<div class=\"wp-block-image\"><figure class=\"aligncenter\"><img data-attachment-id=\"200270\" data-permalink=\"https:\/\/agrund.com\/index.php\/alessandra-ambrosio-e-capa-da-grazia-italia\/alessandra-ambrosio-grazia-italy-agrund-6\/\" data-orig-file=\"https:\/\/i0.wp.com\/agrund.com\/wp-content\/uploads\/sites\/6\/2019\/07\/Alessandra-Ambrosio-Grazia-Italy-agrund-6.jpg?fit=600%2C770&amp;ssl=1\" data-orig-size=\"600,770\" data-comments-opened=\"1\" data-image-meta=\"{&quot;aperture&quot;:&quot;0&quot;,&quot;credit&quot;:&quot;&quot;,&quot;camera&quot;:&quot;&quot;,&quot;caption&quot;:&quot;&quot;,&quot;created_timestamp&quot;:&quot;0&quot;,&quot;copyright&quot;:&quot;&quot;,&quot;focal_length&quot;:&quot;0&quot;,&quot;iso&quot;:&quot;0&quot;,&quot;shutter_speed&quot;:&quot;0&quot;,&quot;title&quot;:&quot;&quot;,&quot;orientation&quot;:&quot;1&quot;}\" data-image-title=\"Alessandra-Ambrosio-Grazia-Italy-agrund-6\" data-image-description=\"\" data-image-caption=\"\" data-medium-file=\"https:\/\/i0.wp.com\/agrund.com\/wp-content\/uploads\/sites\/6\/2019\/07\/Alessandra-Ambrosio-Grazia-Italy-agrund-6.jpg?fit=234%2C300&amp;ssl=1\" data-large-file=\"https:\/\/i0.wp.com\/agrund.com\/wp-content\/uploads\/sites\/6\/2019\/07\/Alessandra-Ambrosio-Grazia-Italy-agrund-6.jpg?fit=600%2C770&amp;ssl=1\" decoding=\"async\" loading=\"lazy\" width=\"600\" height=\"770\" src=\"https:\/\/i0.wp.com\/www.agrund.com\/wp-content\/uploads\/sites\/6\/2019\/07\/Alessandra-Ambrosio-Grazia-Italy-agrund-6.jpg?resize=600%2C770&#038;ssl=1\" alt=\"\" class=\"wp-image-200270\" srcset=\"https:\/\/i0.wp.com\/agrund.com\/wp-content\/uploads\/sites\/6\/2019\/07\/Alessandra-Ambrosio-Grazia-Italy-agrund-6.jpg?w=600&amp;ssl=1 600w, https:\/\/i0.wp.com\/agrund.com\/wp-content\/uploads\/sites\/6\/2019\/07\/Alessandra-Ambrosio-Grazia-Italy-agrund-6.jpg?resize=234%2C300&amp;ssl=1 234w\" sizes=\"(max-width: 600px) 100vw, 600px\" data-recalc-dims=\"1\" \/><figcaption>Alessandra Ambrosio \u00e9 capa da &#8216;Grazia\u2019 It\u00e1lia <\/figcaption><\/figure><\/div>\n\n\n\n<p><\/p>\n\n\n\n<p>Fotos: Reprodu\u00e7\u00e3o\/ Grazia. <\/p>\n","protected":false},"excerpt":{"rendered":"<p>A &#8216;Grazia&#8217; It\u00e1lia acaba de divulgar a capa de sua mais nova edi\u00e7\u00e3o, estrelada por Alessandra Ambrosio. Fotografada por Eric Guillemain, a brasileira vestiu looks de alfaiataria super elegantes, desde conjuntos de ternos oversized a camisas e saia l\u00e1pis de marcas como Max Mara, Chanel, Chopard e Fendi. Adoramos o resultado, j\u00e1 que a revista [&hellip;]<\/p>\n","protected":false},"author":8,"featured_media":200271,"comment_status":"open","ping_status":"open","sticky":false,"template":"","format":"standard","meta":{"jetpack_post_was_ever_published":false,"_jetpack_newsletter_access":"","jetpack_publicize_message":"","jetpack_is_tweetstorm":false,"jetpack_publicize_feature_enabled":true,"jetpack_social_post_already_shared":true,"jetpack_social_options":{"image_generator_settings":{"template":"highway","enabled":false}}},"categories":[8,2],"tags":[395,557,375,347,560,558,72,438,377,493,67,495,559],"jetpack_publicize_connections":[],"jetpack_featured_media_url":"https:\/\/i0.wp.com\/agrund.com\/wp-content\/uploads\/sites\/6\/2019\/07\/s-95.jpg?fit=960%2C300&ssl=1","jetpack_sharing_enabled":true,"jetpack_shortlink":"https:\/\/wp.me\/p3Hz0n-Q64","jetpack_likes_enabled":true,"_links":{"self":[{"href":"https:\/\/agrund.com\/index.php\/wp-json\/wp\/v2\/posts\/200264"}],"collection":[{"href":"https:\/\/agrund.com\/index.php\/wp-json\/wp\/v2\/posts"}],"about":[{"href":"https:\/\/agrund.com\/index.php\/wp-json\/wp\/v2\/types\/post"}],"author":[{"embeddable":true,"href":"https:\/\/agrund.com\/index.php\/wp-json\/wp\/v2\/users\/8"}],"replies":[{"embeddable":true,"href":"https:\/\/agrund.com\/index.php\/wp-json\/wp\/v2\/comments?post=200264"}],"version-history":[{"count":1,"href":"https:\/\/agrund.com\/index.php\/wp-json\/wp\/v2\/posts\/200264\/revisions"}],"predecessor-version":[{"id":200272,"href":"https:\/\/agrund.com\/index.php\/wp-json\/wp\/v2\/posts\/200264\/revisions\/200272"}],"wp:featuredmedia":[{"embeddable":true,"href":"https:\/\/agrund.com\/index.php\/wp-json\/wp\/v2\/media\/200271"}],"wp:attachment":[{"href":"https:\/\/agrund.com\/index.php\/wp-json\/wp\/v2\/media?parent=200264"}],"wp:term":[{"taxonomy":"category","embeddable":true,"href":"https:\/\/agrund.com\/index.php\/wp-json\/wp\/v2\/categories?post=200264"},{"taxonomy":"post_tag","embeddable":true,"href":"https:\/\/agrund.com\/index.php\/wp-json\/wp\/v2\/tags?post=200264"}],"curies":[{"name":"wp","href":"https:\/\/api.w.org\/{rel}","templated":true}]}}