{"id":200245,"date":"2019-07-26T18:00:07","date_gmt":"2019-07-26T21:00:07","guid":{"rendered":"https:\/\/www.agrund.com\/?p=200245"},"modified":"2019-07-26T18:35:19","modified_gmt":"2019-07-26T21:35:19","slug":"famosas-aquecem-o-inverno-com-looks-vermelhos","status":"publish","type":"post","link":"https:\/\/agrund.com\/index.php\/famosas-aquecem-o-inverno-com-looks-vermelhos\/","title":{"rendered":"Famosas aquecem o inverno com looks vermelhos"},"content":{"rendered":"\n<p>Por Ros\u00e2ngela Espinossi, do <a href=\"https:\/\/www.elasnotapetevermelho.com.br\/\">Elas no Tapete Vermelho<\/a><\/p>\n\n\n\n<p>Agatha Moreira, Juliana Paes, Paolla Oliveira como Vivi Guedes, Fernanda Rodrigues e Leticia Spiller\u00a0resolveram apostar em looks vermelhos nesta semana. H\u00e1 produ\u00e7\u00f5es para todos os estilos e ocasi\u00f5es.<\/p>\n\n\n\n<p>Muitas delas, com a cor da cabe\u00e7a aos p\u00e9s. Alguma pe\u00e7as lisas outras estampadas. E teve quem combinou com pantufas. Sim, voc\u00ea leu bem, pantufas.Confira os acertos e alguns deslizes fashion.<\/p>\n\n\n\n<div class=\"wp-block-image\"><figure class=\"aligncenter\"><img data-attachment-id=\"200247\" data-permalink=\"https:\/\/agrund.com\/index.php\/famosas-aquecem-o-inverno-com-looks-vermelhos\/1-6-3\/\" data-orig-file=\"https:\/\/i0.wp.com\/agrund.com\/wp-content\/uploads\/sites\/6\/2019\/07\/1-6.jpg?fit=550%2C834&amp;ssl=1\" data-orig-size=\"550,834\" data-comments-opened=\"1\" data-image-meta=\"{&quot;aperture&quot;:&quot;0&quot;,&quot;credit&quot;:&quot;&quot;,&quot;camera&quot;:&quot;&quot;,&quot;caption&quot;:&quot;&quot;,&quot;created_timestamp&quot;:&quot;0&quot;,&quot;copyright&quot;:&quot;&quot;,&quot;focal_length&quot;:&quot;0&quot;,&quot;iso&quot;:&quot;0&quot;,&quot;shutter_speed&quot;:&quot;0&quot;,&quot;title&quot;:&quot;&quot;,&quot;orientation&quot;:&quot;1&quot;}\" data-image-title=\"1-6\" data-image-description=\"\" data-image-caption=\"\" data-medium-file=\"https:\/\/i0.wp.com\/agrund.com\/wp-content\/uploads\/sites\/6\/2019\/07\/1-6.jpg?fit=198%2C300&amp;ssl=1\" data-large-file=\"https:\/\/i0.wp.com\/agrund.com\/wp-content\/uploads\/sites\/6\/2019\/07\/1-6.jpg?fit=550%2C834&amp;ssl=1\" decoding=\"async\" loading=\"lazy\" width=\"550\" height=\"834\" src=\"https:\/\/i0.wp.com\/www.agrund.com\/wp-content\/uploads\/sites\/6\/2019\/07\/1-6.jpg?resize=550%2C834&#038;ssl=1\" alt=\"\" class=\"wp-image-200247\" srcset=\"https:\/\/i0.wp.com\/agrund.com\/wp-content\/uploads\/sites\/6\/2019\/07\/1-6.jpg?w=550&amp;ssl=1 550w, https:\/\/i0.wp.com\/agrund.com\/wp-content\/uploads\/sites\/6\/2019\/07\/1-6.jpg?resize=198%2C300&amp;ssl=1 198w\" sizes=\"(max-width: 550px) 100vw, 550px\" data-recalc-dims=\"1\" \/><figcaption>Famosas aquecem o inverno com looks vermelhos<\/figcaption><\/figure><\/div>\n\n\n\n<p><strong>Agatha Moreira<\/strong> participou do lan\u00e7amento da cole\u00e7\u00e3o Hello Again, da marca Eva, com o vestido vermelho que traz estampa de on\u00e7a. A atriz, que posou ao lado de Priscila Barcelos, diretora criativa da marca, combinou a pe\u00e7a com bolsa tamb\u00e9m vermelha, com estampa de boca, e t\u00eanis Converse vermelho.<\/p>\n\n\n\n<p><strong>#ficaadica1: <\/strong>O modelo do vestido pode ser usado de forma informal, como ela fez, ou com complementos menos esportivos, como sand\u00e1lia e at\u00e9 botinhas.<\/p>\n\n\n\n<div class=\"wp-block-image\"><figure class=\"aligncenter\"><img data-attachment-id=\"200248\" data-permalink=\"https:\/\/agrund.com\/index.php\/famosas-aquecem-o-inverno-com-looks-vermelhos\/4-1-6\/\" data-orig-file=\"https:\/\/i0.wp.com\/agrund.com\/wp-content\/uploads\/sites\/6\/2019\/07\/4-1.jpg?fit=550%2C828&amp;ssl=1\" data-orig-size=\"550,828\" data-comments-opened=\"1\" data-image-meta=\"{&quot;aperture&quot;:&quot;0&quot;,&quot;credit&quot;:&quot;&quot;,&quot;camera&quot;:&quot;&quot;,&quot;caption&quot;:&quot;&quot;,&quot;created_timestamp&quot;:&quot;0&quot;,&quot;copyright&quot;:&quot;&quot;,&quot;focal_length&quot;:&quot;0&quot;,&quot;iso&quot;:&quot;0&quot;,&quot;shutter_speed&quot;:&quot;0&quot;,&quot;title&quot;:&quot;&quot;,&quot;orientation&quot;:&quot;1&quot;}\" data-image-title=\"4-1\" data-image-description=\"\" data-image-caption=\"\" data-medium-file=\"https:\/\/i0.wp.com\/agrund.com\/wp-content\/uploads\/sites\/6\/2019\/07\/4-1.jpg?fit=199%2C300&amp;ssl=1\" data-large-file=\"https:\/\/i0.wp.com\/agrund.com\/wp-content\/uploads\/sites\/6\/2019\/07\/4-1.jpg?fit=550%2C828&amp;ssl=1\" decoding=\"async\" loading=\"lazy\" width=\"550\" height=\"828\" src=\"https:\/\/i0.wp.com\/www.agrund.com\/wp-content\/uploads\/sites\/6\/2019\/07\/4-1.jpg?resize=550%2C828&#038;ssl=1\" alt=\"\" class=\"wp-image-200248\" srcset=\"https:\/\/i0.wp.com\/agrund.com\/wp-content\/uploads\/sites\/6\/2019\/07\/4-1.jpg?w=550&amp;ssl=1 550w, https:\/\/i0.wp.com\/agrund.com\/wp-content\/uploads\/sites\/6\/2019\/07\/4-1.jpg?resize=199%2C300&amp;ssl=1 199w\" sizes=\"(max-width: 550px) 100vw, 550px\" data-recalc-dims=\"1\" \/><figcaption>Famosas aquecem o inverno com looks vermelhos<\/figcaption><\/figure><\/div>\n\n\n\n<p>A atriz <strong>Fernanda Rodrigues<\/strong> tamb\u00e9m apostou no vestido vermelho da Eva, que traz a estampa \u00edcone da cole\u00e7\u00e3o: a boca. Mais uma prova de que a cor vem quente no ver\u00e3o.<\/p>\n\n\n\n<p><strong>#ficaadica2: <\/strong>O look foi complementado com sand\u00e1lia e bolsa vermelhas, mas tamb\u00e9m cabem outras cores e outros modelos.<\/p>\n\n\n\n<div class=\"wp-block-image\"><figure class=\"aligncenter\"><img data-attachment-id=\"200249\" data-permalink=\"https:\/\/agrund.com\/index.php\/famosas-aquecem-o-inverno-com-looks-vermelhos\/2-3-7\/\" data-orig-file=\"https:\/\/i0.wp.com\/agrund.com\/wp-content\/uploads\/sites\/6\/2019\/07\/2-3.jpg?fit=550%2C630&amp;ssl=1\" data-orig-size=\"550,630\" data-comments-opened=\"1\" data-image-meta=\"{&quot;aperture&quot;:&quot;0&quot;,&quot;credit&quot;:&quot;&quot;,&quot;camera&quot;:&quot;&quot;,&quot;caption&quot;:&quot;&quot;,&quot;created_timestamp&quot;:&quot;0&quot;,&quot;copyright&quot;:&quot;&quot;,&quot;focal_length&quot;:&quot;0&quot;,&quot;iso&quot;:&quot;0&quot;,&quot;shutter_speed&quot;:&quot;0&quot;,&quot;title&quot;:&quot;&quot;,&quot;orientation&quot;:&quot;1&quot;}\" data-image-title=\"2-3\" data-image-description=\"\" data-image-caption=\"\" data-medium-file=\"https:\/\/i0.wp.com\/agrund.com\/wp-content\/uploads\/sites\/6\/2019\/07\/2-3.jpg?fit=262%2C300&amp;ssl=1\" data-large-file=\"https:\/\/i0.wp.com\/agrund.com\/wp-content\/uploads\/sites\/6\/2019\/07\/2-3.jpg?fit=550%2C630&amp;ssl=1\" decoding=\"async\" loading=\"lazy\" width=\"550\" height=\"630\" src=\"https:\/\/i0.wp.com\/www.agrund.com\/wp-content\/uploads\/sites\/6\/2019\/07\/2-3.jpg?resize=550%2C630&#038;ssl=1\" alt=\"\" class=\"wp-image-200249\" srcset=\"https:\/\/i0.wp.com\/agrund.com\/wp-content\/uploads\/sites\/6\/2019\/07\/2-3.jpg?w=550&amp;ssl=1 550w, https:\/\/i0.wp.com\/agrund.com\/wp-content\/uploads\/sites\/6\/2019\/07\/2-3.jpg?resize=262%2C300&amp;ssl=1 262w\" sizes=\"(max-width: 550px) 100vw, 550px\" data-recalc-dims=\"1\" \/><figcaption>Famosas aquecem o inverno com looks vermelhos<\/figcaption><\/figure><\/div>\n\n\n\n<p>O vestido decotado de <strong>Juliana Paes<\/strong> conta com duas tend\u00eancias: mangas bufantes e comprimento m\u00eddi. A atriz combinou com sand\u00e1lia de amarra\u00e7\u00e3o da mesma tonalidade, al\u00e9m de bolsa redonda de palha e brincos de argola.<\/p>\n\n\n\n<p><strong>#ficaadica3:<\/strong>\u00a0As mangas bufantes faziam sucesso nos anos 80 e est\u00e3o de volta. A boa not\u00edcia \u00e9 que s\u00e3o democr\u00e1ticas, porque conferem volume em uma regi\u00e3o segura: o bra\u00e7o.<\/p>\n\n\n\n<div class=\"wp-block-image\"><figure class=\"aligncenter\"><img data-attachment-id=\"200250\" data-permalink=\"https:\/\/agrund.com\/index.php\/famosas-aquecem-o-inverno-com-looks-vermelhos\/5-2-3\/\" data-orig-file=\"https:\/\/i0.wp.com\/agrund.com\/wp-content\/uploads\/sites\/6\/2019\/07\/5-2.jpg?fit=550%2C715&amp;ssl=1\" data-orig-size=\"550,715\" data-comments-opened=\"1\" data-image-meta=\"{&quot;aperture&quot;:&quot;0&quot;,&quot;credit&quot;:&quot;&quot;,&quot;camera&quot;:&quot;&quot;,&quot;caption&quot;:&quot;&quot;,&quot;created_timestamp&quot;:&quot;0&quot;,&quot;copyright&quot;:&quot;&quot;,&quot;focal_length&quot;:&quot;0&quot;,&quot;iso&quot;:&quot;0&quot;,&quot;shutter_speed&quot;:&quot;0&quot;,&quot;title&quot;:&quot;&quot;,&quot;orientation&quot;:&quot;1&quot;}\" data-image-title=\"5-2\" data-image-description=\"\" data-image-caption=\"\" data-medium-file=\"https:\/\/i0.wp.com\/agrund.com\/wp-content\/uploads\/sites\/6\/2019\/07\/5-2.jpg?fit=231%2C300&amp;ssl=1\" data-large-file=\"https:\/\/i0.wp.com\/agrund.com\/wp-content\/uploads\/sites\/6\/2019\/07\/5-2.jpg?fit=550%2C715&amp;ssl=1\" decoding=\"async\" loading=\"lazy\" width=\"550\" height=\"715\" src=\"https:\/\/i0.wp.com\/www.agrund.com\/wp-content\/uploads\/sites\/6\/2019\/07\/5-2.jpg?resize=550%2C715&#038;ssl=1\" alt=\"\" class=\"wp-image-200250\" srcset=\"https:\/\/i0.wp.com\/agrund.com\/wp-content\/uploads\/sites\/6\/2019\/07\/5-2.jpg?w=550&amp;ssl=1 550w, https:\/\/i0.wp.com\/agrund.com\/wp-content\/uploads\/sites\/6\/2019\/07\/5-2.jpg?resize=231%2C300&amp;ssl=1 231w\" sizes=\"(max-width: 550px) 100vw, 550px\" data-recalc-dims=\"1\" \/><figcaption>Famosas aquecem o inverno com looks vermelhos<\/figcaption><\/figure><\/div>\n\n\n\n<p>O vestido usado por <strong>Let\u00edcia Spiller<\/strong> \u00e9 confort\u00e1vel e pr\u00e1tico, inclusive para viajar. As estampas adamascadas conferem estilo e sofistica\u00e7\u00e3o \u00e0 pe\u00e7a, que foi combinada com botinha preta.<\/p>\n\n\n\n<p><strong>#ficaadica3:<\/strong>\u00a0Se por um lado as botinhas poderiam achatar a silhueta, por outro, o decote em V alonga, equilibrando o look.<\/p>\n\n\n\n<div class=\"wp-block-image\"><figure class=\"aligncenter\"><img data-attachment-id=\"200252\" data-permalink=\"https:\/\/agrund.com\/index.php\/famosas-aquecem-o-inverno-com-looks-vermelhos\/3-3-9\/\" data-orig-file=\"https:\/\/i0.wp.com\/agrund.com\/wp-content\/uploads\/sites\/6\/2019\/07\/3-3.jpg?fit=550%2C692&amp;ssl=1\" data-orig-size=\"550,692\" data-comments-opened=\"1\" data-image-meta=\"{&quot;aperture&quot;:&quot;0&quot;,&quot;credit&quot;:&quot;&quot;,&quot;camera&quot;:&quot;&quot;,&quot;caption&quot;:&quot;&quot;,&quot;created_timestamp&quot;:&quot;0&quot;,&quot;copyright&quot;:&quot;&quot;,&quot;focal_length&quot;:&quot;0&quot;,&quot;iso&quot;:&quot;0&quot;,&quot;shutter_speed&quot;:&quot;0&quot;,&quot;title&quot;:&quot;&quot;,&quot;orientation&quot;:&quot;1&quot;}\" data-image-title=\"3-3\" data-image-description=\"\" data-image-caption=\"\" data-medium-file=\"https:\/\/i0.wp.com\/agrund.com\/wp-content\/uploads\/sites\/6\/2019\/07\/3-3.jpg?fit=238%2C300&amp;ssl=1\" data-large-file=\"https:\/\/i0.wp.com\/agrund.com\/wp-content\/uploads\/sites\/6\/2019\/07\/3-3.jpg?fit=550%2C692&amp;ssl=1\" decoding=\"async\" loading=\"lazy\" width=\"550\" height=\"692\" src=\"https:\/\/i0.wp.com\/www.agrund.com\/wp-content\/uploads\/sites\/6\/2019\/07\/3-3.jpg?resize=550%2C692&#038;ssl=1\" alt=\"\" class=\"wp-image-200252\" srcset=\"https:\/\/i0.wp.com\/agrund.com\/wp-content\/uploads\/sites\/6\/2019\/07\/3-3.jpg?w=550&amp;ssl=1 550w, https:\/\/i0.wp.com\/agrund.com\/wp-content\/uploads\/sites\/6\/2019\/07\/3-3.jpg?resize=238%2C300&amp;ssl=1 238w\" sizes=\"(max-width: 550px) 100vw, 550px\" data-recalc-dims=\"1\" \/><figcaption>Famosas aquecem o inverno com looks vermelhos<\/figcaption><\/figure><\/div>\n\n\n\n<p>Em ensaio publicado no Instagram da personagem <strong>Vivi Guedes<\/strong>, de <em>&#8220;A Dona do Peda\u00e7o&#8221;<\/em>, a atriz <strong>Paolla Oliveira<\/strong> vestiu look todo vermelho, com  blazer usado como vestido, blusa de gola alta por baixo, al\u00e9m das botas e dos \u00f3culos da mesma cor.<\/p>\n\n\n\n<p><strong>#ficaadica4:<\/strong>\u00a0A produ\u00e7\u00e3o est\u00e1 perfeita, elegante e cheia de estilo, mas se n\u00e3o quiser tanto vermelho assim, basta combinar o blazer na cor com outras pe\u00e7as em tons b\u00e1sicos.<\/p>\n\n\n\n<p><\/p>\n\n\n\n<p>Fotos: Reprodu\u00e7\u00e3o. <\/p>\n","protected":false},"excerpt":{"rendered":"<p>Por Ros\u00e2ngela Espinossi, do Elas no Tapete Vermelho Agatha Moreira, Juliana Paes, Paolla Oliveira como Vivi Guedes, Fernanda Rodrigues e Leticia Spiller\u00a0resolveram apostar em looks vermelhos nesta semana. H\u00e1 produ\u00e7\u00f5es para todos os estilos e ocasi\u00f5es. Muitas delas, com a cor da cabe\u00e7a aos p\u00e9s. Alguma pe\u00e7as lisas outras estampadas. E teve quem combinou com [&hellip;]<\/p>\n","protected":false},"author":8,"featured_media":200246,"comment_status":"open","ping_status":"open","sticky":false,"template":"","format":"standard","meta":{"jetpack_post_was_ever_published":false,"_jetpack_newsletter_access":"","jetpack_publicize_message":"","jetpack_is_tweetstorm":false,"jetpack_publicize_feature_enabled":true,"jetpack_social_post_already_shared":true,"jetpack_social_options":{"image_generator_settings":{"template":"highway","enabled":false}}},"categories":[2],"tags":[395,375,545,546,347,548,72,438,377,67,439,440,547,549,551,550,35,553,552,441],"jetpack_publicize_connections":[],"jetpack_featured_media_url":"https:\/\/i0.wp.com\/agrund.com\/wp-content\/uploads\/sites\/6\/2019\/07\/s-94.jpg?fit=960%2C300&ssl=1","jetpack_sharing_enabled":true,"jetpack_shortlink":"https:\/\/wp.me\/p3Hz0n-Q5L","jetpack_likes_enabled":true,"_links":{"self":[{"href":"https:\/\/agrund.com\/index.php\/wp-json\/wp\/v2\/posts\/200245"}],"collection":[{"href":"https:\/\/agrund.com\/index.php\/wp-json\/wp\/v2\/posts"}],"about":[{"href":"https:\/\/agrund.com\/index.php\/wp-json\/wp\/v2\/types\/post"}],"author":[{"embeddable":true,"href":"https:\/\/agrund.com\/index.php\/wp-json\/wp\/v2\/users\/8"}],"replies":[{"embeddable":true,"href":"https:\/\/agrund.com\/index.php\/wp-json\/wp\/v2\/comments?post=200245"}],"version-history":[{"count":1,"href":"https:\/\/agrund.com\/index.php\/wp-json\/wp\/v2\/posts\/200245\/revisions"}],"predecessor-version":[{"id":200253,"href":"https:\/\/agrund.com\/index.php\/wp-json\/wp\/v2\/posts\/200245\/revisions\/200253"}],"wp:featuredmedia":[{"embeddable":true,"href":"https:\/\/agrund.com\/index.php\/wp-json\/wp\/v2\/media\/200246"}],"wp:attachment":[{"href":"https:\/\/agrund.com\/index.php\/wp-json\/wp\/v2\/media?parent=200245"}],"wp:term":[{"taxonomy":"category","embeddable":true,"href":"https:\/\/agrund.com\/index.php\/wp-json\/wp\/v2\/categories?post=200245"},{"taxonomy":"post_tag","embeddable":true,"href":"https:\/\/agrund.com\/index.php\/wp-json\/wp\/v2\/tags?post=200245"}],"curies":[{"name":"wp","href":"https:\/\/api.w.org\/{rel}","templated":true}]}}