{"id":200240,"date":"2019-07-26T17:00:32","date_gmt":"2019-07-26T20:00:32","guid":{"rendered":"https:\/\/www.agrund.com\/?p=200240"},"modified":"2019-07-26T16:42:27","modified_gmt":"2019-07-26T19:42:27","slug":"peter-pilotto-e-boss-desfilarao-na-semana-de-moda-de-milao","status":"publish","type":"post","link":"https:\/\/agrund.com\/index.php\/peter-pilotto-e-boss-desfilarao-na-semana-de-moda-de-milao\/","title":{"rendered":"Peter Pilotto e Boss desfilar\u00e3o na semana de moda de Mil\u00e3o"},"content":{"rendered":"\n<p>A pr\u00f3xima edi\u00e7\u00e3o da semana de moda de mil\u00e3o acontecer\u00e1 s\u00f3 no m\u00eas de setembro, mas algumas novidades j\u00e1 foram divulgadas.\u00a0<\/p>\n\n\n\n<p>Depois de 12 anos desfilando em Londres, Peter Pilotto passa a integrar o line-up da semana de moda italiana, com uma apresenta\u00e7\u00e3o marcada para o dia 18 no Teatro Manzoni. Outra marca que tamb\u00e9m ir\u00e1 desfilar no evento \u00e9 a Boss, a linha mais descolada e atheleisure de Hugo Boss. Essa apresenta\u00e7\u00e3o est\u00e1 marcada para o dia 22, na Tortona Area Lab.<\/p>\n\n\n\n<p>Duas novidades de peso para o evento!&nbsp;<\/p>\n\n\n\n<div class=\"wp-block-image\"><figure class=\"aligncenter\"><img data-attachment-id=\"200241\" data-permalink=\"https:\/\/agrund.com\/index.php\/peter-pilotto-e-boss-desfilarao-na-semana-de-moda-de-milao\/peter-pilotto-rtw-spring-2019\/\" data-orig-file=\"https:\/\/i0.wp.com\/agrund.com\/wp-content\/uploads\/sites\/6\/2019\/07\/agrund-peter-pilotto.jpg?fit=600%2C400&amp;ssl=1\" data-orig-size=\"600,400\" data-comments-opened=\"1\" data-image-meta=\"{&quot;aperture&quot;:&quot;3.2&quot;,&quot;credit&quot;:&quot;Giovanni Giannoni\\\/WWD&quot;,&quot;camera&quot;:&quot;NIKON D5&quot;,&quot;caption&quot;:&quot;Peter Pilotto RTW Spring 2019&quot;,&quot;created_timestamp&quot;:&quot;1537113003&quot;,&quot;copyright&quot;:&quot;Giovanni Giannoni\\\/WWD&quot;,&quot;focal_length&quot;:&quot;70&quot;,&quot;iso&quot;:&quot;3200&quot;,&quot;shutter_speed&quot;:&quot;0.0015625&quot;,&quot;title&quot;:&quot;Peter Pilotto RTW Spring 2019&quot;,&quot;orientation&quot;:&quot;1&quot;}\" data-image-title=\"Peter Pilotto RTW Spring 2019\" data-image-description=\"\" data-image-caption=\"&lt;p&gt;Peter Pilotto RTW Spring 2019&lt;\/p&gt;\n\" data-medium-file=\"https:\/\/i0.wp.com\/agrund.com\/wp-content\/uploads\/sites\/6\/2019\/07\/agrund-peter-pilotto.jpg?fit=300%2C200&amp;ssl=1\" data-large-file=\"https:\/\/i0.wp.com\/agrund.com\/wp-content\/uploads\/sites\/6\/2019\/07\/agrund-peter-pilotto.jpg?fit=600%2C400&amp;ssl=1\" decoding=\"async\" loading=\"lazy\" width=\"600\" height=\"400\" src=\"https:\/\/i0.wp.com\/www.agrund.com\/wp-content\/uploads\/sites\/6\/2019\/07\/agrund-peter-pilotto.jpg?resize=600%2C400&#038;ssl=1\" alt=\"\" class=\"wp-image-200241\" srcset=\"https:\/\/i0.wp.com\/agrund.com\/wp-content\/uploads\/sites\/6\/2019\/07\/agrund-peter-pilotto.jpg?w=600&amp;ssl=1 600w, https:\/\/i0.wp.com\/agrund.com\/wp-content\/uploads\/sites\/6\/2019\/07\/agrund-peter-pilotto.jpg?resize=300%2C200&amp;ssl=1 300w\" sizes=\"(max-width: 600px) 100vw, 600px\" data-recalc-dims=\"1\" \/><figcaption>Peter Pilotto RTW Spring 2019<\/figcaption><\/figure><\/div>\n\n\n\n<p>Foto: Reprodu\u00e7\u00e3o\/ Pinterest. <\/p>\n","protected":false},"excerpt":{"rendered":"<p>A pr\u00f3xima edi\u00e7\u00e3o da semana de moda de mil\u00e3o acontecer\u00e1 s\u00f3 no m\u00eas de setembro, mas algumas novidades j\u00e1 foram divulgadas.\u00a0 Depois de 12 anos desfilando em Londres, Peter Pilotto passa a integrar o line-up da semana de moda italiana, com uma apresenta\u00e7\u00e3o marcada para o dia 18 no Teatro Manzoni. Outra marca que tamb\u00e9m [&hellip;]<\/p>\n","protected":false},"author":8,"featured_media":200242,"comment_status":"open","ping_status":"open","sticky":false,"template":"","format":"standard","meta":{"jetpack_post_was_ever_published":false,"_jetpack_newsletter_access":"","jetpack_publicize_message":"","jetpack_is_tweetstorm":false,"jetpack_publicize_feature_enabled":true,"jetpack_social_post_already_shared":true,"jetpack_social_options":{"image_generator_settings":{"template":"highway","enabled":false}}},"categories":[2],"tags":[395,375,540,347,542,541,543,67,539,455,544],"jetpack_publicize_connections":[],"jetpack_featured_media_url":"https:\/\/i0.wp.com\/agrund.com\/wp-content\/uploads\/sites\/6\/2019\/07\/s-93.jpg?fit=960%2C300&ssl=1","jetpack_sharing_enabled":true,"jetpack_shortlink":"https:\/\/wp.me\/p3Hz0n-Q5G","jetpack_likes_enabled":true,"_links":{"self":[{"href":"https:\/\/agrund.com\/index.php\/wp-json\/wp\/v2\/posts\/200240"}],"collection":[{"href":"https:\/\/agrund.com\/index.php\/wp-json\/wp\/v2\/posts"}],"about":[{"href":"https:\/\/agrund.com\/index.php\/wp-json\/wp\/v2\/types\/post"}],"author":[{"embeddable":true,"href":"https:\/\/agrund.com\/index.php\/wp-json\/wp\/v2\/users\/8"}],"replies":[{"embeddable":true,"href":"https:\/\/agrund.com\/index.php\/wp-json\/wp\/v2\/comments?post=200240"}],"version-history":[{"count":1,"href":"https:\/\/agrund.com\/index.php\/wp-json\/wp\/v2\/posts\/200240\/revisions"}],"predecessor-version":[{"id":200243,"href":"https:\/\/agrund.com\/index.php\/wp-json\/wp\/v2\/posts\/200240\/revisions\/200243"}],"wp:featuredmedia":[{"embeddable":true,"href":"https:\/\/agrund.com\/index.php\/wp-json\/wp\/v2\/media\/200242"}],"wp:attachment":[{"href":"https:\/\/agrund.com\/index.php\/wp-json\/wp\/v2\/media?parent=200240"}],"wp:term":[{"taxonomy":"category","embeddable":true,"href":"https:\/\/agrund.com\/index.php\/wp-json\/wp\/v2\/categories?post=200240"},{"taxonomy":"post_tag","embeddable":true,"href":"https:\/\/agrund.com\/index.php\/wp-json\/wp\/v2\/tags?post=200240"}],"curies":[{"name":"wp","href":"https:\/\/api.w.org\/{rel}","templated":true}]}}