{"id":200223,"date":"2019-07-26T15:00:07","date_gmt":"2019-07-26T18:00:07","guid":{"rendered":"https:\/\/www.agrund.com\/?p=200223"},"modified":"2019-07-26T13:43:06","modified_gmt":"2019-07-26T16:43:06","slug":"michael-b-jordan-estrela-nova-campanha","status":"publish","type":"post","link":"https:\/\/agrund.com\/index.php\/michael-b-jordan-estrela-nova-campanha\/","title":{"rendered":"Michael B. Jordan estrela nova campanha"},"content":{"rendered":"\n<p>Michael B. Jordan est\u00e1 de volta \u00e0 Coach para estrelar sua segunda campanha como embaixador da marca.<\/p>\n\n\n\n<p>Juergen Teller fotografou o ator pelas ruas do Brooklyn enquanto ele vestia looks e acess\u00f3rios da cole\u00e7\u00e3o outono\/inverno 2019. Quem acompanha Michael nas redes sociais sabe que ele possui um estilo marcante e que n\u00e3o tem medo de arriscar nas composi\u00e7\u00f5es quando o assunto \u00e9 moda.<\/p>\n\n\n\n<p>Exatamente por isso, parece que a parceria com a Coach fez muito sentido!&nbsp;<br>Sobre a escolha do fot\u00f3grafo, o diretor criativo Stuart Vevers explicou que foi f\u00e1cil de fazer.&nbsp;<\/p>\n\n\n\n<p>&#8220;Juergen foi minha escolha instintiva. Ele \u00e9 capaz de criar o esp\u00edrito quente, divertido e despretensioso que eu desejava. Ele \u00e9 conhecido por capturar a ess\u00eancia dos assuntos e \u00e9 capaz de revelar a humanidade, a personalidade e a autenticidade de quem ele fotografa\u201d, declarou.&nbsp;<\/p>\n\n\n\n<p>Confira os dois primeiros cliques divulgados: <\/p>\n\n\n\n<div class=\"wp-block-image\"><figure class=\"aligncenter\"><img data-attachment-id=\"200224\" data-permalink=\"https:\/\/agrund.com\/index.php\/michael-b-jordan-estrela-nova-campanha\/michael-b-jordan-coach-fall-winter-agrund\/\" data-orig-file=\"https:\/\/i0.wp.com\/agrund.com\/wp-content\/uploads\/sites\/6\/2019\/07\/Michael-B-Jordan-Coach-Fall-Winter-agrund.jpg?fit=600%2C815&amp;ssl=1\" data-orig-size=\"600,815\" data-comments-opened=\"1\" data-image-meta=\"{&quot;aperture&quot;:&quot;0&quot;,&quot;credit&quot;:&quot;&quot;,&quot;camera&quot;:&quot;&quot;,&quot;caption&quot;:&quot;&quot;,&quot;created_timestamp&quot;:&quot;0&quot;,&quot;copyright&quot;:&quot;&quot;,&quot;focal_length&quot;:&quot;0&quot;,&quot;iso&quot;:&quot;0&quot;,&quot;shutter_speed&quot;:&quot;0&quot;,&quot;title&quot;:&quot;&quot;,&quot;orientation&quot;:&quot;1&quot;}\" data-image-title=\"Michael-B-Jordan-Coach-Fall-Winter-agrund\" data-image-description=\"\" data-image-caption=\"\" data-medium-file=\"https:\/\/i0.wp.com\/agrund.com\/wp-content\/uploads\/sites\/6\/2019\/07\/Michael-B-Jordan-Coach-Fall-Winter-agrund.jpg?fit=221%2C300&amp;ssl=1\" data-large-file=\"https:\/\/i0.wp.com\/agrund.com\/wp-content\/uploads\/sites\/6\/2019\/07\/Michael-B-Jordan-Coach-Fall-Winter-agrund.jpg?fit=600%2C815&amp;ssl=1\" decoding=\"async\" loading=\"lazy\" width=\"600\" height=\"815\" src=\"https:\/\/i0.wp.com\/www.agrund.com\/wp-content\/uploads\/sites\/6\/2019\/07\/Michael-B-Jordan-Coach-Fall-Winter-agrund.jpg?resize=600%2C815&#038;ssl=1\" alt=\"\" class=\"wp-image-200224\" srcset=\"https:\/\/i0.wp.com\/agrund.com\/wp-content\/uploads\/sites\/6\/2019\/07\/Michael-B-Jordan-Coach-Fall-Winter-agrund.jpg?w=600&amp;ssl=1 600w, https:\/\/i0.wp.com\/agrund.com\/wp-content\/uploads\/sites\/6\/2019\/07\/Michael-B-Jordan-Coach-Fall-Winter-agrund.jpg?resize=221%2C300&amp;ssl=1 221w\" sizes=\"(max-width: 600px) 100vw, 600px\" data-recalc-dims=\"1\" \/><figcaption>Michael B. Jordan estrela nova campanha <\/figcaption><\/figure><\/div>\n\n\n\n<div class=\"wp-block-image\"><figure class=\"aligncenter\"><img data-attachment-id=\"200225\" data-permalink=\"https:\/\/agrund.com\/index.php\/michael-b-jordan-estrela-nova-campanha\/michael-b-jordan-coach-fall-winter-agrund-2\/\" data-orig-file=\"https:\/\/i0.wp.com\/agrund.com\/wp-content\/uploads\/sites\/6\/2019\/07\/Michael-B-Jordan-Coach-Fall-Winter-agrund-2.jpg?fit=600%2C815&amp;ssl=1\" data-orig-size=\"600,815\" data-comments-opened=\"1\" data-image-meta=\"{&quot;aperture&quot;:&quot;0&quot;,&quot;credit&quot;:&quot;&quot;,&quot;camera&quot;:&quot;&quot;,&quot;caption&quot;:&quot;&quot;,&quot;created_timestamp&quot;:&quot;0&quot;,&quot;copyright&quot;:&quot;&quot;,&quot;focal_length&quot;:&quot;0&quot;,&quot;iso&quot;:&quot;0&quot;,&quot;shutter_speed&quot;:&quot;0&quot;,&quot;title&quot;:&quot;&quot;,&quot;orientation&quot;:&quot;1&quot;}\" data-image-title=\"Michael-B-Jordan-Coach-Fall-Winter-agrund-2\" data-image-description=\"\" data-image-caption=\"\" data-medium-file=\"https:\/\/i0.wp.com\/agrund.com\/wp-content\/uploads\/sites\/6\/2019\/07\/Michael-B-Jordan-Coach-Fall-Winter-agrund-2.jpg?fit=221%2C300&amp;ssl=1\" data-large-file=\"https:\/\/i0.wp.com\/agrund.com\/wp-content\/uploads\/sites\/6\/2019\/07\/Michael-B-Jordan-Coach-Fall-Winter-agrund-2.jpg?fit=600%2C815&amp;ssl=1\" decoding=\"async\" loading=\"lazy\" width=\"600\" height=\"815\" src=\"https:\/\/i0.wp.com\/www.agrund.com\/wp-content\/uploads\/sites\/6\/2019\/07\/Michael-B-Jordan-Coach-Fall-Winter-agrund-2.jpg?resize=600%2C815&#038;ssl=1\" alt=\"\" class=\"wp-image-200225\" srcset=\"https:\/\/i0.wp.com\/agrund.com\/wp-content\/uploads\/sites\/6\/2019\/07\/Michael-B-Jordan-Coach-Fall-Winter-agrund-2.jpg?w=600&amp;ssl=1 600w, https:\/\/i0.wp.com\/agrund.com\/wp-content\/uploads\/sites\/6\/2019\/07\/Michael-B-Jordan-Coach-Fall-Winter-agrund-2.jpg?resize=221%2C300&amp;ssl=1 221w\" sizes=\"(max-width: 600px) 100vw, 600px\" data-recalc-dims=\"1\" \/><figcaption>Michael B. Jordan estrela nova campanha <\/figcaption><\/figure><\/div>\n\n\n\n<p>Fotos: Reprodu\u00e7\u00e3o\/ Coach. <\/p>\n","protected":false},"excerpt":{"rendered":"<p>Michael B. Jordan est\u00e1 de volta \u00e0 Coach para estrelar sua segunda campanha como embaixador da marca. Juergen Teller fotografou o ator pelas ruas do Brooklyn enquanto ele vestia looks e acess\u00f3rios da cole\u00e7\u00e3o outono\/inverno 2019. Quem acompanha Michael nas redes sociais sabe que ele possui um estilo marcante e que n\u00e3o tem medo de [&hellip;]<\/p>\n","protected":false},"author":8,"featured_media":200226,"comment_status":"open","ping_status":"open","sticky":false,"template":"","format":"standard","meta":{"jetpack_post_was_ever_published":false,"_jetpack_newsletter_access":"","jetpack_publicize_message":"","jetpack_is_tweetstorm":false,"jetpack_publicize_feature_enabled":true,"jetpack_social_post_already_shared":true,"jetpack_social_options":{"image_generator_settings":{"template":"highway","enabled":false}}},"categories":[6,2],"tags":[395,375,526,423,347,382,532,67,148,424],"jetpack_publicize_connections":[],"jetpack_featured_media_url":"https:\/\/i0.wp.com\/agrund.com\/wp-content\/uploads\/sites\/6\/2019\/07\/s-91.jpg?fit=960%2C300&ssl=1","jetpack_sharing_enabled":true,"jetpack_shortlink":"https:\/\/wp.me\/p3Hz0n-Q5p","jetpack_likes_enabled":true,"_links":{"self":[{"href":"https:\/\/agrund.com\/index.php\/wp-json\/wp\/v2\/posts\/200223"}],"collection":[{"href":"https:\/\/agrund.com\/index.php\/wp-json\/wp\/v2\/posts"}],"about":[{"href":"https:\/\/agrund.com\/index.php\/wp-json\/wp\/v2\/types\/post"}],"author":[{"embeddable":true,"href":"https:\/\/agrund.com\/index.php\/wp-json\/wp\/v2\/users\/8"}],"replies":[{"embeddable":true,"href":"https:\/\/agrund.com\/index.php\/wp-json\/wp\/v2\/comments?post=200223"}],"version-history":[{"count":2,"href":"https:\/\/agrund.com\/index.php\/wp-json\/wp\/v2\/posts\/200223\/revisions"}],"predecessor-version":[{"id":200239,"href":"https:\/\/agrund.com\/index.php\/wp-json\/wp\/v2\/posts\/200223\/revisions\/200239"}],"wp:featuredmedia":[{"embeddable":true,"href":"https:\/\/agrund.com\/index.php\/wp-json\/wp\/v2\/media\/200226"}],"wp:attachment":[{"href":"https:\/\/agrund.com\/index.php\/wp-json\/wp\/v2\/media?parent=200223"}],"wp:term":[{"taxonomy":"category","embeddable":true,"href":"https:\/\/agrund.com\/index.php\/wp-json\/wp\/v2\/categories?post=200223"},{"taxonomy":"post_tag","embeddable":true,"href":"https:\/\/agrund.com\/index.php\/wp-json\/wp\/v2\/tags?post=200223"}],"curies":[{"name":"wp","href":"https:\/\/api.w.org\/{rel}","templated":true}]}}