{"id":200172,"date":"2019-07-25T13:00:25","date_gmt":"2019-07-25T16:00:25","guid":{"rendered":"https:\/\/www.agrund.com\/?p=200172"},"modified":"2019-07-25T11:46:38","modified_gmt":"2019-07-25T14:46:38","slug":"carreira-de-ralph-lauren-vira-documentario","status":"publish","type":"post","link":"https:\/\/agrund.com\/index.php\/carreira-de-ralph-lauren-vira-documentario\/","title":{"rendered":"Carreira de Ralph Lauren vira document\u00e1rio"},"content":{"rendered":"\n<p>Quem gosta de um bom document\u00e1rio sobre moda ficar\u00e1 feliz em saber que a HBO anunciou que est\u00e1 trabalhando em um produ\u00e7\u00e3o sobre Ralph Lauren.<\/p>\n\n\n\n<p>Chamado \u2018Very Ralph\u2019, o filme contar\u00e1 a hist\u00f3ria do estilista de 79 anos, desde a sua inf\u00e2ncia, passando pela funda\u00e7\u00e3o da marca polo em 1968 at\u00e9 chegar ao dias atuais.\u00a0<\/p>\n\n\n\n<p>Al\u00e9m de entrevistas com o pr\u00f3prio Ralph, o document\u00e1rio tamb\u00e9m contar\u00e1 com declara\u00e7\u00f5es e hist\u00f3rias contadas por amigos e familiares, como Karl Lagerfeld, Naomi Campbell, Anna Wintour, Hillary Clinton e Martha Stewart.\u00a0<\/p>\n\n\n\n<p>\u2018Very Raph\u2019 estreia na HBO internacional no dia 12 de novembro. Vamos aguardar!\u00a0<\/p>\n\n\n\n<div class=\"wp-block-image\"><figure class=\"aligncenter\"><img data-attachment-id=\"200173\" data-permalink=\"https:\/\/agrund.com\/index.php\/carreira-de-ralph-lauren-vira-documentario\/agrund-ralph-lauren\/\" data-orig-file=\"https:\/\/i0.wp.com\/agrund.com\/wp-content\/uploads\/sites\/6\/2019\/07\/agrund-ralph-lauren.jpg?fit=600%2C401&amp;ssl=1\" data-orig-size=\"600,401\" data-comments-opened=\"1\" data-image-meta=\"{&quot;aperture&quot;:&quot;0&quot;,&quot;credit&quot;:&quot;&quot;,&quot;camera&quot;:&quot;&quot;,&quot;caption&quot;:&quot;&quot;,&quot;created_timestamp&quot;:&quot;0&quot;,&quot;copyright&quot;:&quot;&quot;,&quot;focal_length&quot;:&quot;0&quot;,&quot;iso&quot;:&quot;0&quot;,&quot;shutter_speed&quot;:&quot;0&quot;,&quot;title&quot;:&quot;&quot;,&quot;orientation&quot;:&quot;1&quot;}\" data-image-title=\"agrund-ralph-lauren\" data-image-description=\"\" data-image-caption=\"\" data-medium-file=\"https:\/\/i0.wp.com\/agrund.com\/wp-content\/uploads\/sites\/6\/2019\/07\/agrund-ralph-lauren.jpg?fit=300%2C201&amp;ssl=1\" data-large-file=\"https:\/\/i0.wp.com\/agrund.com\/wp-content\/uploads\/sites\/6\/2019\/07\/agrund-ralph-lauren.jpg?fit=600%2C401&amp;ssl=1\" decoding=\"async\" loading=\"lazy\" width=\"600\" height=\"401\" src=\"https:\/\/i0.wp.com\/www.agrund.com\/wp-content\/uploads\/sites\/6\/2019\/07\/agrund-ralph-lauren.jpg?resize=600%2C401&#038;ssl=1\" alt=\"\" class=\"wp-image-200173\" srcset=\"https:\/\/i0.wp.com\/agrund.com\/wp-content\/uploads\/sites\/6\/2019\/07\/agrund-ralph-lauren.jpg?w=600&amp;ssl=1 600w, https:\/\/i0.wp.com\/agrund.com\/wp-content\/uploads\/sites\/6\/2019\/07\/agrund-ralph-lauren.jpg?resize=300%2C201&amp;ssl=1 300w\" sizes=\"(max-width: 600px) 100vw, 600px\" data-recalc-dims=\"1\" \/><figcaption>Carreira de Ralph Lauren vira document\u00e1rio <\/figcaption><\/figure><\/div>\n\n\n\n<p>Foto: Reprodu\u00e7\u00e3o\/ Pinterest. <\/p>\n","protected":false},"excerpt":{"rendered":"<p>Quem gosta de um bom document\u00e1rio sobre moda ficar\u00e1 feliz em saber que a HBO anunciou que est\u00e1 trabalhando em um produ\u00e7\u00e3o sobre Ralph Lauren. Chamado \u2018Very Ralph\u2019, o filme contar\u00e1 a hist\u00f3ria do estilista de 79 anos, desde a sua inf\u00e2ncia, passando pela funda\u00e7\u00e3o da marca polo em 1968 at\u00e9 chegar ao dias atuais.\u00a0 [&hellip;]<\/p>\n","protected":false},"author":8,"featured_media":200174,"comment_status":"open","ping_status":"open","sticky":false,"template":"","format":"standard","meta":{"jetpack_post_was_ever_published":false,"_jetpack_newsletter_access":"","jetpack_publicize_message":"","jetpack_is_tweetstorm":false,"jetpack_publicize_feature_enabled":true,"jetpack_social_post_already_shared":true,"jetpack_social_options":{"image_generator_settings":{"template":"highway","enabled":false}}},"categories":[2],"tags":[395,375,452,347,522,67,521],"jetpack_publicize_connections":[],"jetpack_featured_media_url":"https:\/\/i0.wp.com\/agrund.com\/wp-content\/uploads\/sites\/6\/2019\/07\/s-84.jpg?fit=960%2C300&ssl=1","jetpack_sharing_enabled":true,"jetpack_shortlink":"https:\/\/wp.me\/p3Hz0n-Q4A","jetpack_likes_enabled":true,"_links":{"self":[{"href":"https:\/\/agrund.com\/index.php\/wp-json\/wp\/v2\/posts\/200172"}],"collection":[{"href":"https:\/\/agrund.com\/index.php\/wp-json\/wp\/v2\/posts"}],"about":[{"href":"https:\/\/agrund.com\/index.php\/wp-json\/wp\/v2\/types\/post"}],"author":[{"embeddable":true,"href":"https:\/\/agrund.com\/index.php\/wp-json\/wp\/v2\/users\/8"}],"replies":[{"embeddable":true,"href":"https:\/\/agrund.com\/index.php\/wp-json\/wp\/v2\/comments?post=200172"}],"version-history":[{"count":1,"href":"https:\/\/agrund.com\/index.php\/wp-json\/wp\/v2\/posts\/200172\/revisions"}],"predecessor-version":[{"id":200175,"href":"https:\/\/agrund.com\/index.php\/wp-json\/wp\/v2\/posts\/200172\/revisions\/200175"}],"wp:featuredmedia":[{"embeddable":true,"href":"https:\/\/agrund.com\/index.php\/wp-json\/wp\/v2\/media\/200174"}],"wp:attachment":[{"href":"https:\/\/agrund.com\/index.php\/wp-json\/wp\/v2\/media?parent=200172"}],"wp:term":[{"taxonomy":"category","embeddable":true,"href":"https:\/\/agrund.com\/index.php\/wp-json\/wp\/v2\/categories?post=200172"},{"taxonomy":"post_tag","embeddable":true,"href":"https:\/\/agrund.com\/index.php\/wp-json\/wp\/v2\/tags?post=200172"}],"curies":[{"name":"wp","href":"https:\/\/api.w.org\/{rel}","templated":true}]}}