{"id":200161,"date":"2019-07-25T11:00:31","date_gmt":"2019-07-25T14:00:31","guid":{"rendered":"https:\/\/www.agrund.com\/?p=200161"},"modified":"2019-07-25T10:40:44","modified_gmt":"2019-07-25T13:40:44","slug":"stella-mccartney-fotografa-campanha-no-pais-de-gales","status":"publish","type":"post","link":"https:\/\/agrund.com\/index.php\/stella-mccartney-fotografa-campanha-no-pais-de-gales\/","title":{"rendered":"Stella McCartney fotografa campanha no Pa\u00eds de Gales"},"content":{"rendered":"\n<p>O meio-ambiente e a natureza sempre s\u00e3o o foco das cria\u00e7\u00f5es de Stella McCartney e desta vez eles tamb\u00e9m est\u00e3o na campanha.<\/p>\n\n\n\n<p>Para apresentar a cole\u00e7\u00e3o outono\/inverno 2019, a marca levou Amber Valletta, Chu Wong, Tori Tsui, Emma Laird, Trinity Hill, Ruby Munslow, Deya Ward e Chloe Pearson para o interior do Pa\u00eds de Gales, onde o casting posou em meio a campos verdes e montanhas vestindo pelos fake, alfaiaria e tric\u00f4.\u00a0<\/p>\n\n\n\n<p>Fotografada por Johnny Dufort, a campanha recebeu o nome de \u2018Agents of Change\u2018 (&#8216;Agentes da mudan\u00e7a&#8217;, em portugu\u00eas). Confira:\u00a0<\/p>\n\n\n\n<div class=\"wp-block-image\"><figure class=\"aligncenter\"><img data-attachment-id=\"200162\" data-permalink=\"https:\/\/agrund.com\/index.php\/stella-mccartney-fotografa-campanha-no-pais-de-gales\/stella-mccartney-fall-winter-2019-agrund\/\" data-orig-file=\"https:\/\/i0.wp.com\/agrund.com\/wp-content\/uploads\/sites\/6\/2019\/07\/Stella-McCartney-Fall-Winter-2019-agrund.jpg?fit=600%2C389&amp;ssl=1\" data-orig-size=\"600,389\" data-comments-opened=\"1\" data-image-meta=\"{&quot;aperture&quot;:&quot;0&quot;,&quot;credit&quot;:&quot;&quot;,&quot;camera&quot;:&quot;&quot;,&quot;caption&quot;:&quot;&quot;,&quot;created_timestamp&quot;:&quot;0&quot;,&quot;copyright&quot;:&quot;&quot;,&quot;focal_length&quot;:&quot;0&quot;,&quot;iso&quot;:&quot;0&quot;,&quot;shutter_speed&quot;:&quot;0&quot;,&quot;title&quot;:&quot;&quot;,&quot;orientation&quot;:&quot;1&quot;}\" data-image-title=\"Stella-McCartney-Fall-Winter-2019-agrund\" data-image-description=\"\" data-image-caption=\"\" data-medium-file=\"https:\/\/i0.wp.com\/agrund.com\/wp-content\/uploads\/sites\/6\/2019\/07\/Stella-McCartney-Fall-Winter-2019-agrund.jpg?fit=300%2C195&amp;ssl=1\" data-large-file=\"https:\/\/i0.wp.com\/agrund.com\/wp-content\/uploads\/sites\/6\/2019\/07\/Stella-McCartney-Fall-Winter-2019-agrund.jpg?fit=600%2C389&amp;ssl=1\" decoding=\"async\" loading=\"lazy\" width=\"600\" height=\"389\" src=\"https:\/\/i0.wp.com\/www.agrund.com\/wp-content\/uploads\/sites\/6\/2019\/07\/Stella-McCartney-Fall-Winter-2019-agrund.jpg?resize=600%2C389&#038;ssl=1\" alt=\"\" class=\"wp-image-200162\" srcset=\"https:\/\/i0.wp.com\/agrund.com\/wp-content\/uploads\/sites\/6\/2019\/07\/Stella-McCartney-Fall-Winter-2019-agrund.jpg?w=600&amp;ssl=1 600w, https:\/\/i0.wp.com\/agrund.com\/wp-content\/uploads\/sites\/6\/2019\/07\/Stella-McCartney-Fall-Winter-2019-agrund.jpg?resize=300%2C195&amp;ssl=1 300w\" sizes=\"(max-width: 600px) 100vw, 600px\" data-recalc-dims=\"1\" \/><figcaption>Stella McCartney fotografa campanha no Pa\u00eds de Gales  <\/figcaption><\/figure><\/div>\n\n\n\n<div class=\"wp-block-image\"><figure class=\"aligncenter\"><img data-attachment-id=\"200163\" data-permalink=\"https:\/\/agrund.com\/index.php\/stella-mccartney-fotografa-campanha-no-pais-de-gales\/stella-mccartney-fall-winter-2019-agrund-4\/\" data-orig-file=\"https:\/\/i0.wp.com\/agrund.com\/wp-content\/uploads\/sites\/6\/2019\/07\/Stella-McCartney-Fall-Winter-2019-agrund-4.jpg?fit=600%2C389&amp;ssl=1\" data-orig-size=\"600,389\" data-comments-opened=\"1\" data-image-meta=\"{&quot;aperture&quot;:&quot;0&quot;,&quot;credit&quot;:&quot;&quot;,&quot;camera&quot;:&quot;&quot;,&quot;caption&quot;:&quot;&quot;,&quot;created_timestamp&quot;:&quot;0&quot;,&quot;copyright&quot;:&quot;&quot;,&quot;focal_length&quot;:&quot;0&quot;,&quot;iso&quot;:&quot;0&quot;,&quot;shutter_speed&quot;:&quot;0&quot;,&quot;title&quot;:&quot;&quot;,&quot;orientation&quot;:&quot;1&quot;}\" data-image-title=\"Stella-McCartney-Fall-Winter-2019-agrund-4\" data-image-description=\"\" data-image-caption=\"\" data-medium-file=\"https:\/\/i0.wp.com\/agrund.com\/wp-content\/uploads\/sites\/6\/2019\/07\/Stella-McCartney-Fall-Winter-2019-agrund-4.jpg?fit=300%2C195&amp;ssl=1\" data-large-file=\"https:\/\/i0.wp.com\/agrund.com\/wp-content\/uploads\/sites\/6\/2019\/07\/Stella-McCartney-Fall-Winter-2019-agrund-4.jpg?fit=600%2C389&amp;ssl=1\" decoding=\"async\" loading=\"lazy\" width=\"600\" height=\"389\" src=\"https:\/\/i0.wp.com\/www.agrund.com\/wp-content\/uploads\/sites\/6\/2019\/07\/Stella-McCartney-Fall-Winter-2019-agrund-4.jpg?resize=600%2C389&#038;ssl=1\" alt=\"\" class=\"wp-image-200163\" srcset=\"https:\/\/i0.wp.com\/agrund.com\/wp-content\/uploads\/sites\/6\/2019\/07\/Stella-McCartney-Fall-Winter-2019-agrund-4.jpg?w=600&amp;ssl=1 600w, https:\/\/i0.wp.com\/agrund.com\/wp-content\/uploads\/sites\/6\/2019\/07\/Stella-McCartney-Fall-Winter-2019-agrund-4.jpg?resize=300%2C195&amp;ssl=1 300w\" sizes=\"(max-width: 600px) 100vw, 600px\" data-recalc-dims=\"1\" \/><figcaption>Stella McCartney fotografa campanha no Pa\u00eds de Gales  <\/figcaption><\/figure><\/div>\n\n\n\n<div class=\"wp-block-image\"><figure class=\"aligncenter\"><img data-attachment-id=\"200164\" data-permalink=\"https:\/\/agrund.com\/index.php\/stella-mccartney-fotografa-campanha-no-pais-de-gales\/stella-mccartney-fall-winter-2019-agrund-7\/\" data-orig-file=\"https:\/\/i0.wp.com\/agrund.com\/wp-content\/uploads\/sites\/6\/2019\/07\/Stella-McCartney-Fall-Winter-2019-agrund-7.jpg?fit=600%2C400&amp;ssl=1\" data-orig-size=\"600,400\" data-comments-opened=\"1\" data-image-meta=\"{&quot;aperture&quot;:&quot;0&quot;,&quot;credit&quot;:&quot;&quot;,&quot;camera&quot;:&quot;&quot;,&quot;caption&quot;:&quot;&quot;,&quot;created_timestamp&quot;:&quot;0&quot;,&quot;copyright&quot;:&quot;&quot;,&quot;focal_length&quot;:&quot;0&quot;,&quot;iso&quot;:&quot;0&quot;,&quot;shutter_speed&quot;:&quot;0&quot;,&quot;title&quot;:&quot;&quot;,&quot;orientation&quot;:&quot;1&quot;}\" data-image-title=\"Stella-McCartney-Fall-Winter-2019-agrund-7\" data-image-description=\"\" data-image-caption=\"\" data-medium-file=\"https:\/\/i0.wp.com\/agrund.com\/wp-content\/uploads\/sites\/6\/2019\/07\/Stella-McCartney-Fall-Winter-2019-agrund-7.jpg?fit=300%2C200&amp;ssl=1\" data-large-file=\"https:\/\/i0.wp.com\/agrund.com\/wp-content\/uploads\/sites\/6\/2019\/07\/Stella-McCartney-Fall-Winter-2019-agrund-7.jpg?fit=600%2C400&amp;ssl=1\" decoding=\"async\" loading=\"lazy\" width=\"600\" height=\"400\" src=\"https:\/\/i0.wp.com\/www.agrund.com\/wp-content\/uploads\/sites\/6\/2019\/07\/Stella-McCartney-Fall-Winter-2019-agrund-7.jpg?resize=600%2C400&#038;ssl=1\" alt=\"\" class=\"wp-image-200164\" srcset=\"https:\/\/i0.wp.com\/agrund.com\/wp-content\/uploads\/sites\/6\/2019\/07\/Stella-McCartney-Fall-Winter-2019-agrund-7.jpg?w=600&amp;ssl=1 600w, https:\/\/i0.wp.com\/agrund.com\/wp-content\/uploads\/sites\/6\/2019\/07\/Stella-McCartney-Fall-Winter-2019-agrund-7.jpg?resize=300%2C200&amp;ssl=1 300w\" sizes=\"(max-width: 600px) 100vw, 600px\" data-recalc-dims=\"1\" \/><figcaption>Stella McCartney fotografa campanha no Pa\u00eds de Gales  <\/figcaption><\/figure><\/div>\n\n\n\n<div class=\"wp-block-image\"><figure class=\"aligncenter\"><img data-attachment-id=\"200165\" data-permalink=\"https:\/\/agrund.com\/index.php\/stella-mccartney-fotografa-campanha-no-pais-de-gales\/stella-mccartney-fall-winter-2019-agrund-3\/\" data-orig-file=\"https:\/\/i0.wp.com\/agrund.com\/wp-content\/uploads\/sites\/6\/2019\/07\/Stella-McCartney-Fall-Winter-2019-agrund-3.jpg?fit=600%2C400&amp;ssl=1\" data-orig-size=\"600,400\" data-comments-opened=\"1\" data-image-meta=\"{&quot;aperture&quot;:&quot;0&quot;,&quot;credit&quot;:&quot;&quot;,&quot;camera&quot;:&quot;&quot;,&quot;caption&quot;:&quot;&quot;,&quot;created_timestamp&quot;:&quot;0&quot;,&quot;copyright&quot;:&quot;&quot;,&quot;focal_length&quot;:&quot;0&quot;,&quot;iso&quot;:&quot;0&quot;,&quot;shutter_speed&quot;:&quot;0&quot;,&quot;title&quot;:&quot;&quot;,&quot;orientation&quot;:&quot;1&quot;}\" data-image-title=\"Stella-McCartney-Fall-Winter-2019-agrund-3\" data-image-description=\"\" data-image-caption=\"\" data-medium-file=\"https:\/\/i0.wp.com\/agrund.com\/wp-content\/uploads\/sites\/6\/2019\/07\/Stella-McCartney-Fall-Winter-2019-agrund-3.jpg?fit=300%2C200&amp;ssl=1\" data-large-file=\"https:\/\/i0.wp.com\/agrund.com\/wp-content\/uploads\/sites\/6\/2019\/07\/Stella-McCartney-Fall-Winter-2019-agrund-3.jpg?fit=600%2C400&amp;ssl=1\" decoding=\"async\" loading=\"lazy\" width=\"600\" height=\"400\" src=\"https:\/\/i0.wp.com\/www.agrund.com\/wp-content\/uploads\/sites\/6\/2019\/07\/Stella-McCartney-Fall-Winter-2019-agrund-3.jpg?resize=600%2C400&#038;ssl=1\" alt=\"\" class=\"wp-image-200165\" srcset=\"https:\/\/i0.wp.com\/agrund.com\/wp-content\/uploads\/sites\/6\/2019\/07\/Stella-McCartney-Fall-Winter-2019-agrund-3.jpg?w=600&amp;ssl=1 600w, https:\/\/i0.wp.com\/agrund.com\/wp-content\/uploads\/sites\/6\/2019\/07\/Stella-McCartney-Fall-Winter-2019-agrund-3.jpg?resize=300%2C200&amp;ssl=1 300w\" sizes=\"(max-width: 600px) 100vw, 600px\" data-recalc-dims=\"1\" \/><figcaption>Stella McCartney fotografa campanha no Pa\u00eds de Gales  <\/figcaption><\/figure><\/div>\n\n\n\n<div class=\"wp-block-image\"><figure class=\"aligncenter\"><img data-attachment-id=\"200166\" data-permalink=\"https:\/\/agrund.com\/index.php\/stella-mccartney-fotografa-campanha-no-pais-de-gales\/stella-mccartney-fall-winter-2019-agrund-2\/\" data-orig-file=\"https:\/\/i0.wp.com\/agrund.com\/wp-content\/uploads\/sites\/6\/2019\/07\/Stella-McCartney-Fall-Winter-2019-agrund-2.jpg?fit=600%2C389&amp;ssl=1\" data-orig-size=\"600,389\" data-comments-opened=\"1\" data-image-meta=\"{&quot;aperture&quot;:&quot;0&quot;,&quot;credit&quot;:&quot;&quot;,&quot;camera&quot;:&quot;&quot;,&quot;caption&quot;:&quot;&quot;,&quot;created_timestamp&quot;:&quot;0&quot;,&quot;copyright&quot;:&quot;&quot;,&quot;focal_length&quot;:&quot;0&quot;,&quot;iso&quot;:&quot;0&quot;,&quot;shutter_speed&quot;:&quot;0&quot;,&quot;title&quot;:&quot;&quot;,&quot;orientation&quot;:&quot;1&quot;}\" data-image-title=\"Stella-McCartney-Fall-Winter-2019-agrund-2\" data-image-description=\"\" data-image-caption=\"\" data-medium-file=\"https:\/\/i0.wp.com\/agrund.com\/wp-content\/uploads\/sites\/6\/2019\/07\/Stella-McCartney-Fall-Winter-2019-agrund-2.jpg?fit=300%2C195&amp;ssl=1\" data-large-file=\"https:\/\/i0.wp.com\/agrund.com\/wp-content\/uploads\/sites\/6\/2019\/07\/Stella-McCartney-Fall-Winter-2019-agrund-2.jpg?fit=600%2C389&amp;ssl=1\" decoding=\"async\" loading=\"lazy\" width=\"600\" height=\"389\" src=\"https:\/\/i0.wp.com\/www.agrund.com\/wp-content\/uploads\/sites\/6\/2019\/07\/Stella-McCartney-Fall-Winter-2019-agrund-2.jpg?resize=600%2C389&#038;ssl=1\" alt=\"\" class=\"wp-image-200166\" srcset=\"https:\/\/i0.wp.com\/agrund.com\/wp-content\/uploads\/sites\/6\/2019\/07\/Stella-McCartney-Fall-Winter-2019-agrund-2.jpg?w=600&amp;ssl=1 600w, https:\/\/i0.wp.com\/agrund.com\/wp-content\/uploads\/sites\/6\/2019\/07\/Stella-McCartney-Fall-Winter-2019-agrund-2.jpg?resize=300%2C195&amp;ssl=1 300w\" sizes=\"(max-width: 600px) 100vw, 600px\" data-recalc-dims=\"1\" \/><figcaption>Stella McCartney fotografa campanha no Pa\u00eds de Gales  <\/figcaption><\/figure><\/div>\n\n\n\n<div class=\"wp-block-image\"><figure class=\"aligncenter\"><img data-attachment-id=\"200168\" data-permalink=\"https:\/\/agrund.com\/index.php\/stella-mccartney-fotografa-campanha-no-pais-de-gales\/stella-mccartney-fall-winter-2019-agrund-5\/\" data-orig-file=\"https:\/\/i0.wp.com\/agrund.com\/wp-content\/uploads\/sites\/6\/2019\/07\/Stella-McCartney-Fall-Winter-2019-agrund-5.jpg?fit=600%2C400&amp;ssl=1\" data-orig-size=\"600,400\" data-comments-opened=\"1\" data-image-meta=\"{&quot;aperture&quot;:&quot;0&quot;,&quot;credit&quot;:&quot;&quot;,&quot;camera&quot;:&quot;&quot;,&quot;caption&quot;:&quot;&quot;,&quot;created_timestamp&quot;:&quot;0&quot;,&quot;copyright&quot;:&quot;&quot;,&quot;focal_length&quot;:&quot;0&quot;,&quot;iso&quot;:&quot;0&quot;,&quot;shutter_speed&quot;:&quot;0&quot;,&quot;title&quot;:&quot;&quot;,&quot;orientation&quot;:&quot;1&quot;}\" data-image-title=\"Stella-McCartney-Fall-Winter-2019-agrund-5\" data-image-description=\"\" data-image-caption=\"\" data-medium-file=\"https:\/\/i0.wp.com\/agrund.com\/wp-content\/uploads\/sites\/6\/2019\/07\/Stella-McCartney-Fall-Winter-2019-agrund-5.jpg?fit=300%2C200&amp;ssl=1\" data-large-file=\"https:\/\/i0.wp.com\/agrund.com\/wp-content\/uploads\/sites\/6\/2019\/07\/Stella-McCartney-Fall-Winter-2019-agrund-5.jpg?fit=600%2C400&amp;ssl=1\" decoding=\"async\" loading=\"lazy\" width=\"600\" height=\"400\" src=\"https:\/\/i0.wp.com\/www.agrund.com\/wp-content\/uploads\/sites\/6\/2019\/07\/Stella-McCartney-Fall-Winter-2019-agrund-5.jpg?resize=600%2C400&#038;ssl=1\" alt=\"\" class=\"wp-image-200168\" srcset=\"https:\/\/i0.wp.com\/agrund.com\/wp-content\/uploads\/sites\/6\/2019\/07\/Stella-McCartney-Fall-Winter-2019-agrund-5.jpg?w=600&amp;ssl=1 600w, https:\/\/i0.wp.com\/agrund.com\/wp-content\/uploads\/sites\/6\/2019\/07\/Stella-McCartney-Fall-Winter-2019-agrund-5.jpg?resize=300%2C200&amp;ssl=1 300w\" sizes=\"(max-width: 600px) 100vw, 600px\" data-recalc-dims=\"1\" \/><figcaption>Stella McCartney fotografa campanha no Pa\u00eds de Gales  <\/figcaption><\/figure><\/div>\n\n\n\n<div class=\"wp-block-image\"><figure class=\"aligncenter\"><img data-attachment-id=\"200169\" data-permalink=\"https:\/\/agrund.com\/index.php\/stella-mccartney-fotografa-campanha-no-pais-de-gales\/stella-mccartney-fall-winter-2019-agrund-6-1\/\" data-orig-file=\"https:\/\/i0.wp.com\/agrund.com\/wp-content\/uploads\/sites\/6\/2019\/07\/Stella-McCartney-Fall-Winter-2019-agrund-6-1.jpg?fit=600%2C389&amp;ssl=1\" data-orig-size=\"600,389\" data-comments-opened=\"1\" data-image-meta=\"{&quot;aperture&quot;:&quot;0&quot;,&quot;credit&quot;:&quot;&quot;,&quot;camera&quot;:&quot;&quot;,&quot;caption&quot;:&quot;&quot;,&quot;created_timestamp&quot;:&quot;0&quot;,&quot;copyright&quot;:&quot;&quot;,&quot;focal_length&quot;:&quot;0&quot;,&quot;iso&quot;:&quot;0&quot;,&quot;shutter_speed&quot;:&quot;0&quot;,&quot;title&quot;:&quot;&quot;,&quot;orientation&quot;:&quot;1&quot;}\" data-image-title=\"Stella-McCartney-Fall-Winter-2019-agrund-6-1\" data-image-description=\"\" data-image-caption=\"\" data-medium-file=\"https:\/\/i0.wp.com\/agrund.com\/wp-content\/uploads\/sites\/6\/2019\/07\/Stella-McCartney-Fall-Winter-2019-agrund-6-1.jpg?fit=300%2C195&amp;ssl=1\" data-large-file=\"https:\/\/i0.wp.com\/agrund.com\/wp-content\/uploads\/sites\/6\/2019\/07\/Stella-McCartney-Fall-Winter-2019-agrund-6-1.jpg?fit=600%2C389&amp;ssl=1\" decoding=\"async\" loading=\"lazy\" width=\"600\" height=\"389\" src=\"https:\/\/i0.wp.com\/www.agrund.com\/wp-content\/uploads\/sites\/6\/2019\/07\/Stella-McCartney-Fall-Winter-2019-agrund-6-1.jpg?resize=600%2C389&#038;ssl=1\" alt=\"\" class=\"wp-image-200169\" srcset=\"https:\/\/i0.wp.com\/agrund.com\/wp-content\/uploads\/sites\/6\/2019\/07\/Stella-McCartney-Fall-Winter-2019-agrund-6-1.jpg?w=600&amp;ssl=1 600w, https:\/\/i0.wp.com\/agrund.com\/wp-content\/uploads\/sites\/6\/2019\/07\/Stella-McCartney-Fall-Winter-2019-agrund-6-1.jpg?resize=300%2C195&amp;ssl=1 300w\" sizes=\"(max-width: 600px) 100vw, 600px\" data-recalc-dims=\"1\" \/><figcaption>Stella McCartney fotografa campanha no Pa\u00eds de Gales  <\/figcaption><\/figure><\/div>\n\n\n\n<p>Fotos: Reprodu\u00e7\u00e3o\/ Stella McCartney. <\/p>\n","protected":false},"excerpt":{"rendered":"<p>O meio-ambiente e a natureza sempre s\u00e3o o foco das cria\u00e7\u00f5es de Stella McCartney e desta vez eles tamb\u00e9m est\u00e3o na campanha. Para apresentar a cole\u00e7\u00e3o outono\/inverno 2019, a marca levou Amber Valletta, Chu Wong, Tori Tsui, Emma Laird, Trinity Hill, Ruby Munslow, Deya Ward e Chloe Pearson para o interior do Pa\u00eds de Gales, [&hellip;]<\/p>\n","protected":false},"author":8,"featured_media":200170,"comment_status":"open","ping_status":"open","sticky":false,"template":"","format":"standard","meta":{"jetpack_post_was_ever_published":false,"_jetpack_newsletter_access":"","jetpack_publicize_message":"","jetpack_is_tweetstorm":false,"jetpack_publicize_feature_enabled":true,"jetpack_social_post_already_shared":true,"jetpack_social_options":{"image_generator_settings":{"template":"highway","enabled":false}}},"categories":[2],"tags":[395,375,445,390,347,67,265],"jetpack_publicize_connections":[],"jetpack_featured_media_url":"https:\/\/i0.wp.com\/agrund.com\/wp-content\/uploads\/sites\/6\/2019\/07\/s-83.jpg?fit=960%2C300&ssl=1","jetpack_sharing_enabled":true,"jetpack_shortlink":"https:\/\/wp.me\/p3Hz0n-Q4p","jetpack_likes_enabled":true,"_links":{"self":[{"href":"https:\/\/agrund.com\/index.php\/wp-json\/wp\/v2\/posts\/200161"}],"collection":[{"href":"https:\/\/agrund.com\/index.php\/wp-json\/wp\/v2\/posts"}],"about":[{"href":"https:\/\/agrund.com\/index.php\/wp-json\/wp\/v2\/types\/post"}],"author":[{"embeddable":true,"href":"https:\/\/agrund.com\/index.php\/wp-json\/wp\/v2\/users\/8"}],"replies":[{"embeddable":true,"href":"https:\/\/agrund.com\/index.php\/wp-json\/wp\/v2\/comments?post=200161"}],"version-history":[{"count":1,"href":"https:\/\/agrund.com\/index.php\/wp-json\/wp\/v2\/posts\/200161\/revisions"}],"predecessor-version":[{"id":200171,"href":"https:\/\/agrund.com\/index.php\/wp-json\/wp\/v2\/posts\/200161\/revisions\/200171"}],"wp:featuredmedia":[{"embeddable":true,"href":"https:\/\/agrund.com\/index.php\/wp-json\/wp\/v2\/media\/200170"}],"wp:attachment":[{"href":"https:\/\/agrund.com\/index.php\/wp-json\/wp\/v2\/media?parent=200161"}],"wp:term":[{"taxonomy":"category","embeddable":true,"href":"https:\/\/agrund.com\/index.php\/wp-json\/wp\/v2\/categories?post=200161"},{"taxonomy":"post_tag","embeddable":true,"href":"https:\/\/agrund.com\/index.php\/wp-json\/wp\/v2\/tags?post=200161"}],"curies":[{"name":"wp","href":"https:\/\/api.w.org\/{rel}","templated":true}]}}