{"id":200138,"date":"2019-07-24T18:00:28","date_gmt":"2019-07-24T21:00:28","guid":{"rendered":"https:\/\/www.agrund.com\/?p=200138"},"modified":"2019-07-24T16:15:38","modified_gmt":"2019-07-24T19:15:38","slug":"pierre-cardin-ganha-exposicao-no-brooklyn-museum","status":"publish","type":"post","link":"https:\/\/agrund.com\/index.php\/pierre-cardin-ganha-exposicao-no-brooklyn-museum\/","title":{"rendered":"Pierre Cardin ganha exposi\u00e7\u00e3o no Brooklyn Museum"},"content":{"rendered":"\n<p>O Brooklyn Museum abriu as portas de uma exposi\u00e7\u00e3o muito especial para quem gosta de moda. Chamada \u201cPierre Cardin: Future Fashion\u201d, ela faz uma retrospectiva dos 70 anos de carreira do estilista que marcou algumas gera\u00e7\u00f5es revolucionando a maneira de se fazer moda, principalmente nas d\u00e9cadas de 60 e 70.\u00a0<\/p>\n\n\n\n<p>A exibi\u00e7\u00e3o multim\u00eddia conta com 19 salas, nas quais os visitantes encontram roupas, acess\u00f3rios, m\u00f3veis, fotografias, croquis e v\u00eddeos assinados ou relacionados \u00e0 vida de Cardin. H\u00e1 espa\u00e7os dedicados aos figurinos de cinema, \u00e0 moda unissex e os novos materiais que ele passou a utilizar na confec\u00e7\u00e3o dos looks.\u00a0<\/p>\n\n\n\n<p>Para o curador da exibi\u00e7\u00e3o,\u00a0Matthew Yokobosky, os destaques da exposi\u00e7\u00e3o s\u00e3o os vestidos dos anos 70, com suas modelagens incr\u00edveis, \u00e0s roupas que acendem gra\u00e7as \u00e0s luzes costuradas.<\/p>\n\n\n\n<p>\u201cPierre Cardin: Future Fashion\u201d fica em cartaz at\u00e9 o dia 5 de janeiro de 2020. Veja algumas imagens divulgadas pelo museu:&nbsp;<\/p>\n\n\n\n<div class=\"wp-block-image\"><figure class=\"aligncenter\"><img data-attachment-id=\"200139\" data-permalink=\"https:\/\/agrund.com\/index.php\/pierre-cardin-ganha-exposicao-no-brooklyn-museum\/pierre-cardins-future-fashion-exhibition-to-open-at-the-brooklyn-museum\/\" data-orig-file=\"https:\/\/i0.wp.com\/agrund.com\/wp-content\/uploads\/sites\/6\/2019\/07\/pierre-cardin-brooklyn-museum-agrund.jpg?fit=600%2C400&amp;ssl=1\" data-orig-size=\"600,400\" data-comments-opened=\"1\" data-image-meta=\"{&quot;aperture&quot;:&quot;9&quot;,&quot;credit&quot;:&quot;George Chinsee\\\/WWD&quot;,&quot;camera&quot;:&quot;ILCE-7RM3&quot;,&quot;caption&quot;:&quot;\\&quot;Pierre Cardin: Future Fashion\\u201d will run at the Brooklyn Museum from July 20th through January 5th.&quot;,&quot;created_timestamp&quot;:&quot;1563291308&quot;,&quot;copyright&quot;:&quot;&quot;,&quot;focal_length&quot;:&quot;17&quot;,&quot;iso&quot;:&quot;2000&quot;,&quot;shutter_speed&quot;:&quot;0.5&quot;,&quot;title&quot;:&quot;Pierre Cardin\\u2019s \\u2018Future Fashion\\u2019 Exhibition to Open at the Brooklyn Museum&quot;,&quot;orientation&quot;:&quot;1&quot;}\" data-image-title=\"Pierre Cardin\u2019s \u2018Future Fashion\u2019 Exhibition to Open at the Brooklyn Museum\" data-image-description=\"\" data-image-caption=\"&lt;p&gt;&#8220;Pierre Cardin: Future Fashion\u201d will run at the Brooklyn Museum from July 20th through January 5th.&lt;\/p&gt;\n\" data-medium-file=\"https:\/\/i0.wp.com\/agrund.com\/wp-content\/uploads\/sites\/6\/2019\/07\/pierre-cardin-brooklyn-museum-agrund.jpg?fit=300%2C200&amp;ssl=1\" data-large-file=\"https:\/\/i0.wp.com\/agrund.com\/wp-content\/uploads\/sites\/6\/2019\/07\/pierre-cardin-brooklyn-museum-agrund.jpg?fit=600%2C400&amp;ssl=1\" decoding=\"async\" loading=\"lazy\" width=\"600\" height=\"400\" src=\"https:\/\/i0.wp.com\/www.agrund.com\/wp-content\/uploads\/sites\/6\/2019\/07\/pierre-cardin-brooklyn-museum-agrund.jpg?resize=600%2C400&#038;ssl=1\" alt=\"\" class=\"wp-image-200139\" srcset=\"https:\/\/i0.wp.com\/agrund.com\/wp-content\/uploads\/sites\/6\/2019\/07\/pierre-cardin-brooklyn-museum-agrund.jpg?w=600&amp;ssl=1 600w, https:\/\/i0.wp.com\/agrund.com\/wp-content\/uploads\/sites\/6\/2019\/07\/pierre-cardin-brooklyn-museum-agrund.jpg?resize=300%2C200&amp;ssl=1 300w\" sizes=\"(max-width: 600px) 100vw, 600px\" data-recalc-dims=\"1\" \/><figcaption>Pierre Cardin ganha exposi\u00e7\u00e3o no Brooklyn Museum<\/figcaption><\/figure><\/div>\n\n\n\n<div class=\"wp-block-image\"><figure class=\"aligncenter\"><img data-attachment-id=\"200140\" data-permalink=\"https:\/\/agrund.com\/index.php\/pierre-cardin-ganha-exposicao-no-brooklyn-museum\/pierre-cardins-future-fashion-exhibition-to-open-at-the-brooklyn-museum-2\/\" data-orig-file=\"https:\/\/i0.wp.com\/agrund.com\/wp-content\/uploads\/sites\/6\/2019\/07\/pierre-cardin-brooklyn-museum-agrund-4.jpg?fit=600%2C400&amp;ssl=1\" data-orig-size=\"600,400\" data-comments-opened=\"1\" data-image-meta=\"{&quot;aperture&quot;:&quot;8&quot;,&quot;credit&quot;:&quot;George Chinsee\\\/WWD&quot;,&quot;camera&quot;:&quot;ILCE-7RM3&quot;,&quot;caption&quot;:&quot;\\&quot;Pierre Cardin: Future Fashion\\u201d will run at the Brooklyn Museum from July 20th through January 5th.&quot;,&quot;created_timestamp&quot;:&quot;1563291628&quot;,&quot;copyright&quot;:&quot;&quot;,&quot;focal_length&quot;:&quot;28&quot;,&quot;iso&quot;:&quot;2000&quot;,&quot;shutter_speed&quot;:&quot;0.6&quot;,&quot;title&quot;:&quot;Pierre Cardin\\u2019s \\u2018Future Fashion\\u2019 Exhibition to Open at the Brooklyn Museum&quot;,&quot;orientation&quot;:&quot;1&quot;}\" data-image-title=\"Pierre Cardin\u2019s \u2018Future Fashion\u2019 Exhibition to Open at the Brooklyn Museum\" data-image-description=\"\" data-image-caption=\"&lt;p&gt;&#8220;Pierre Cardin: Future Fashion\u201d will run at the Brooklyn Museum from July 20th through January 5th.&lt;\/p&gt;\n\" data-medium-file=\"https:\/\/i0.wp.com\/agrund.com\/wp-content\/uploads\/sites\/6\/2019\/07\/pierre-cardin-brooklyn-museum-agrund-4.jpg?fit=300%2C200&amp;ssl=1\" data-large-file=\"https:\/\/i0.wp.com\/agrund.com\/wp-content\/uploads\/sites\/6\/2019\/07\/pierre-cardin-brooklyn-museum-agrund-4.jpg?fit=600%2C400&amp;ssl=1\" decoding=\"async\" loading=\"lazy\" width=\"600\" height=\"400\" src=\"https:\/\/i0.wp.com\/www.agrund.com\/wp-content\/uploads\/sites\/6\/2019\/07\/pierre-cardin-brooklyn-museum-agrund-4.jpg?resize=600%2C400&#038;ssl=1\" alt=\"\" class=\"wp-image-200140\" srcset=\"https:\/\/i0.wp.com\/agrund.com\/wp-content\/uploads\/sites\/6\/2019\/07\/pierre-cardin-brooklyn-museum-agrund-4.jpg?w=600&amp;ssl=1 600w, https:\/\/i0.wp.com\/agrund.com\/wp-content\/uploads\/sites\/6\/2019\/07\/pierre-cardin-brooklyn-museum-agrund-4.jpg?resize=300%2C200&amp;ssl=1 300w\" sizes=\"(max-width: 600px) 100vw, 600px\" data-recalc-dims=\"1\" \/><figcaption>Pierre Cardin ganha exposi\u00e7\u00e3o no Brooklyn Museum<\/figcaption><\/figure><\/div>\n\n\n\n<div class=\"wp-block-image\"><figure class=\"aligncenter\"><img data-attachment-id=\"200141\" data-permalink=\"https:\/\/agrund.com\/index.php\/pierre-cardin-ganha-exposicao-no-brooklyn-museum\/pierre-cardins-future-fashion-exhibition-to-open-at-the-brooklyn-museum-3\/\" data-orig-file=\"https:\/\/i0.wp.com\/agrund.com\/wp-content\/uploads\/sites\/6\/2019\/07\/pierre-cardin-brooklyn-museum-agrund-3.jpg?fit=600%2C900&amp;ssl=1\" data-orig-size=\"600,900\" data-comments-opened=\"1\" data-image-meta=\"{&quot;aperture&quot;:&quot;8&quot;,&quot;credit&quot;:&quot;George Chinsee\\\/WWD&quot;,&quot;camera&quot;:&quot;ILCE-7RM3&quot;,&quot;caption&quot;:&quot;\\&quot;Pierre Cardin: Future Fashion\\u201d will run at the Brooklyn Museum from July 20th through January 5th.&quot;,&quot;created_timestamp&quot;:&quot;1563288038&quot;,&quot;copyright&quot;:&quot;&quot;,&quot;focal_length&quot;:&quot;39&quot;,&quot;iso&quot;:&quot;2000&quot;,&quot;shutter_speed&quot;:&quot;0.4&quot;,&quot;title&quot;:&quot;Pierre Cardin\\u2019s \\u2018Future Fashion\\u2019 Exhibition to Open at the Brooklyn Museum&quot;,&quot;orientation&quot;:&quot;1&quot;}\" data-image-title=\"Pierre Cardin\u2019s \u2018Future Fashion\u2019 Exhibition to Open at the Brooklyn Museum\" data-image-description=\"\" data-image-caption=\"&lt;p&gt;&#8220;Pierre Cardin: Future Fashion\u201d will run at the Brooklyn Museum from July 20th through January 5th.&lt;\/p&gt;\n\" data-medium-file=\"https:\/\/i0.wp.com\/agrund.com\/wp-content\/uploads\/sites\/6\/2019\/07\/pierre-cardin-brooklyn-museum-agrund-3.jpg?fit=200%2C300&amp;ssl=1\" data-large-file=\"https:\/\/i0.wp.com\/agrund.com\/wp-content\/uploads\/sites\/6\/2019\/07\/pierre-cardin-brooklyn-museum-agrund-3.jpg?fit=600%2C900&amp;ssl=1\" decoding=\"async\" loading=\"lazy\" width=\"600\" height=\"900\" src=\"https:\/\/i0.wp.com\/www.agrund.com\/wp-content\/uploads\/sites\/6\/2019\/07\/pierre-cardin-brooklyn-museum-agrund-3.jpg?resize=600%2C900&#038;ssl=1\" alt=\"\" class=\"wp-image-200141\" srcset=\"https:\/\/i0.wp.com\/agrund.com\/wp-content\/uploads\/sites\/6\/2019\/07\/pierre-cardin-brooklyn-museum-agrund-3.jpg?w=600&amp;ssl=1 600w, https:\/\/i0.wp.com\/agrund.com\/wp-content\/uploads\/sites\/6\/2019\/07\/pierre-cardin-brooklyn-museum-agrund-3.jpg?resize=200%2C300&amp;ssl=1 200w\" sizes=\"(max-width: 600px) 100vw, 600px\" data-recalc-dims=\"1\" \/><figcaption>Pierre Cardin ganha exposi\u00e7\u00e3o no Brooklyn Museum<\/figcaption><\/figure><\/div>\n\n\n\n<div class=\"wp-block-image\"><figure class=\"aligncenter\"><img data-attachment-id=\"200142\" data-permalink=\"https:\/\/agrund.com\/index.php\/pierre-cardin-ganha-exposicao-no-brooklyn-museum\/pierre-cardins-future-fashion-exhibition-to-open-at-the-brooklyn-museum-4\/\" data-orig-file=\"https:\/\/i0.wp.com\/agrund.com\/wp-content\/uploads\/sites\/6\/2019\/07\/pierre-cardin-brooklyn-museum-agrund-2.jpg?fit=600%2C400&amp;ssl=1\" data-orig-size=\"600,400\" data-comments-opened=\"1\" data-image-meta=\"{&quot;aperture&quot;:&quot;8&quot;,&quot;credit&quot;:&quot;George Chinsee\\\/WWD&quot;,&quot;camera&quot;:&quot;ILCE-7RM3&quot;,&quot;caption&quot;:&quot;\\&quot;Pierre Cardin: Future Fashion\\u201d will run at the Brooklyn Museum from July 20th through January 5th.&quot;,&quot;created_timestamp&quot;:&quot;1563287661&quot;,&quot;copyright&quot;:&quot;&quot;,&quot;focal_length&quot;:&quot;56&quot;,&quot;iso&quot;:&quot;2000&quot;,&quot;shutter_speed&quot;:&quot;0.33333333333333&quot;,&quot;title&quot;:&quot;Pierre Cardin\\u2019s \\u2018Future Fashion\\u2019 Exhibition to Open at the Brooklyn Museum&quot;,&quot;orientation&quot;:&quot;1&quot;}\" data-image-title=\"Pierre Cardin\u2019s \u2018Future Fashion\u2019 Exhibition to Open at the Brooklyn Museum\" data-image-description=\"\" data-image-caption=\"&lt;p&gt;&#8220;Pierre Cardin: Future Fashion\u201d will run at the Brooklyn Museum from July 20th through January 5th.&lt;\/p&gt;\n\" data-medium-file=\"https:\/\/i0.wp.com\/agrund.com\/wp-content\/uploads\/sites\/6\/2019\/07\/pierre-cardin-brooklyn-museum-agrund-2.jpg?fit=300%2C200&amp;ssl=1\" data-large-file=\"https:\/\/i0.wp.com\/agrund.com\/wp-content\/uploads\/sites\/6\/2019\/07\/pierre-cardin-brooklyn-museum-agrund-2.jpg?fit=600%2C400&amp;ssl=1\" decoding=\"async\" loading=\"lazy\" width=\"600\" height=\"400\" src=\"https:\/\/i0.wp.com\/www.agrund.com\/wp-content\/uploads\/sites\/6\/2019\/07\/pierre-cardin-brooklyn-museum-agrund-2.jpg?resize=600%2C400&#038;ssl=1\" alt=\"\" class=\"wp-image-200142\" srcset=\"https:\/\/i0.wp.com\/agrund.com\/wp-content\/uploads\/sites\/6\/2019\/07\/pierre-cardin-brooklyn-museum-agrund-2.jpg?w=600&amp;ssl=1 600w, https:\/\/i0.wp.com\/agrund.com\/wp-content\/uploads\/sites\/6\/2019\/07\/pierre-cardin-brooklyn-museum-agrund-2.jpg?resize=300%2C200&amp;ssl=1 300w\" sizes=\"(max-width: 600px) 100vw, 600px\" data-recalc-dims=\"1\" \/><figcaption>Pierre Cardin ganha exposi\u00e7\u00e3o no Brooklyn Museum<\/figcaption><\/figure><\/div>\n\n\n\n<p>Fotos: Reprodu\u00e7\u00e3o\/ WWD. <\/p>\n","protected":false},"excerpt":{"rendered":"<p>O Brooklyn Museum abriu as portas de uma exposi\u00e7\u00e3o muito especial para quem gosta de moda. Chamada \u201cPierre Cardin: Future Fashion\u201d, ela faz uma retrospectiva dos 70 anos de carreira do estilista que marcou algumas gera\u00e7\u00f5es revolucionando a maneira de se fazer moda, principalmente nas d\u00e9cadas de 60 e 70.\u00a0 A exibi\u00e7\u00e3o multim\u00eddia conta com [&hellip;]<\/p>\n","protected":false},"author":8,"featured_media":200143,"comment_status":"open","ping_status":"open","sticky":false,"template":"","format":"standard","meta":{"jetpack_post_was_ever_published":false,"_jetpack_newsletter_access":"","jetpack_publicize_message":"","jetpack_is_tweetstorm":false,"jetpack_publicize_feature_enabled":true,"jetpack_social_post_already_shared":true,"jetpack_social_options":{"image_generator_settings":{"template":"highway","enabled":false}}},"categories":[2],"tags":[395,375,518,517,399,347,67,113],"jetpack_publicize_connections":[],"jetpack_featured_media_url":"https:\/\/i0.wp.com\/agrund.com\/wp-content\/uploads\/sites\/6\/2019\/07\/s-82.jpg?fit=960%2C300&ssl=1","jetpack_sharing_enabled":true,"jetpack_shortlink":"https:\/\/wp.me\/p3Hz0n-Q42","jetpack_likes_enabled":true,"_links":{"self":[{"href":"https:\/\/agrund.com\/index.php\/wp-json\/wp\/v2\/posts\/200138"}],"collection":[{"href":"https:\/\/agrund.com\/index.php\/wp-json\/wp\/v2\/posts"}],"about":[{"href":"https:\/\/agrund.com\/index.php\/wp-json\/wp\/v2\/types\/post"}],"author":[{"embeddable":true,"href":"https:\/\/agrund.com\/index.php\/wp-json\/wp\/v2\/users\/8"}],"replies":[{"embeddable":true,"href":"https:\/\/agrund.com\/index.php\/wp-json\/wp\/v2\/comments?post=200138"}],"version-history":[{"count":1,"href":"https:\/\/agrund.com\/index.php\/wp-json\/wp\/v2\/posts\/200138\/revisions"}],"predecessor-version":[{"id":200144,"href":"https:\/\/agrund.com\/index.php\/wp-json\/wp\/v2\/posts\/200138\/revisions\/200144"}],"wp:featuredmedia":[{"embeddable":true,"href":"https:\/\/agrund.com\/index.php\/wp-json\/wp\/v2\/media\/200143"}],"wp:attachment":[{"href":"https:\/\/agrund.com\/index.php\/wp-json\/wp\/v2\/media?parent=200138"}],"wp:term":[{"taxonomy":"category","embeddable":true,"href":"https:\/\/agrund.com\/index.php\/wp-json\/wp\/v2\/categories?post=200138"},{"taxonomy":"post_tag","embeddable":true,"href":"https:\/\/agrund.com\/index.php\/wp-json\/wp\/v2\/tags?post=200138"}],"curies":[{"name":"wp","href":"https:\/\/api.w.org\/{rel}","templated":true}]}}