{"id":200120,"date":"2019-07-24T15:00:51","date_gmt":"2019-07-24T18:00:51","guid":{"rendered":"https:\/\/www.agrund.com\/?p=200120"},"modified":"2019-07-24T15:08:41","modified_gmt":"2019-07-24T18:08:41","slug":"kylie-jenner-deve-lancar-produtos-para-as-unhas","status":"publish","type":"post","link":"https:\/\/agrund.com\/index.php\/kylie-jenner-deve-lancar-produtos-para-as-unhas\/","title":{"rendered":"Kylie Jenner deve lan\u00e7ar produtos para as unhas"},"content":{"rendered":"\n<p>Kylie Jenner adora compartilhar suas nail arts no Instagram e parece que essa paix\u00e3o se tornar\u00e1 o pr\u00f3ximo investimento da empres\u00e1ria.\u00a0<\/p>\n\n\n\n<p>De acordo com \u2018The Blast\u2019, a ca\u00e7ula da fam\u00edlia Kardashian-Jenner registrou uma nova marca dentro da Kylie Cosmetics para produzir itens de cuidado para as unhas, incluindo esmaltes e removedores, produtos de prepara\u00e7\u00e3o para as unhas e de fortalecimento, al\u00e9m de unhas de acr\u00edlico.<\/p>\n\n\n\n<p>Vale lembrar que h\u00e1 poucos meses, Kylie lan\u00e7ou sua marca de skincare e ela tamb\u00e9m j\u00e1 registrou uma linha de cabelos e de beb\u00ea (<a href=\"https:\/\/www.agrund.com\/kylie-jenner-vai-lancar-outra-marca\/\">AQUI<\/a>). Qual ser\u00e1 a primeira a chegar no mercado?<\/p>\n\n\n\n<div class=\"wp-block-image\"><figure class=\"aligncenter\"><img data-attachment-id=\"200121\" data-permalink=\"https:\/\/agrund.com\/index.php\/kylie-jenner-deve-lancar-produtos-para-as-unhas\/kylie-jenner-agrund\/\" data-orig-file=\"https:\/\/i0.wp.com\/agrund.com\/wp-content\/uploads\/sites\/6\/2019\/07\/kylie-jenner-agrund.jpg?fit=600%2C600&amp;ssl=1\" data-orig-size=\"600,600\" data-comments-opened=\"1\" data-image-meta=\"{&quot;aperture&quot;:&quot;0&quot;,&quot;credit&quot;:&quot;&quot;,&quot;camera&quot;:&quot;&quot;,&quot;caption&quot;:&quot;&quot;,&quot;created_timestamp&quot;:&quot;0&quot;,&quot;copyright&quot;:&quot;&quot;,&quot;focal_length&quot;:&quot;0&quot;,&quot;iso&quot;:&quot;0&quot;,&quot;shutter_speed&quot;:&quot;0&quot;,&quot;title&quot;:&quot;&quot;,&quot;orientation&quot;:&quot;1&quot;}\" data-image-title=\"kylie-jenner-agrund\" data-image-description=\"\" data-image-caption=\"\" data-medium-file=\"https:\/\/i0.wp.com\/agrund.com\/wp-content\/uploads\/sites\/6\/2019\/07\/kylie-jenner-agrund.jpg?fit=300%2C300&amp;ssl=1\" data-large-file=\"https:\/\/i0.wp.com\/agrund.com\/wp-content\/uploads\/sites\/6\/2019\/07\/kylie-jenner-agrund.jpg?fit=600%2C600&amp;ssl=1\" decoding=\"async\" loading=\"lazy\" width=\"600\" height=\"600\" src=\"https:\/\/i0.wp.com\/www.agrund.com\/wp-content\/uploads\/sites\/6\/2019\/07\/kylie-jenner-agrund.jpg?resize=600%2C600&#038;ssl=1\" alt=\"\" class=\"wp-image-200121\" srcset=\"https:\/\/i0.wp.com\/agrund.com\/wp-content\/uploads\/sites\/6\/2019\/07\/kylie-jenner-agrund.jpg?w=600&amp;ssl=1 600w, https:\/\/i0.wp.com\/agrund.com\/wp-content\/uploads\/sites\/6\/2019\/07\/kylie-jenner-agrund.jpg?resize=150%2C150&amp;ssl=1 150w, https:\/\/i0.wp.com\/agrund.com\/wp-content\/uploads\/sites\/6\/2019\/07\/kylie-jenner-agrund.jpg?resize=300%2C300&amp;ssl=1 300w\" sizes=\"(max-width: 600px) 100vw, 600px\" data-recalc-dims=\"1\" \/><figcaption>Kylie Jenner deve lan\u00e7ar produtos para as unhas<\/figcaption><\/figure><\/div>\n\n\n\n<p>Foto: Reprodu\u00e7\u00e3o\/ Kylie Jenner. <\/p>\n","protected":false},"excerpt":{"rendered":"<p>Kylie Jenner adora compartilhar suas nail arts no Instagram e parece que essa paix\u00e3o se tornar\u00e1 o pr\u00f3ximo investimento da empres\u00e1ria.\u00a0 De acordo com \u2018The Blast\u2019, a ca\u00e7ula da fam\u00edlia Kardashian-Jenner registrou uma nova marca dentro da Kylie Cosmetics para produzir itens de cuidado para as unhas, incluindo esmaltes e removedores, produtos de prepara\u00e7\u00e3o para [&hellip;]<\/p>\n","protected":false},"author":8,"featured_media":200122,"comment_status":"open","ping_status":"open","sticky":false,"template":"","format":"standard","meta":{"jetpack_post_was_ever_published":false,"_jetpack_newsletter_access":"","jetpack_publicize_message":"","jetpack_is_tweetstorm":false,"jetpack_publicize_feature_enabled":true,"jetpack_social_post_already_shared":true,"jetpack_social_options":{"image_generator_settings":{"template":"highway","enabled":false}}},"categories":[2],"tags":[395,375,353,352,509,505,507,506,510,508],"jetpack_publicize_connections":[],"jetpack_featured_media_url":"https:\/\/i0.wp.com\/agrund.com\/wp-content\/uploads\/sites\/6\/2019\/07\/s-79.jpg?fit=960%2C300&ssl=1","jetpack_sharing_enabled":true,"jetpack_shortlink":"https:\/\/wp.me\/p3Hz0n-Q3K","jetpack_likes_enabled":true,"_links":{"self":[{"href":"https:\/\/agrund.com\/index.php\/wp-json\/wp\/v2\/posts\/200120"}],"collection":[{"href":"https:\/\/agrund.com\/index.php\/wp-json\/wp\/v2\/posts"}],"about":[{"href":"https:\/\/agrund.com\/index.php\/wp-json\/wp\/v2\/types\/post"}],"author":[{"embeddable":true,"href":"https:\/\/agrund.com\/index.php\/wp-json\/wp\/v2\/users\/8"}],"replies":[{"embeddable":true,"href":"https:\/\/agrund.com\/index.php\/wp-json\/wp\/v2\/comments?post=200120"}],"version-history":[{"count":1,"href":"https:\/\/agrund.com\/index.php\/wp-json\/wp\/v2\/posts\/200120\/revisions"}],"predecessor-version":[{"id":200123,"href":"https:\/\/agrund.com\/index.php\/wp-json\/wp\/v2\/posts\/200120\/revisions\/200123"}],"wp:featuredmedia":[{"embeddable":true,"href":"https:\/\/agrund.com\/index.php\/wp-json\/wp\/v2\/media\/200122"}],"wp:attachment":[{"href":"https:\/\/agrund.com\/index.php\/wp-json\/wp\/v2\/media?parent=200120"}],"wp:term":[{"taxonomy":"category","embeddable":true,"href":"https:\/\/agrund.com\/index.php\/wp-json\/wp\/v2\/categories?post=200120"},{"taxonomy":"post_tag","embeddable":true,"href":"https:\/\/agrund.com\/index.php\/wp-json\/wp\/v2\/tags?post=200120"}],"curies":[{"name":"wp","href":"https:\/\/api.w.org\/{rel}","templated":true}]}}